{"id":437022,"date":"2025-10-03T20:42:17","date_gmt":"2025-10-03T20:42:17","guid":{"rendered":"https:\/\/www.europesays.com\/fr\/437022\/"},"modified":"2025-10-03T20:42:17","modified_gmt":"2025-10-03T20:42:17","slug":"charles-aznavour-sa-fille-katia-est-mariee-avec-le-cousin-de-faudel","status":"publish","type":"post","link":"https:\/\/www.europesays.com\/fr\/437022\/","title":{"rendered":"Charles Aznavour : sa fille Katia est mari\u00e9e avec le cousin de Faudel"},"content":{"rendered":"<p><strong>C&rsquo;\u00e9tait le 1er octobre 2018, il y a 7 ans d\u00e9j\u00e0.<\/strong> <a href=\"https:\/\/www.public.fr\/alerte-charles-aznavour-est-mort\" target=\"_blank\" rel=\"noopener\">\u00c0 l&rsquo;\u00e2ge de 94 ans, Charles Aznavour nous quittait<\/a>. Il \u00e9tait dans sa propri\u00e9t\u00e9 de Mouri\u00e8s (Bouches-du-Rh\u00f4ne). Parce qu&rsquo;il a rendu son dernier souffle pendant un bain, une autopsie a \u00e9t\u00e9 pratiqu\u00e9e.<\/p>\n<p>Et elle a r\u00e9v\u00e9l\u00e9 qu&rsquo;il avait eu \u00ab\u00a0un\u00a0\u0153d\u00e8me pulmonaire aigu responsable d&rsquo;une d\u00e9faillance cardio-respiratoire qui s&rsquo;est r\u00e9v\u00e9l\u00e9e \u00eatre au-dessus de toute ressource th\u00e9rapeutique\u00a0\u00bb. La superstar d&rsquo;origine arm\u00e9nienne avait eu droit \u00e0 <a href=\"https:\/\/vsd.fr\/63578-cest-criminel-un-proche-de-charles-aznavour-devoile-enfin-les-circonstances-tragiques-de-la-mort-du-chanteur\/\" target=\"_blank\" rel=\"noopener\">un hommage national sobre et vibrant<\/a> aux Invalides, habituellement destin\u00e9 aux militaires. <\/p>\n<p>C&rsquo;est le pr\u00e9sident Emmanuel Macron qui a prononc\u00e9 un discours, au cours de cette belle c\u00e9r\u00e9monie, le 5 octobre 2018. Il avait alors d\u00e9clar\u00e9 : Charles Aznavour aurait voulu vivre un si\u00e8cle, il se l\u2019\u00e9tait promis, il nous l\u2019avait promis comme un ultime d\u00e9fi lanc\u00e9 \u00e0 la vie\u00a0\u00bb. Et d&rsquo;ajouter : \u00ab\u00a0l\u2019\u00e2ge ne l\u2019avait pas emp\u00each\u00e9 de rire, de cr\u00e9er de vivre, mais \u00e0 quelques enc\u00e2blures, la mort est venue le chercher et nous avons \u00e9t\u00e9 surpris et tristes car nous n\u2019avions pas l\u2019habitude que sa volont\u00e9 ne s\u2019applique pas\u00a0\u00bb.<\/p>\n<p>\u00c0 la fin de la c\u00e9r\u00e9monie, le cercueil du d\u00e9funt ne quitte la cour <strong>au son de sa chanson \u00ab\u00a0Emmenez-moi\u00a0\u00bb.<\/strong> Sur place, il y avait le pr\u00e9sident et du Premier ministre arm\u00e9niens, respectivement Armen Sarkissian et Nikol Pachinian mais aussi et surtout la famille de Charles Aznavour. <strong>Sa veuve, Ulla, ainsi que ses enfants.<\/strong> <\/p>\n<p>Charles Aznavour mari\u00e9 trois fois<\/p>\n<p>Charles Aznavour s&rsquo;\u00e9tait mari\u00e9 trois fois. D&rsquo;abord, de son union avec Micheline Rugel Fromentin en 1946, il a eu une fille Patricia dite Seda en 1947. Puis, il eut une relation extra-conjugale avec une danseuse de cabaret, Arlette Bordais. L\u00e0 encore, un autre enfant, Patrick Bordais, voit le jour le 16 juillet 1951, \u00e0 Vincennes. <\/p>\n<p>Il le reconna\u00eetra neuf ans plus tard. Et 15 ans plus tard, c&rsquo;est un drame qui touche la famille, tandis que le corps de Patrick est retrouv\u00e9 en mai 1976 \u00e0 Neuilly-sur-Seine. Il a fait une surdose de drogue, \u00e0 l&rsquo;\u00e2ge de 25 ans. <\/p>\n<p>Entre temps, Charles Aznavour s&rsquo;est remari\u00e9 en octobre 1955. Il a \u00e9pous\u00e9 en secondes noces Evelyn Plessis avec qui il n&rsquo;aura pas d&rsquo;enfants. Arrive finalement en 1967, le grand amour avec la Su\u00e9doise Ulla Thorsell. Avec elle, il aura trois autres enfants, <strong>Katia en 1969, Misha en 1971 et Nicolas en 1977.<\/strong><\/p>\n<p>Lorsqu&rsquo;en 1964, il sort \u00ab\u00a0A ma fille\u00a0\u00bb, Katia n&rsquo;est pas encore n\u00e9e. Il y chante : \u00ab\u00a0Je sais qu&rsquo;un jour viendra, car la vie le commande, ce jour que j&rsquo;appr\u00e9hende o\u00f9 tu nous quitteras\u00a0\u00bb. Et il imagine le jour de mariage o\u00f9 un papa doit dire adieu \u00e0 sa fille. <\/p>\n<p>Le mariage de Katia \u00e0 Jean-Rachid<\/p>\n<p>C&rsquo;est un moment que Charles Aznavour a v\u00e9cu plus d&rsquo;une fois au cours de sa vie. Et notamment le 29 avril 2006. Ce jour-l\u00e0, <strong>sa fille Katia \u00e9pousait Jean-Rachid,<\/strong> son compagnon depuis quatre ans avec qui elle a eu une petite Leila. <\/p>\n<p>Et comme le veut la tradition, c&rsquo;est Charles Aznavour, son papa, qui a conduit sa fille \u00e0 l&rsquo;autel. La c\u00e9r\u00e9monie a eu lieu \u00e0 Paris <strong>\u00e0 la mairie du XVI\u00e8me<\/strong>. Et il est arriv\u00e9 \u00e0 bord d&rsquo;une Mercedes noire de circonstance. <\/p>\n<p>Si Charles Aznavour chantait sa tristesse dans la chanson, l&rsquo;heure \u00e9tait bien \u00e0 la f\u00eate, ce jour-l\u00e0. Et les invit\u00e9s ont ensuite rejoint le <strong>Pavillon Royal dans le bois de Boulogne <\/strong>pour danser et chanter autour des mari\u00e9s. <\/p>\n<p>Un producteur influent<\/p>\n<p>Sur place, il y avait pas moins de deux cents personnes et quelques stars comme le chanteur Dany Brillant, le rappeur Stomy Bugsy ou encore le judoka Djamel Bourras. Pour compl\u00e9ter le casting, les mari\u00e9s ont convi\u00e9 les com\u00e9diens G\u00e9rard Darmon et Jean-Claude Brialy. Et bien s\u00fbr, <strong>le petit prince du ra\u00ef, alias Faudel,<\/strong> qui n&rsquo;est autre que le cousin du mari\u00e9, \u00e9tait \u00e9galement \u00e0 la noce.<\/p>\n<p>Katia Aznavour a pass\u00e9 la bague au doigt de l&rsquo;humoriste et producteur de musique et de cin\u00e9ma, Jean-Rachid Kallouche. C&rsquo;est lui qui avait notamment produit le film <strong>\u00ab\u00a0Monsieur Aznavour\u00a0\u00bb de Grand Corps Malade et Mehdi Idir, en 2024.<\/strong> Dans le r\u00f4le titre, son ami Tahar Rahim. Une nouvelle collaboration avec le tandem de r\u00e9alisateur, dont il avait d\u00e9j\u00e0 produit Patients en 2017 et La Vie scolaire en 2019.<\/p>\n<p>De son c\u00f4t\u00e9, Katia Aznavour est loin d&rsquo;\u00eatre une inconnue dans le milieu de le musique. Elle qui a h\u00e9rit\u00e9 de la blondeur su\u00e9doise de sa m\u00e8re, Ulla, a \u00e9galement re\u00e7u la fibre artistique de son p\u00e8re, en h\u00e9ritage. Et de fait, <strong>elle a tr\u00e8s souvent accompagn\u00e9 son papa lors de ses tourn\u00e9es, en tant que choriste<\/strong>. <\/p>\n<p>      Mentionn\u00e9s dans cet article<\/p>\n<p>      Sur le m\u00eame sujet<\/p>\n","protected":false},"excerpt":{"rendered":"C&rsquo;\u00e9tait le 1er octobre 2018, il y a 7 ans d\u00e9j\u00e0. \u00c0 l&rsquo;\u00e2ge de 94 ans, Charles Aznavour&hellip;\n","protected":false},"author":2,"featured_media":437023,"comment_status":"","ping_status":"","sticky":false,"template":"","format":"standard","meta":{"footnotes":""},"categories":[1359],"tags":[11775,58,59,56441,1011,27,973,16444],"class_list":{"0":"post-437022","1":"post","2":"type-post","3":"status-publish","4":"format-standard","5":"has-post-thumbnail","7":"category-people","8":"tag-charles-aznavour","9":"tag-divertissement","10":"tag-entertainment","11":"tag-faudel","12":"tag-fr","13":"tag-france","14":"tag-people","15":"tag-tahar-rahim"},"share_on_mastodon":{"url":"https:\/\/pubeurope.com\/@fr\/115312180889320898","error":""},"_links":{"self":[{"href":"https:\/\/www.europesays.com\/fr\/wp-json\/wp\/v2\/posts\/437022","targetHints":{"allow":["GET"]}}],"collection":[{"href":"https:\/\/www.europesays.com\/fr\/wp-json\/wp\/v2\/posts"}],"about":[{"href":"https:\/\/www.europesays.com\/fr\/wp-json\/wp\/v2\/types\/post"}],"author":[{"embeddable":true,"href":"https:\/\/www.europesays.com\/fr\/wp-json\/wp\/v2\/users\/2"}],"replies":[{"embeddable":true,"href":"https:\/\/www.europesays.com\/fr\/wp-json\/wp\/v2\/comments?post=437022"}],"version-history":[{"count":0,"href":"https:\/\/www.europesays.com\/fr\/wp-json\/wp\/v2\/posts\/437022\/revisions"}],"wp:featuredmedia":[{"embeddable":true,"href":"https:\/\/www.europesays.com\/fr\/wp-json\/wp\/v2\/media\/437023"}],"wp:attachment":[{"href":"https:\/\/www.europesays.com\/fr\/wp-json\/wp\/v2\/media?parent=437022"}],"wp:term":[{"taxonomy":"category","embeddable":true,"href":"https:\/\/www.europesays.com\/fr\/wp-json\/wp\/v2\/categories?post=437022"},{"taxonomy":"post_tag","embeddable":true,"href":"https:\/\/www.europesays.com\/fr\/wp-json\/wp\/v2\/tags?post=437022"}],"curies":[{"name":"wp","href":"https:\/\/api.w.org\/{rel}","templated":true}]}}