{"id":437024,"date":"2025-10-03T20:43:26","date_gmt":"2025-10-03T20:43:26","guid":{"rendered":"https:\/\/www.europesays.com\/fr\/437024\/"},"modified":"2025-10-03T20:43:26","modified_gmt":"2025-10-03T20:43:26","slug":"jai-eu-un-choc-a-fribourg","status":"publish","type":"post","link":"https:\/\/www.europesays.com\/fr\/437024\/","title":{"rendered":"\u00abJ&rsquo;ai eu un choc \u00e0 Fribourg\u00bb"},"content":{"rendered":"<p><img decoding=\"async\" src=\"https:\/\/www.europesays.com\/fr\/wp-content\/uploads\/2025\/10\/782651844630155.webp\" fetchpriority=\"high\" width=\"1778\" height=\"1000\" alt=\"En 2024, Justine Zamataro cr\u00e9e \u00abvisit my place\u00bb sur les r\u00e9seaux sociaux.\" data-image-id=\"782651844630155\" class=\"watson-snippet__image bg-grey-10 block h-auto w-full \"\/><\/p>\n<p>En 2024, Justine Zamataro cr\u00e9e \u00abvisit my place\u00bb sur les r\u00e9seaux sociaux.Image: watson\/Justine Zamataro<\/p>\n<p>Avec \u00abvisit my place\u00bb, Justine se donne pour mission de mettre en lumi\u00e8re les int\u00e9rieurs des Suisses sur les r\u00e9seaux sociaux. Le but? Montrer que notre fibre artistique n&rsquo;a rien \u00e0 envier \u00e0 nos grands voisins europ\u00e9ens. Pr\u00e9sentation et visites guid\u00e9es.<\/p>\n<p>28.09.2025, 07:0828.09.2025, 11:59<\/p>\n<p><img decoding=\"async\" src=\"https:\/\/www.europesays.com\/fr\/wp-content\/uploads\/2025\/10\/3800714983705919.webp\" alt=\"Alyssa Garcia\" width=\"50\" height=\"50\" loading=\"lazy\" class=\"h-auto w-14 rounded-full\"\/><\/p>\n<p>Suivez-moi<\/p>\n<p class=\"watson-snippet__text my-6 text-[16px] lg:text-[18px] leading-normal md:w-3\/5\"><strong>\u00abUn jour, j&rsquo;arrive \u00e0 Estavayer-le-Lac et je tombe sous le charme\u00bb<\/strong>, se souvient Justine Zamataro, une neuch\u00e2teloise de 32 ans qui vit d\u00e9sormais \u00e0 Fribourg. Ce qui fait chavirer le c\u0153ur de cette sp\u00e9cialiste en relations publiques, un soir de novembre 2024? L&rsquo;appartement d&rsquo;un ami \u00e0 la d\u00e9coration \u00abos\u00e9e\u00bb \u2013 un mur orange \u00abstyle Marrakech\u00bb retient particuli\u00e8rement son attention. Elle a imm\u00e9diatement envie de tout prendre en photo. <\/p>\n<p class=\"watson-snippet__text my-6 text-[16px] lg:text-[18px] leading-normal md:w-3\/5\">\u00abJ&rsquo;\u00e9tais dans une p\u00e9riode durant laquelle j&rsquo;avais besoin d&rsquo;\u00eatre inspir\u00e9e, se souvient-elle. Des villes comme Paris ou Londres me nourrissaient plus que mon pays.\u00bb Mais la demeure de son ami lui fait changer d&rsquo;\u00e9tat d&rsquo;esprit:<\/p>\n<p>\u00abJe me suis rendu compte que mes proches avaient des int\u00e9rieurs atypiques, diff\u00e9rents, inspirants. En Suisse, les gens ont du go\u00fbt. Il y a un potentiel \u00e9norme et beaucoup de cr\u00e9ativit\u00e9. C&rsquo;est dommage que ces lieux de vie ne soient pas vus.\u00bb<\/p>\n<p>Justine Zamataro, fondatrice de \u00abvisit my place\u00bb.<\/p>\n<p class=\"watson-snippet__text my-6 text-[16px] lg:text-[18px] leading-normal md:w-3\/5\"><strong>C&rsquo;est le d\u00e9but de <a target=\"_blank\" rel=\"nofollow noopener\" href=\"https:\/\/www.instagram.com\/visit_myplace\/\" class=\"\">son projet \u00abvisit my place\u00bb<\/a><\/strong>, dont la mission est de pr\u00e9senter sur Instagram et <a target=\"_blank\" rel=\"nofollow noopener\" href=\"https:\/\/www.tiktok.com\/@visit_myplace\" class=\"\">TikTok<\/a> les habitations des Suisses et les personnes qui y vivent.<\/p>\n<p>\u00abLes gens m&rsquo;\u00e9crivent pour que je vienne chez eux\u00bb<\/p>\n<p class=\"watson-snippet__text my-6 text-[16px] lg:text-[18px] leading-normal md:w-3\/5\">L&rsquo;id\u00e9e se concr\u00e9tise rapidement. La premi\u00e8re vid\u00e9o est post\u00e9e dans la foul\u00e9e sur les r\u00e9seaux sociaux. Dans les mois qui suivent, d&rsquo;autres visites virtuelles viennent s&rsquo;ajouter: le 4 pi\u00e8ces et demi de Marie \u00e0 La Chaux-de-Fonds, dont le parquet ancien et les moulures aux plafonds n&rsquo;ont rien \u00e0 envier aux int\u00e9rieurs parisiens. L&rsquo;immense six pi\u00e8ces gorg\u00e9 de lumi\u00e8re de Diana \u00e0 Gen\u00e8ve. L&rsquo;ancienne ferme du 19\u00e8me si\u00e8cle en plein c\u0153ur du village m\u00e9di\u00e9val d&rsquo;Estavayer-le-Lac, enti\u00e8rement r\u00e9nov\u00e9e par Catherine et Jo. Ou encore l&rsquo;appartement aux tons bois\u00e9s de Raquel \u00e0 Zurich.<\/p>\n<p>On vous fait visiter:<\/p>\n<p>Vid\u00e9o: watson<\/p>\n<p class=\"watson-snippet__text my-6 text-[16px] lg:text-[18px] leading-normal md:w-3\/5\"><strong>Un coup d&rsquo;\u0153il chez les Suisses couronn\u00e9 de succ\u00e8s:<\/strong><\/p>\n<p>\u00abJ&rsquo;ai \u00e9t\u00e9 surprise de l&rsquo;int\u00e9r\u00eat. A la base, c&rsquo;\u00e9tait un hobby. Aujourd&rsquo;hui, les gens m&rsquo;\u00e9crivent pour que je vienne chez eux. Ma derni\u00e8re vid\u00e9o a cumul\u00e9 plus de 300 000 vues sur TikTok\u00bb<\/p>\n<p>Justine Zamataro<\/p>\n<p class=\"watson-snippet__text my-6 text-[16px] lg:text-[18px] leading-normal md:w-3\/5\">En effet, nombreux sont celles et ceux qui raffolent de ce type de contenu. Les visites r\u00e9alis\u00e9es par Architectural Digest ou Vogue sur YouTube, par exemple, d\u00e9passent souvent le million de vues. Justine ne souhaite toutefois pas s&rsquo;inscrire dans la lign\u00e9e de ces grands magazines, qui se focalisent sur les somptueux logis de stars. <strong>Au contraire:<\/strong><\/p>\n<p>\u00abJe trouvais dommage qu&rsquo;il n&rsquo;existe pas d&rsquo;entre-deux, qu&rsquo;on ne pr\u00e9sente que des logements qui valent des milliers de francs. Mon but est de montrer des endroits auxquels les gens peuvent s&rsquo;identifier\u00bb<\/p>\n<p>Justine Zamataro<\/p>\n<p class=\"watson-snippet__text my-6 text-[16px] lg:text-[18px] leading-normal md:w-3\/5\">Outre le c\u00f4t\u00e9 local, un autre facteur, culturel cette fois-ci, permet d&rsquo;expliquer pourquoi les vid\u00e9os de Justine fonctionnent: <strong>la possibilit\u00e9 de guigner dans une intimit\u00e9 helv\u00e9tique si pr\u00e9cieusement gard\u00e9e.<\/strong> <\/p>\n<p>\u00abEn Suisse, nous sommes pudiques. Pour qu&rsquo;une personne t&rsquo;ouvre les portes de son int\u00e9rieur, tout doit \u00eatre nettoy\u00e9, les courses doivent \u00eatre faites. Et puis, il faut passer des paliers, contrairement \u00e0 d&rsquo;autres pays comme la France o\u00f9 les gens t&rsquo;invitent plus facilement.\u00bb<\/p>\n<p>Justine Zamataro<\/p>\n<p>Le \u00abchoc\u00bb fribourgeois<\/p>\n<p class=\"watson-snippet__text my-6 text-[16px] lg:text-[18px] leading-normal md:w-3\/5\">Il faut croire que la mise en lumi\u00e8re de Justine, simple et humble comme elle aime la d\u00e9crire, lui a permis d&rsquo;obtenir la confiance de celles et ceux qui l&rsquo;accueillent dor\u00e9navant \u00e0 bras ouverts. <\/p>\n<p class=\"watson-snippet__text my-6 text-[16px] lg:text-[18px] leading-normal md:w-3\/5\">Une relation donnant-donnant, puisque qu&rsquo;elle a permis \u00e0 la Romande de d\u00e9couvrir des lieux qui l&rsquo;ont laiss\u00e9e sans voix. Lorsqu&rsquo;on lui demande de citer un coup de c\u0153ur, ses yeux s&rsquo;illuminent et elle d\u00e9crit avec un enthousiasme contagieux les beaut\u00e9s architecturales de sa ville d&rsquo;accueil: Fribourg. <strong>\u00abJ&rsquo;ai eu un choc lorsque je d\u00e9couvert le patrimoine historique fribourgeois\u00bb<\/strong>, raconte-t-elle.<\/p>\n<p>\u00abLes appartements sont grandioses. Tu peux avoir des vitraux m\u00e9di\u00e9vaux chez toi! Moi, j&rsquo;ai une tourelle dans mon salon. C&rsquo;est somptueux. Chapeau, Fribourg\u00bb<\/p>\n<p>La tourelle en question:<img decoding=\"async\" src=\"https:\/\/www.europesays.com\/fr\/wp-content\/uploads\/2025\/10\/6645384727699724.webp\" loading=\"lazy\" width=\"1502\" height=\"998\" alt=\"Tourelle Fribourg appartement.\" data-image-id=\"6645384727699724\" class=\"watson-snippet__image bg-grey-10 block h-auto w-full \"\/><\/p>\n<p>Image: Justine Zamataro<\/p>\n<p>L&rsquo;appartement de Justine \u00e0 Fribourg:<\/p>\n<p class=\"watson-snippet__text my-6 text-[16px] lg:text-[18px] leading-normal md:w-3\/5\">Dans les mois \u00e0 venir, Justine pr\u00e9voit de continuer \u00e0 sillonner le pays \u00e0 la recherche de nouvelles p\u00e9pites. Certaines ont d&rsquo;ailleurs d\u00e9j\u00e0 \u00e9t\u00e9 trouv\u00e9es, comme cette maison nich\u00e9e au-dessus d&rsquo;un ch\u00e2teau \u00e0 Vevey. <strong>Un bien immobilier qui a de fortes chances de permettre au canton de Vaud de d\u00e9tr\u00f4ner Fribourg.<\/strong><\/p>\n<p>Plus d&rsquo;articles Soci\u00e9t\u00e9? L&rsquo;actu c&rsquo;est par ici <\/p>\n<p><script async src=\"\/\/www.instagram.com\/embed.js\"><\/script><script async src=\"\/\/www.tiktok.com\/embed.js\"><\/script><\/p>\n","protected":false},"excerpt":{"rendered":"En 2024, Justine Zamataro cr\u00e9e \u00abvisit my place\u00bb sur les r\u00e9seaux sociaux.Image: watson\/Justine Zamataro Avec \u00abvisit my place\u00bb,&hellip;\n","protected":false},"author":2,"featured_media":437025,"comment_status":"","ping_status":"","sticky":false,"template":"","format":"standard","meta":{"footnotes":""},"categories":[1358],"tags":[1348,1384,1385,1386,58,59,1011,27],"class_list":{"0":"post-437024","1":"post","2":"type-post","3":"status-publish","4":"format-standard","5":"has-post-thumbnail","7":"category-arts-et-design","8":"tag-arts","9":"tag-arts-and-design","10":"tag-arts-et-design","11":"tag-design","12":"tag-divertissement","13":"tag-entertainment","14":"tag-fr","15":"tag-france"},"share_on_mastodon":{"url":"https:\/\/pubeurope.com\/@fr\/115312185770650473","error":""},"_links":{"self":[{"href":"https:\/\/www.europesays.com\/fr\/wp-json\/wp\/v2\/posts\/437024","targetHints":{"allow":["GET"]}}],"collection":[{"href":"https:\/\/www.europesays.com\/fr\/wp-json\/wp\/v2\/posts"}],"about":[{"href":"https:\/\/www.europesays.com\/fr\/wp-json\/wp\/v2\/types\/post"}],"author":[{"embeddable":true,"href":"https:\/\/www.europesays.com\/fr\/wp-json\/wp\/v2\/users\/2"}],"replies":[{"embeddable":true,"href":"https:\/\/www.europesays.com\/fr\/wp-json\/wp\/v2\/comments?post=437024"}],"version-history":[{"count":0,"href":"https:\/\/www.europesays.com\/fr\/wp-json\/wp\/v2\/posts\/437024\/revisions"}],"wp:featuredmedia":[{"embeddable":true,"href":"https:\/\/www.europesays.com\/fr\/wp-json\/wp\/v2\/media\/437025"}],"wp:attachment":[{"href":"https:\/\/www.europesays.com\/fr\/wp-json\/wp\/v2\/media?parent=437024"}],"wp:term":[{"taxonomy":"category","embeddable":true,"href":"https:\/\/www.europesays.com\/fr\/wp-json\/wp\/v2\/categories?post=437024"},{"taxonomy":"post_tag","embeddable":true,"href":"https:\/\/www.europesays.com\/fr\/wp-json\/wp\/v2\/tags?post=437024"}],"curies":[{"name":"wp","href":"https:\/\/api.w.org\/{rel}","templated":true}]}}