{"id":437026,"date":"2025-10-03T20:44:24","date_gmt":"2025-10-03T20:44:24","guid":{"rendered":"https:\/\/www.europesays.com\/fr\/437026\/"},"modified":"2025-10-03T20:44:24","modified_gmt":"2025-10-03T20:44:24","slug":"philippe-gloaguen-vend-sa-marque-le-routard-a-hachette-livre","status":"publish","type":"post","link":"https:\/\/www.europesays.com\/fr\/437026\/","title":{"rendered":"Philippe Gloaguen vend sa marque Le Routard \u00e0 Hachette Livre"},"content":{"rendered":"<p>                         <img loading=\"lazy\" decoding=\"async\" src=\"https:\/\/www.europesays.com\/fr\/wp-content\/uploads\/2025\/10\/84fcb65_upload-1-oboa5l1yiseo-maxnewsworldfive766763.jpg\" alt=\"Philippe Gloaguen, cofondateur du Guide du routard dans son bureau, \u00e0 Paris, le 2\u00a0ao\u00fbt 2022.\"   width=\"664\" height=\"443\"\/>    Philippe Gloaguen, cofondateur du Guide du routard dans son bureau, \u00e0 Paris, le 2\u00a0ao\u00fbt 2022.  MARC OLLIVIER\/\u00ab\u00a0OUEST FRANCE\u00a0\u00bb\/MAXPPP                 <\/p>\n<p class=\"article__paragraph  \">C\u2019est un succ\u00e8s aussi incontournable que durable de l\u2019\u00e9dition fran\u00e7aise. Cocr\u00e9\u00e9 par Philippe Gloaguen en\u00a01973 et \u00e9dit\u00e9 depuis 1975\u00a0par Hachette Livre, Le Routard s\u2019est impos\u00e9 dans les guides de tourisme et propose aujourd\u2019hui une collection de plus de 160\u00a0r\u00e9f\u00e9rences, sans compter les beaux livres et les hors-s\u00e9rie. Au total 1,6\u00a0million d\u2019exemplaires ont \u00e9t\u00e9 vendus en\u00a02024. Hachette Livre a annonc\u00e9, vendredi 3\u00a0octobre, avoir acquis la marque Le\u00a0Routard et port\u00e9 \u00e0 100\u00a0% sa participation dans la soci\u00e9t\u00e9 Cyberterre, \u00e9ditrice du site Routard.com.<\/p>\n<p class=\"article__paragraph  \">Selon le groupe Hachette Livre, cette op\u00e9ration dont le montant n\u2019a pas \u00e9t\u00e9 d\u00e9voil\u00e9 doit permettre \u00ab\u00a0d\u2019assurer la continuit\u00e9 et le rayonnement durable de l\u2019\u0153uvre de Philippe Gloaguen\u00a0\u00bb, qui prend donc sa retraite \u00e0 74\u00a0ans. L\u2019\u00e9quipe, elle, ne changera pas. Le groupe Hachette, filiale de Vivendi lui-m\u00eame d\u00e9tenu par la famille de Vincent Bolllor\u00e9, s\u2019engage \u00e0 \u00ab\u00a0pr\u00e9server l\u2019identit\u00e9 du Routard ainsi que les valeurs qui ont forg\u00e9 son succ\u00e8s\u00a0\u00bb.<strong> <\/strong>Tous deux d\u2019origine bretonne, plus pr\u00e9cis\u00e9ment du Sud du Finist\u00e8re, les chefs d\u2019entreprise se connaissent de longue date. \u00ab\u00a0Il a ses convictions, on a les n\u00f4tres\u00a0\u00bb, explique Philippe Gloaguen. \u00ab\u00a0Sa prise de pouvoir chez Hachette ne m\u2019a jamais inqui\u00e9t\u00e9. Ils sont partants sur tous nos projets\u00a0\u00bb, ajoute-t-il.<\/p>\n<p class=\"reading-mode-only \"><strong>Il vous reste 68.73% de cet article \u00e0 lire. La suite est r\u00e9serv\u00e9e aux abonn\u00e9s.<\/strong><\/p>\n","protected":false},"excerpt":{"rendered":"Philippe Gloaguen, cofondateur du Guide du routard dans son bureau, \u00e0 Paris, le 2\u00a0ao\u00fbt 2022. MARC OLLIVIER\/\u00ab\u00a0OUEST FRANCE\u00a0\u00bb\/MAXPPP&hellip;\n","protected":false},"author":2,"featured_media":437027,"comment_status":"","ping_status":"","sticky":false,"template":"","format":"standard","meta":{"footnotes":""},"categories":[1357],"tags":[1379,58,59,1011,27,1380],"class_list":{"0":"post-437026","1":"post","2":"type-post","3":"status-publish","4":"format-standard","5":"has-post-thumbnail","7":"category-livres","8":"tag-books","9":"tag-divertissement","10":"tag-entertainment","11":"tag-fr","12":"tag-france","13":"tag-livres"},"share_on_mastodon":{"url":"https:\/\/pubeurope.com\/@fr\/115312188915474193","error":""},"_links":{"self":[{"href":"https:\/\/www.europesays.com\/fr\/wp-json\/wp\/v2\/posts\/437026","targetHints":{"allow":["GET"]}}],"collection":[{"href":"https:\/\/www.europesays.com\/fr\/wp-json\/wp\/v2\/posts"}],"about":[{"href":"https:\/\/www.europesays.com\/fr\/wp-json\/wp\/v2\/types\/post"}],"author":[{"embeddable":true,"href":"https:\/\/www.europesays.com\/fr\/wp-json\/wp\/v2\/users\/2"}],"replies":[{"embeddable":true,"href":"https:\/\/www.europesays.com\/fr\/wp-json\/wp\/v2\/comments?post=437026"}],"version-history":[{"count":0,"href":"https:\/\/www.europesays.com\/fr\/wp-json\/wp\/v2\/posts\/437026\/revisions"}],"wp:featuredmedia":[{"embeddable":true,"href":"https:\/\/www.europesays.com\/fr\/wp-json\/wp\/v2\/media\/437027"}],"wp:attachment":[{"href":"https:\/\/www.europesays.com\/fr\/wp-json\/wp\/v2\/media?parent=437026"}],"wp:term":[{"taxonomy":"category","embeddable":true,"href":"https:\/\/www.europesays.com\/fr\/wp-json\/wp\/v2\/categories?post=437026"},{"taxonomy":"post_tag","embeddable":true,"href":"https:\/\/www.europesays.com\/fr\/wp-json\/wp\/v2\/tags?post=437026"}],"curies":[{"name":"wp","href":"https:\/\/api.w.org\/{rel}","templated":true}]}}