{"id":437028,"date":"2025-10-03T20:45:54","date_gmt":"2025-10-03T20:45:54","guid":{"rendered":"https:\/\/www.europesays.com\/fr\/437028\/"},"modified":"2025-10-03T20:45:54","modified_gmt":"2025-10-03T20:45:54","slug":"michele-bernier-en-dit-plus-sur-la-saison-11-actuellement-en-tournage","status":"publish","type":"post","link":"https:\/\/www.europesays.com\/fr\/437028\/","title":{"rendered":"Mich\u00e8le Bernier en dit plus sur la saison 11, actuellement en tournage"},"content":{"rendered":"<p class=\"articleContent-meta\">\n        Mardi 30 septembre 2025 \u00e0 11:38 &#8211; par             <a class=\"articleContent-metaAuthorsLink\" href=\"https:\/\/www.cesoirtv.com\/auteur\/thomas-fourcroy\/\" target=\"_blank\" rel=\"noopener\">Thomas Fourcroy<\/a><\/p>\n<p>                    Tweeter<\/p>\n<p>                    Partager sur Facebook<\/p>\n<p>                        <img decoding=\"async\" src=\"https:\/\/www.europesays.com\/fr\/wp-content\/uploads\/2025\/10\/la-stagiaire-le-bien-par-le-mal-30-septembre.jpg\" alt=\"Player Video\" class=\"player-applyRatio poster exclude-seedtag\"\/><\/p>\n<p>Le mardi 30 septembre \u00e0 21h10, France 3 diffuse un nouvel \u00e9pisode de La stagiaire. Le dernier volet de la saison 10, ce qui nous pousse d\u00e9j\u00e0 \u00e0 d\u00e9nicher des infos sur la suite de la s\u00e9rie&#8230; <\/p>\n<p>Toutes les bonnes choses ont une fin&#8230; Y compris du c\u00f4t\u00e9 de nos s\u00e9ries favorites. Ainsi, ce mardi 20 septembre \u00e0 21h10, on fera face au dernier \u00e9pisode de la saison 10 de <a href=\"https:\/\/www.cesoirtv.com\/news\/series\/4106-la-stagiaire-pourquoi-michele-bernier-constance-et-antoine-hamel-boris-ne-se-tutoient-toujours-pas-on-a-la-reponse\/\" target=\"_blank\" rel=\"noopener\">La stagiaire<\/a>. Intitul\u00e9e Le bien par le mal, cette aventure sign\u00e9e Alexandre Pidoux comptera sur <a href=\"https:\/\/www.cesoirtv.com\/news\/series\/4071-la-stagiaire-l-episode-du-soir-est-tres-special-pour-antoine-hamel-qui-revele-pourquoi\/\" target=\"_blank\" rel=\"noopener\">Antoine Hamel<\/a>, <a href=\"https:\/\/www.cesoirtv.com\/news\/series\/556-philippe-lelievre-bart-dans-la-stagiaire-a-rencontre-sa-femme-a-la-star-academy\/\" target=\"_blank\" rel=\"noopener\">Philippe Leli\u00e8vre<\/a>, <a href=\"https:\/\/www.cesoirtv.com\/news\/series\/708-la-stagiaire-michele-bernier-devoile-le-petit-secret-de-nicolas-marie-en-tournage\/\" target=\"_blank\" rel=\"noopener\">Nicolas Mari\u00e9<\/a>, Soraya Garlenq, Cl\u00e9ment Moreau, G\u00e9raldine Loup, Jeanne Lambert, J\u00e9r\u00e9mie Poppe, mais aussi <a href=\"https:\/\/www.cesoirtv.com\/news\/series\/153-meurtres-a-olivier-sitruk-a-t-il-un-lien-de-parente-avec-lacteur-jules-sitruk\/\" target=\"_blank\" rel=\"noopener\">Olivier Sitruk<\/a> en guest du jour. \u00c9videmment, <a href=\"https:\/\/www.cesoirtv.com\/news\/series\/2370-michele-bernier-et-bruno-gaccio-une-relation-entre-amour-trahison-et-reconciliation\/\" target=\"_blank\" rel=\"noopener\">Mich\u00e8le Bernier<\/a>, la star du show, sera au rendez-vous. Une actrice qui en a d\u00e9j\u00e0 dit plus sur le prochain tome de la s\u00e9rie, actuellement en tournage !<\/p>\n<p>La stagiaire : un final explosif pour la saison 10 !<\/p>\n<p>Qu&rsquo;on se le dise, ce sixi\u00e8me et dernier \u00e9pisode de la saison 10 ne sera pas de tout repos&#8230; En effet, tout commencera avec la mort suspecte d&rsquo;un procureur de la r\u00e9publique. Un homme qui \u00e9tait par ailleurs un ancien camarade d\u2019\u00e9cole de Quiring&#8230; Les investigations sur son assassinat dirigeront la stagiaire Constance Meyer \u00e0 ausculter sa propre vie, l\u00e0 o\u00f9 se cachent quelques r\u00e9ponses sur l&rsquo;affaire. En marge de ce dossier plus que complexe, Lola, recueillie par Barth, devra se pr\u00e9parer \u00e0 passer en jugement. Elle pourra compter sur l&rsquo;aide de ce dernier, mais \u00e9galement sur celle d&rsquo;Antoine.<\/p>\n<p>                                Mich\u00e8le Bernier : \u00ab\u00a0La vie de Constance va \u00eatre pas mal boulevers\u00e9e\u00a0\u00bb<\/p>\n<p>Un \u00e9pisode tout feu, tout flamme, rien de mieux pour cl\u00f4turer la saison 10 de La stagiaire. Une s\u00e9rie dont le onzi\u00e8me tome est actuellement en tournage et sur lequel Mich\u00e8le Bernier a l\u00e2ch\u00e9 quelques indices. Interview\u00e9e \u00e0 ce sujet par T\u00e9l\u00e9 7 jours, l&rsquo;interpr\u00e8te de Constance a r\u00e9pondu sans langue de bois : \u00ab\u00a0Sans rien &lsquo;divulg\u00e2cher&rsquo;, je peux juste vous dire que la vie de Constance va \u00eatre pas mal boulevers\u00e9e quand elle va d\u00e9couvrir l\u2019existence d\u2019un fr\u00e8re inconnu. Sinon, on va se balader dans de nouveaux milieux. Aujourd\u2019hui, par exemple, on tournait des sc\u00e8nes de pole dance. Je vous rassure, ce n\u2019est pas moi qui danse. (Rires) On ira aussi dans le milieu du street art. Mon personnage d\u00e9couvre d\u2019autres vies que la sienne.\u00a0\u00bb Voil\u00e0 de quoi titiller notre curiosit\u00e9 !<\/p>\n","protected":false},"excerpt":{"rendered":"Mardi 30 septembre 2025 \u00e0 11:38 &#8211; par Thomas Fourcroy Tweeter Partager sur Facebook Le mardi 30 septembre&hellip;\n","protected":false},"author":2,"featured_media":437029,"comment_status":"","ping_status":"","sticky":false,"template":"","format":"standard","meta":{"footnotes":""},"categories":[1356],"tags":[1409,58,59,1011,27,876,56442,56396,56443,56395,252,1364],"class_list":{"0":"post-437028","1":"post","2":"type-post","3":"status-publish","4":"format-standard","5":"has-post-thumbnail","7":"category-television","8":"tag-bande-annonce","9":"tag-divertissement","10":"tag-entertainment","11":"tag-fr","12":"tag-france","13":"tag-france-3","14":"tag-infos-su00e9ries","15":"tag-la-stagiaire","16":"tag-la-stagiaire-1100575941","17":"tag-michu00e8le-bernier","18":"tag-television","19":"tag-tv"},"share_on_mastodon":{"url":"https:\/\/pubeurope.com\/@fr\/115312197560718872","error":""},"_links":{"self":[{"href":"https:\/\/www.europesays.com\/fr\/wp-json\/wp\/v2\/posts\/437028","targetHints":{"allow":["GET"]}}],"collection":[{"href":"https:\/\/www.europesays.com\/fr\/wp-json\/wp\/v2\/posts"}],"about":[{"href":"https:\/\/www.europesays.com\/fr\/wp-json\/wp\/v2\/types\/post"}],"author":[{"embeddable":true,"href":"https:\/\/www.europesays.com\/fr\/wp-json\/wp\/v2\/users\/2"}],"replies":[{"embeddable":true,"href":"https:\/\/www.europesays.com\/fr\/wp-json\/wp\/v2\/comments?post=437028"}],"version-history":[{"count":0,"href":"https:\/\/www.europesays.com\/fr\/wp-json\/wp\/v2\/posts\/437028\/revisions"}],"wp:featuredmedia":[{"embeddable":true,"href":"https:\/\/www.europesays.com\/fr\/wp-json\/wp\/v2\/media\/437029"}],"wp:attachment":[{"href":"https:\/\/www.europesays.com\/fr\/wp-json\/wp\/v2\/media?parent=437028"}],"wp:term":[{"taxonomy":"category","embeddable":true,"href":"https:\/\/www.europesays.com\/fr\/wp-json\/wp\/v2\/categories?post=437028"},{"taxonomy":"post_tag","embeddable":true,"href":"https:\/\/www.europesays.com\/fr\/wp-json\/wp\/v2\/tags?post=437028"}],"curies":[{"name":"wp","href":"https:\/\/api.w.org\/{rel}","templated":true}]}}