{"id":437030,"date":"2025-10-03T20:46:31","date_gmt":"2025-10-03T20:46:31","guid":{"rendered":"https:\/\/www.europesays.com\/fr\/437030\/"},"modified":"2025-10-03T20:46:31","modified_gmt":"2025-10-03T20:46:31","slug":"pour-ses-60-ans-de-carriere-le-chanteur-se-raconte-en-toute-intimite-au-cinema","status":"publish","type":"post","link":"https:\/\/www.europesays.com\/fr\/437030\/","title":{"rendered":"Pour ses 60 ans de carri\u00e8re, le chanteur se raconte \u00ab\u00a0en toute intimit\u00e9\u00a0\u00bb au cin\u00e9ma !"},"content":{"rendered":"<p>Michel Sardou f\u00eate un anniversaire tr\u00e8s sp\u00e9cial, puisqu&rsquo;il s&rsquo;agit de ses 60 ans de carri\u00e8re. Pour l&rsquo;occasion, l&rsquo;artiste se raconte \u00ab\u00a0en toute intimit\u00e9\u00a0\u00bb au cin\u00e9ma pour une dur\u00e9e tr\u00e8s limit\u00e9e. Mais ce n&rsquo;est pas tout, puisque bien d&rsquo;autres surprises attendent ses nombreux fans.<\/p>\n<p>\u00c0 l&rsquo;aube de ses 79 ans, qui seront f\u00eat\u00e9s en janvier 2026, Michel Sardou c\u00e9l\u00e8bre un autre anniversaire tout aussi important : celui de ses 60 ans de carri\u00e8re.<b> <\/b>Une activit\u00e9 marqu\u00e9e par de nombreux tubes et 100 000 000 de disques vendus, mais aussi par <a href=\"https:\/\/www.programme-tv.net\/news\/people\/354806-arreter-de-faire-chier-les-francais-ca-serait-bien-le-nouveau-coup-de-gueule-de-michel-sardou-en-marge-d-une-avant-premiere\/\" data-api-deeplink=\"teleloisirs:\/\/news\/354806\" target=\"_blank\" rel=\"noopener\">pas mal de coups de gueule de la part de l&rsquo;artiste<\/a>, ainsi que <a href=\"https:\/\/www.programme-tv.net\/news\/musique\/349006-je-ne-suis-pas-pres-daller-la-voir-michel-sardou-revient-sur-la-grosse-polemique-avec-juliette-armanet-qui-avait-critique-les-lacs-du-connemara\/\" data-api-deeplink=\"teleloisirs:\/\/news\/349006\" target=\"_blank\" rel=\"noopener\">par quelques pol\u00e9miques<\/a> et <a href=\"https:\/\/www.programme-tv.net\/news\/musique\/348980-je-me-suis-bien-fait-engueuler-michel-sardou-devoile-ce-projet-improbable-pour-lequel-il-a-fait-une-audition-de-strip-teaseuses-dans-sa-jeunesse\/\" data-api-deeplink=\"teleloisirs:\/\/news\/348980\" target=\"_blank\" rel=\"noopener\">de nombreux r\u00f4les au cin\u00e9ma ou sur les planches de th\u00e9\u00e2tre.<\/a> \u00c0 cette occasion, les fans de Michel Sardou vont \u00eatre g\u00e2t\u00e9s, puisque plusieurs sorties sont \u00e0 pr\u00e9voir dans les prochains mois. Il y a tout d&rsquo;abord la sortie d&rsquo;un nouvel album simplement intitul\u00e9 60 ann\u00e9es, 60 singles.<\/p>\n<p>Michel raconte Sardou, un film pr\u00e9sent au cin\u00e9ma pour seulement deux jours !<\/p>\n<p>Il y a quelques ann\u00e9es, Michel Sardou a annonc\u00e9 prendre sa retraite musicale en expliquant \u00e0 <a href=\"https:\/\/www.programme-tv.net\/biographie\/28351-renoux-nathalie\/\" data-link-people=\"23b6f613-7561-4e53-a169-ec3ffcfafe58\" target=\"_blank\" rel=\"noopener\">Nathalie Renoux<\/a> dans le 12.45 de M6 : \u00ab\u00a0Je n&rsquo;ai plus la m\u00eame voix. Mes tessitures sont tr\u00e8s \u00e9lev\u00e9es dans mes chansons, c&rsquo;est \u00e7a le probl\u00e8me. Ce n&rsquo;est pas le fait de dire que je n&rsquo;aime plus la sc\u00e8ne ou que je n&rsquo;aime plus chanter. C&rsquo;est qu&rsquo;il faut chanter pareil que ce que les gens ont en m\u00e9moire. Vous descendez de tonalit\u00e9 et apr\u00e8s, les gens se disent : &lsquo;il faudrait peut-\u00eatre qu&rsquo;il se repose\u00a0\u00bb. Mais l&rsquo;appel de la sc\u00e8ne est trop fort pour le chanteur qui a fait son retour en 2024 avec la tourn\u00e9e Je me souviens d&rsquo;un adieu. Une tourn\u00e9e dont certains extraits devraient \u00eatre \u00e0 l&rsquo;honneur dans <b>le film in\u00e9dit <\/b><b>Michel raconte Sardou<\/b><b> qui sera au cin\u00e9ma le jeudi 6 et le dimanche 9 novembre 2025<\/b>. Face cam\u00e9ra, le chanteur se raconte \u00ab\u00a0en toute intimit\u00e9\u00a0\u00bb sur sa vie, sa carri\u00e8re, ses chansons, le tout avec des extraits de ses plus beaux concerts. Ce film \u00e9v\u00e9nement sera <b>\u00e0 l&rsquo;affiche de 200 cin\u00e9mas en France<\/b>, en Suisse, en Belgique et au Luxembourg.<\/p>\n<p>                        Deux livres \u00e0 d\u00e9couvrir sur la vie de Michel Sardou<\/p>\n<p>En plus d&rsquo;un nouvel album et d&rsquo;un film, deux livres seront publi\u00e9s. Le premier sera disponible le 3 novembre 2025 sous le titre : L&rsquo;int\u00e9grale &#8211; mes 368 chansons. Le m\u00eame jour sortira un autre opus, Une vie sur sc\u00e8ne. Les deux ouvrages sont \u00e9dit\u00e9s aux \u00c9ditions Albin Michel. De beaux cadeaux pour les fans.<\/p>\n<p>Article \u00e9crit avec la collaboration de 6m\u00e9dias.<\/p>\n","protected":false},"excerpt":{"rendered":"Michel Sardou f\u00eate un anniversaire tr\u00e8s sp\u00e9cial, puisqu&rsquo;il s&rsquo;agit de ses 60 ans de carri\u00e8re. Pour l&rsquo;occasion, l&rsquo;artiste&hellip;\n","protected":false},"author":2,"featured_media":437031,"comment_status":"","ping_status":"","sticky":false,"template":"","format":"standard","meta":{"footnotes":""},"categories":[1355],"tags":[244,58,59,1011,27,30040,56444,1361,873,36266,2175],"class_list":{"0":"post-437030","1":"post","2":"type-post","3":"status-publish","4":"format-standard","5":"has-post-thumbnail","7":"category-musique","8":"tag-commentaire","9":"tag-divertissement","10":"tag-entertainment","11":"tag-fr","12":"tag-france","13":"tag-michel-sardou","14":"tag-michel-sardou-je-me-souviens-dun-adieu-12132024-0910-pm-m6","15":"tag-music","16":"tag-musique","17":"tag-sorties-cinu00e9ma","18":"tag-tl-story"},"share_on_mastodon":{"url":"https:\/\/pubeurope.com\/@fr\/115312197618349205","error":""},"_links":{"self":[{"href":"https:\/\/www.europesays.com\/fr\/wp-json\/wp\/v2\/posts\/437030","targetHints":{"allow":["GET"]}}],"collection":[{"href":"https:\/\/www.europesays.com\/fr\/wp-json\/wp\/v2\/posts"}],"about":[{"href":"https:\/\/www.europesays.com\/fr\/wp-json\/wp\/v2\/types\/post"}],"author":[{"embeddable":true,"href":"https:\/\/www.europesays.com\/fr\/wp-json\/wp\/v2\/users\/2"}],"replies":[{"embeddable":true,"href":"https:\/\/www.europesays.com\/fr\/wp-json\/wp\/v2\/comments?post=437030"}],"version-history":[{"count":0,"href":"https:\/\/www.europesays.com\/fr\/wp-json\/wp\/v2\/posts\/437030\/revisions"}],"wp:featuredmedia":[{"embeddable":true,"href":"https:\/\/www.europesays.com\/fr\/wp-json\/wp\/v2\/media\/437031"}],"wp:attachment":[{"href":"https:\/\/www.europesays.com\/fr\/wp-json\/wp\/v2\/media?parent=437030"}],"wp:term":[{"taxonomy":"category","embeddable":true,"href":"https:\/\/www.europesays.com\/fr\/wp-json\/wp\/v2\/categories?post=437030"},{"taxonomy":"post_tag","embeddable":true,"href":"https:\/\/www.europesays.com\/fr\/wp-json\/wp\/v2\/tags?post=437030"}],"curies":[{"name":"wp","href":"https:\/\/api.w.org\/{rel}","templated":true}]}}