{"id":437038,"date":"2025-10-03T20:50:11","date_gmt":"2025-10-03T20:50:11","guid":{"rendered":"https:\/\/www.europesays.com\/fr\/437038\/"},"modified":"2025-10-03T20:50:11","modified_gmt":"2025-10-03T20:50:11","slug":"vous-ne-repondez-pas-eric-dupond-moretti-esquive-les-questions-sur-sa-sante-dans-c-a-vous","status":"publish","type":"post","link":"https:\/\/www.europesays.com\/fr\/437038\/","title":{"rendered":"\u00ab\u00a0Vous ne r\u00e9pondez pas\u2026\u00a0\u00bb : Eric Dupond-Moretti esquive les questions sur sa sant\u00e9 dans C \u00e0 vous"},"content":{"rendered":"<p>Avocat de profession. <a href=\"https:\/\/www.closermag.fr\/people\/quatre-ou-cinq-fachos-autour-de-pascal-praud-passe-darmes-entre-le-journaliste-et-eric-dupond-moretti-3582680\" target=\"_blank\" rel=\"noopener\"><br \/>\nEric Dupond-Moretti<\/a> a <strong>occup\u00e9 le poste de ministre de la<br \/>\nJustice au sein du gouvernement fran\u00e7ais<\/strong>. Une fonction<br \/>\naujourd&rsquo;hui exerc\u00e9e par <a href=\"https:\/\/www.closermag.fr\/politique\/sebastien-lecornu-le-nouveau-premier-ministre-egratigne-par-son-ami-gerald-darmanin-un-peu-bizarre-3578316\" target=\"_blank\" rel=\"noopener\"><br \/>\nG\u00e9rald Darmanin<\/a>. Depuis son d\u00e9part de ce minist\u00e8re, l&rsquo;homme de<br \/>\nloi se produit sur sc\u00e8ne dans un one-man show. Il a par ailleurs<br \/>\n\u00e9crit un livre en collaboration avec le journaliste <a href=\"https:\/\/www.closermag.fr\/people\/vous-allez-me-dire-non-mais-marc-olivier-fogiel-pousse-kendji-girac-dans-ses-retranchements-3583921\" target=\"_blank\" rel=\"noopener\"><br \/>\nMarc-Olivier Fogiel<\/a>. Les deux hommes \u00e9taient pr\u00e9sents dans<br \/>\nl&rsquo;\u00e9mission <a href=\"https:\/\/www.telestar.fr\/actu_tv\/c-a-vous-anne-elisabeth-lemoine-choquee-par-lavis-de-son-propre-public-1740195\" target=\"_blank\" rel=\"noopener\"><br \/>\nC \u00e0 vous<\/a> pour en assurer la promotion le vendredi 3 octobre<br \/>\n2025 sur France 5.<\/p>\n<p>Durant le programme, <a href=\"https:\/\/www.closermag.fr\/tv_tele_realite\/lheure-du-sexe-quand-le-chat-nest-pas-la-mohamed-bouhafsi-en-roue-libre-sans-anne-elisabeth-lemoine-3581124\" target=\"_blank\" rel=\"noopener\"><br \/>\nMohamed Bouhafsi<\/a> est revenu sur l&rsquo;affaire dont Eric<br \/>\nDupond-Moretti fut la cible lorsqu&rsquo;il \u00e9tait ministre de la Justice.<br \/>\n\u00ab\u00a0Apr\u00e8s trois ans d&rsquo;enqu\u00eate, la Cour de justice de la R\u00e9publique<br \/>\nvous relaxe le 29 novembre 2023. Vous \u00e9tiez jug\u00e9 pour prise<br \/>\nill\u00e9gale d&rsquo;int\u00e9r\u00eat. \u00c0 la sortie de la Cour, vous ne faites aucune<br \/>\nd\u00e9claration. <strong>Vous laissez vos avocats s&rsquo;exprimer.<\/strong><br \/>\nMais pendant trois ans, cette affaire va empoisonner votre<br \/>\nminist\u00e8re\u00a0\u00bb, a ainsi rappel\u00e9 le pr\u00e9sentateur de C \u00e0 vous.<\/p>\n<p>Eric Dupond-Moretti : \u00ab\u00a0Il y a de quoi se taper la t\u00eate contre<br \/>\nles murs\u00a0\u00bb<\/p>\n<p>\u00ab\u00a0On me poursuit judiciairement pour une prise ill\u00e9gale<br \/>\nd&rsquo;int\u00e9r\u00eat. Ce qui veut dire, pour tous ceux qui ne sont pas<br \/>\njuristes, il a tap\u00e9 dans la caisse, il s&rsquo;est rempli les poches.<br \/>\n<strong>Mais c&rsquo;est insupportable, insupportable.<\/strong> J&rsquo;ai<br \/>\nsuivi les conseils de Fran\u00e7ois Molins qui me dit d&rsquo;ordonner une<br \/>\nenqu\u00eate administrative. Et c&rsquo;est lui qui me poursuit. Enfin, il y a<br \/>\nde quoi se taper la t\u00eate contre les murs. (&#8230;) Je ne dis rien et<br \/>\nj&rsquo;attends que les choses se passent\u00a0\u00bb, a notamment soulign\u00e9<br \/>\nEric Dupond-Moretti.<\/p>\n<p>\u00ab\u00a0<strong>Il ne dit rien mais il va \u00e0<br \/>\nl&rsquo;h\u00f4pital<\/strong>\u00ab\u00a0, pr\u00e9cis\u00e9 aussi Marc-Olivier Fogiel.<br \/>\n\u00ab\u00a0C&rsquo;est ce que j&rsquo;allais dire. Vous ne dites rien mais vous allez<br \/>\n\u00e0 l&rsquo;h\u00f4pital. Et on le d\u00e9couvre dans le livre. Qu&rsquo;est-ce qui s&rsquo;est<br \/>\npass\u00e9 ? C&rsquo;est le corps qui a l\u00e2ch\u00e9 ? C&rsquo;est le fait de ne rien dire<br \/>\npeut-\u00eatre qui fait que \u00e7a devient insupportable. Vous avez \u00e9t\u00e9<br \/>\nhospitalis\u00e9 pourquoi ?\u00a0\u00bb, a imm\u00e9diatement encha\u00een\u00e9 Amandine<br \/>\nB\u00e9got.<\/p>\n<p>Mohamed Bouhafsi \u00e0 son invit\u00e9 : \u00ab\u00a0Je<br \/>\nvais reposer la question\u00a0\u00bb<\/p>\n<p>Cependant, Eric Dupond-Moretti va esquiver la question de la<br \/>\njournaliste qui officie quotidiennement sur l&rsquo;antenne de RTL.\u00a0<br \/>\n\u00ab\u00a0\u00c9coutez, il y a 30 000 articles de presse et cinq respectueux<br \/>\nde ma pr\u00e9somption d&rsquo;innocence. Non, mais \u00e7a pose quand m\u00eame la<br \/>\nquestion de la fa\u00e7on dont on appr\u00e9hende la pr\u00e9somption d&rsquo;innocence.<br \/>\n<strong>Mais \u00e7a me rendait fou, quoi, enfin. C&rsquo;est une<br \/>\ninjustice<\/strong>\u00ab\u00a0, a-t-il ainsi lanc\u00e9. \u00ab\u00a0Non, c&rsquo;est pas<br \/>\nla question\u00a0\u00bb, lui a ainsi lanc\u00e9 Amandine B\u00e9got.<\/p>\n<p>Par la suite, Mohamed Bouhafsi a \u00e9galement insist\u00e9 \u00e0 son tour<br \/>\npour \u00e9voquer les raison qui ont conduit Eric Dupond-Moretti \u00e0<br \/>\nl&rsquo;h\u00f4pital. \u00ab\u00a0Je vais reposer la question parce que vous ne<br \/>\nr\u00e9pondez pas\u00a0\u00bb, a ainsi d\u00e9clar\u00e9 l&rsquo;ancien journaliste sportif de<br \/>\nRMC. Cependant, il n&rsquo;obtiendra pas de meilleur r\u00e9sultat que sa<br \/>\nchroniqueuse. \u00ab\u00a0C&rsquo;est quelque chose d&rsquo;insupportable. J&rsquo;ai v\u00e9cu<br \/>\nquelque chose d&rsquo;insupportable. Et c&rsquo;est parce qu&rsquo;il (Marc-Olivier<br \/>\nFogiel, ndlr) m&rsquo;a harcel\u00e9, que <strong>j&rsquo;ai l\u00e2ch\u00e9 deux, trois<br \/>\ntrucs<\/strong>\u00ab\u00a0, a finalement d\u00e9clar\u00e9 Eric Dupond-Moretti.<\/p>\n","protected":false},"excerpt":{"rendered":"Avocat de profession. Eric Dupond-Moretti a occup\u00e9 le poste de ministre de la Justice au sein du gouvernement&hellip;\n","protected":false},"author":2,"featured_media":437039,"comment_status":"","ping_status":"","sticky":false,"template":"","format":"standard","meta":{"footnotes":""},"categories":[8],"tags":[58,59,10222,1011,27],"class_list":{"0":"post-437038","1":"post","2":"type-post","3":"status-publish","4":"format-standard","5":"has-post-thumbnail","7":"category-divertissement","8":"tag-divertissement","9":"tag-entertainment","10":"tag-eric-dupond-moretti","11":"tag-fr","12":"tag-france"},"share_on_mastodon":{"url":"https:\/\/pubeurope.com\/@fr\/115312212376732431","error":""},"_links":{"self":[{"href":"https:\/\/www.europesays.com\/fr\/wp-json\/wp\/v2\/posts\/437038","targetHints":{"allow":["GET"]}}],"collection":[{"href":"https:\/\/www.europesays.com\/fr\/wp-json\/wp\/v2\/posts"}],"about":[{"href":"https:\/\/www.europesays.com\/fr\/wp-json\/wp\/v2\/types\/post"}],"author":[{"embeddable":true,"href":"https:\/\/www.europesays.com\/fr\/wp-json\/wp\/v2\/users\/2"}],"replies":[{"embeddable":true,"href":"https:\/\/www.europesays.com\/fr\/wp-json\/wp\/v2\/comments?post=437038"}],"version-history":[{"count":0,"href":"https:\/\/www.europesays.com\/fr\/wp-json\/wp\/v2\/posts\/437038\/revisions"}],"wp:featuredmedia":[{"embeddable":true,"href":"https:\/\/www.europesays.com\/fr\/wp-json\/wp\/v2\/media\/437039"}],"wp:attachment":[{"href":"https:\/\/www.europesays.com\/fr\/wp-json\/wp\/v2\/media?parent=437038"}],"wp:term":[{"taxonomy":"category","embeddable":true,"href":"https:\/\/www.europesays.com\/fr\/wp-json\/wp\/v2\/categories?post=437038"},{"taxonomy":"post_tag","embeddable":true,"href":"https:\/\/www.europesays.com\/fr\/wp-json\/wp\/v2\/tags?post=437038"}],"curies":[{"name":"wp","href":"https:\/\/api.w.org\/{rel}","templated":true}]}}