{"id":43704,"date":"2025-04-22T10:17:10","date_gmt":"2025-04-22T10:17:10","guid":{"rendered":"https:\/\/www.europesays.com\/fr\/43704\/"},"modified":"2025-04-22T10:17:10","modified_gmt":"2025-04-22T10:17:10","slug":"question-de-droits-elle-voulait-etre-autorisee-a-voir-en-unite-de-vie-familiale-son-mari","status":"publish","type":"post","link":"https:\/\/www.europesays.com\/fr\/43704\/","title":{"rendered":"Question de droits. Elle voulait \u00eatre autoris\u00e9e \u00e0 voir en unit\u00e9 de vie familiale son mari"},"content":{"rendered":"<p>Maria n\u2019a pas pu \u00eatre pr\u00e9sente \u00e0 la derni\u00e8re rencontre en unit\u00e9 de vie familiale (UVF) pour des raisons de sant\u00e9. Depuis, elle ne parvient pas \u00e0 obtenir une nouvelle autorisation de visite. Elle t\u00e9moigne.<\/p>\n<p>\u00ab\u00a0Mon mari, actuellement incarc\u00e9r\u00e9, b\u00e9n\u00e9ficie de rencontres en unit\u00e9 de vie familiale. Ces moments sont pr\u00e9cieux pour notre couple, ils nous permettent de maintenir un lien malgr\u00e9 la d\u00e9tention.<\/p>\n<p>Cependant, en raison de probl\u00e8mes de sant\u00e9, je n\u2019avais pas pu \u00eatre pr\u00e9sente \u00e0 la derni\u00e8re rencontre. J\u2019avais alors imm\u00e9diatement transmis un certificat m\u00e9dical, par l\u2019interm\u00e9diaire du conseiller p\u00e9nitentiaire d\u2019insertion et de probation (CPIP), pour justifier mon absence. Depuis, je n\u2019ai pas r\u00e9ussi \u00e0 obtenir une nouvelle autorisation de rencontre. Malgr\u00e9 mes nombreux appels et courriers adress\u00e9s \u00e0 la direction de l\u2019\u00e9tablissement, je n\u2019ai re\u00e7u aucune r\u00e9ponse.<\/p>\n<p>\u00ab\u00a0Droit fondamental\u00a0\u00bb<\/p>\n<p>Cette absence de retour m\u2019a profond\u00e9ment inqui\u00e9t\u00e9e, d\u2019autant plus que, comme l\u2019ann\u00e9e pr\u00e9c\u00e9dente, les UVF risquaient d\u2019\u00eatre suspendues durant l\u2019\u00e9t\u00e9 pour des questions d\u2019organisation. Je craignais donc de ne pas pouvoir voir mon \u00e9poux avant plusieurs semaines\u2026 une perspective inimaginable pour nous deux.<\/p>\n<p>D\u00e9munie face \u00e0 cette situation qui n\u2019\u00e9voluait pas, j\u2019ai contact\u00e9 par t\u00e9l\u00e9phone une d\u00e9l\u00e9gu\u00e9e du D\u00e9fenseur des droits qui intervient dans l\u2019\u00e9tablissement p\u00e9nitentiaire de mon mari. Elle a rapidement pris contact avec la direction de l\u2019\u00e9tablissement pour leur exposer mon probl\u00e8me et rappeler que le maintien des liens familiaux en d\u00e9tention constitue un droit fondamental pour les personnes d\u00e9tenues, essentiel \u00e0 leur processus de r\u00e9insertion.<\/p>\n<p>Gr\u00e2ce \u00e0 l\u2019intervention du D\u00e9fenseur des droits, l\u2019\u00e9tablissement a accept\u00e9 de m\u2019accorder une UVF exceptionnelle de vingt-quatre\u00a0heures.\u00a0\u00bb<\/p>\n<p>Si vous aussi, vous avez des difficult\u00e9s \u00e0 faire valoir vos droits aupr\u00e8s d\u2019une administration ou d\u2019un service public, contactez gratuitement un d\u00e9l\u00e9gu\u00e9 du D\u00e9fenseur des droits sur <a href=\"https:\/\/www.defenseurdesdroits.fr\" target=\"_self\" rel=\"nofollow noopener\">www.defenseurdesdroits.fr<\/a>, rubrique Demander de l\u2019aide.<\/p>\n<p>\u00a0<\/p>\n","protected":false},"excerpt":{"rendered":"Maria n\u2019a pas pu \u00eatre pr\u00e9sente \u00e0 la derni\u00e8re rencontre en unit\u00e9 de vie familiale (UVF) pour des&hellip;\n","protected":false},"author":2,"featured_media":43705,"comment_status":"","ping_status":"","sticky":false,"template":"","format":"standard","meta":{"footnotes":"","_share_on_mastodon":"0"},"categories":[2821],"tags":[1111,11,13106,829,9625,2483,1777,674,13108,1011,27,13109,12,7515,584,25,13107,4717,3840],"class_list":["post-43704","post","type-post","status-publish","format-standard","has-post-thumbnail","category-rennes","tag-actu","tag-actualites","tag-autorisee","tag-bretagne","tag-detenu","tag-droits","tag-eu","tag-europe","tag-familiale","tag-fr","tag-france","tag-mari","tag-news","tag-question","tag-rennes","tag-republique-francaise","tag-unite","tag-vie","tag-voir"],"share_on_mastodon":{"url":"https:\/\/pubeurope.com\/@fr\/114381104414992314","error":""},"_links":{"self":[{"href":"https:\/\/www.europesays.com\/fr\/wp-json\/wp\/v2\/posts\/43704","targetHints":{"allow":["GET"]}}],"collection":[{"href":"https:\/\/www.europesays.com\/fr\/wp-json\/wp\/v2\/posts"}],"about":[{"href":"https:\/\/www.europesays.com\/fr\/wp-json\/wp\/v2\/types\/post"}],"author":[{"embeddable":true,"href":"https:\/\/www.europesays.com\/fr\/wp-json\/wp\/v2\/users\/2"}],"replies":[{"embeddable":true,"href":"https:\/\/www.europesays.com\/fr\/wp-json\/wp\/v2\/comments?post=43704"}],"version-history":[{"count":0,"href":"https:\/\/www.europesays.com\/fr\/wp-json\/wp\/v2\/posts\/43704\/revisions"}],"wp:featuredmedia":[{"embeddable":true,"href":"https:\/\/www.europesays.com\/fr\/wp-json\/wp\/v2\/media\/43705"}],"wp:attachment":[{"href":"https:\/\/www.europesays.com\/fr\/wp-json\/wp\/v2\/media?parent=43704"}],"wp:term":[{"taxonomy":"category","embeddable":true,"href":"https:\/\/www.europesays.com\/fr\/wp-json\/wp\/v2\/categories?post=43704"},{"taxonomy":"post_tag","embeddable":true,"href":"https:\/\/www.europesays.com\/fr\/wp-json\/wp\/v2\/tags?post=43704"}],"curies":[{"name":"wp","href":"https:\/\/api.w.org\/{rel}","templated":true}]}}