{"id":437042,"date":"2025-10-03T20:52:14","date_gmt":"2025-10-03T20:52:14","guid":{"rendered":"https:\/\/www.europesays.com\/fr\/437042\/"},"modified":"2025-10-03T20:52:14","modified_gmt":"2025-10-03T20:52:14","slug":"pourquoi-la-taxation-du-patrimoine-financier-proposee-par-sebastien-lecornu-na-rien-a-voir-avec-la-taxe-zucman","status":"publish","type":"post","link":"https:\/\/www.europesays.com\/fr\/437042\/","title":{"rendered":"Pourquoi la taxation du patrimoine financier propos\u00e9e par S\u00e9bastien Lecornu n\u2019a rien \u00e0 voir avec la taxe Zucman"},"content":{"rendered":"<p><strong>D\u00c9CRYPTAGE <\/strong>&#8211; Dans une main tendue qui convainc peu les socialistes, le premier ministre propose la cr\u00e9ation d\u2019une \u00ab\u00a0taxe sur le patrimoine financier\u00a0\u00bb visant les holdings.<\/p>\n<p class=\"fig-paragraph\">Ils esp\u00e9raient 15 milliards d\u2019euros, 25 milliards pour les plus optimistes. S\u00e9bastien Lecornu avance \u00e0 la place une mesure qui pourrait rapporter \u00ab un milliard, un milliard et demi\u00a0\u00bb, selon<a href=\"http:\/\/www.lefigaro.fr\/social\/ps-collabo-degagez-olivier-faure-et-les-socialistes-pris-a-partie-lors-de-la-manifestation-parisienne-20251002\" data-fig-type=\"NewsFlash\" data-gtm-custom-categorie=\"navigation\" data-gtm-custom-action=\"crossclick\" data-gtm-custom-label=\"Contextuel\" data-gtm-event=\"customEventSPE\" data-fig-domain=\"LEFIGARO\" target=\"_blank\" rel=\"noopener\">\u00a0Olivier Faure<\/a>, qui a \u00e9t\u00e9 re\u00e7u par S\u00e9bastien Lecornu \u00e0 Matignon ce vendredi. Peu avant le d\u00e9but de cette r\u00e9union, le premier ministre a fait savoir qu\u2019il proposait la cr\u00e9ation d\u2019une \u00ab\u00a0taxe sur le patrimoine financier\u00a0\u00bb visant les holdings (ou leurs propri\u00e9taires)\u00a0<a href=\"https:\/\/video.lefigaro.fr\/figaro\/politique\/le-scan\/gabriel-zucman-met-en-garde-contre-les-methodes-alternatives-pour-taxer-les-riches-20251001\" data-fig-type=\"Video\" data-gtm-custom-categorie=\"navigation\" data-gtm-custom-action=\"crossclick\" data-gtm-custom-label=\"Contextuel\" data-gtm-event=\"customEventSPE\" data-fig-domain=\"LEFIGARO\" target=\"_blank\" rel=\"noopener\">en lieu et place de la taxe Zucman<\/a>\u00a0\u2013 un imp\u00f4t plancher de 2 % sur le patrimoine des 0,01 % les plus riches. Sans surprise, l\u2019offre n\u2019a pas vraiment s\u00e9duit les socialistes.<\/p>\n<p class=\"fig-paragraph\">En quittant les bureaux de la rue de Varenne, le premier secr\u00e9taire affirmait que \u00ab\u00a0sur la question des ultra-riches, il y a en r\u00e9alit\u00e9 une volont\u00e9 de maintenir un niveau d\u2019imposition \u00e9quivalent \u00e0 celui du budget initial de Fran\u00e7ois Bayrou\u00a0\u00bb. Effectivement, si l\u2019estimation du chef de file du parti \u00e0 la rose est correcte, la mesure mise sur la table reste dans\u2026<\/p>\n<p class=\"fig-premium-paywall__infos\">\n        Cet article est r\u00e9serv\u00e9 aux abonn\u00e9s.        Il vous reste 74% \u00e0 d\u00e9couvrir.\n    <\/p>\n<p>                <img  data- alt=\"Le Figaro\" class=\"fig-img--complete fig-img\"\/><\/p>\n<p class=\"fig-premium-paywall__title\">Vous avez envie de lire la suite ?<\/p>\n<p class=\"fig-premium-paywall__subtitle\">D\u00e9bloquez tous les articles imm\u00e9diatement.<\/p>\n<p class=\"fig-premium-paywall__connect\">\n                D\u00e9j\u00e0 abonn\u00e9\u00a0?                <a class=\"fig-premium-paywall__connect-link\" href=\"https:\/\/connect.lefigaro.fr\/login?client=horizon_web&amp;type=main&amp;redirect_uri=https%3A%2F%2Fwww.lefigaro.fr%2Fconjoncture%2Fpourquoi-la-taxation-du-patrimoine-financier-proposee-par-sebastien-lecornu-n-a-rien-a-voir-avec-la-taxe-zucman-20251003\" data-js-gtm=\"{&quot;customCategorie&quot;: &quot;conversion&quot;, &quot;customAction&quot;: &quot;before_Landing_Connexion_paywall_auto&quot;, &quot;customLabel&quot;: &quot;bGVmaWdhcm8uZnJfXzFmMGEwNjBjLWU5NjItNjlkOC04NGQ4LWIxNzU5MzFjODM3MF9fQXJ0aWNsZQ==_Pourquoi la taxation du patrimoine financier propos\u00e9e par S\u00e9bastien Lecornu n\u2019a rien \u00e0 voir avec la taxe Zucman_366&quot;, &quot;customIDSPE&quot;: &quot;bGVmaWdhcm8uZnJfXzFmMGEwNjBjLWU5NjItNjlkOC04NGQ4LWIxNzU5MzFjODM3MF9fQXJ0aWNsZQ==&quot;, &quot;event&quot;: &quot;customEventSPE&quot;}\" target=\"_blank\" rel=\"noopener\"><br \/>\n                    Connectez-vous<br \/>\n                <\/a>\n            <\/p>\n","protected":false},"excerpt":{"rendered":"D\u00c9CRYPTAGE &#8211; Dans une main tendue qui convainc peu les socialistes, le premier ministre propose la cr\u00e9ation d\u2019une&hellip;\n","protected":false},"author":2,"featured_media":437043,"comment_status":"","ping_status":"","sticky":false,"template":"","format":"standard","meta":{"footnotes":""},"categories":[6],"tags":[35,33,34,6329,1011,27,11067],"class_list":{"0":"post-437042","1":"post","2":"type-post","3":"status-publish","4":"format-standard","5":"has-post-thumbnail","7":"category-economie","8":"tag-business","9":"tag-economie","10":"tag-economy","11":"tag-finances-publiques","12":"tag-fr","13":"tag-france","14":"tag-sebastien-lecornu"},"share_on_mastodon":{"url":"https:\/\/pubeurope.com\/@fr\/115312220165160574","error":""},"_links":{"self":[{"href":"https:\/\/www.europesays.com\/fr\/wp-json\/wp\/v2\/posts\/437042","targetHints":{"allow":["GET"]}}],"collection":[{"href":"https:\/\/www.europesays.com\/fr\/wp-json\/wp\/v2\/posts"}],"about":[{"href":"https:\/\/www.europesays.com\/fr\/wp-json\/wp\/v2\/types\/post"}],"author":[{"embeddable":true,"href":"https:\/\/www.europesays.com\/fr\/wp-json\/wp\/v2\/users\/2"}],"replies":[{"embeddable":true,"href":"https:\/\/www.europesays.com\/fr\/wp-json\/wp\/v2\/comments?post=437042"}],"version-history":[{"count":0,"href":"https:\/\/www.europesays.com\/fr\/wp-json\/wp\/v2\/posts\/437042\/revisions"}],"wp:featuredmedia":[{"embeddable":true,"href":"https:\/\/www.europesays.com\/fr\/wp-json\/wp\/v2\/media\/437043"}],"wp:attachment":[{"href":"https:\/\/www.europesays.com\/fr\/wp-json\/wp\/v2\/media?parent=437042"}],"wp:term":[{"taxonomy":"category","embeddable":true,"href":"https:\/\/www.europesays.com\/fr\/wp-json\/wp\/v2\/categories?post=437042"},{"taxonomy":"post_tag","embeddable":true,"href":"https:\/\/www.europesays.com\/fr\/wp-json\/wp\/v2\/tags?post=437042"}],"curies":[{"name":"wp","href":"https:\/\/api.w.org\/{rel}","templated":true}]}}