{"id":437051,"date":"2025-10-03T20:57:19","date_gmt":"2025-10-03T20:57:19","guid":{"rendered":"https:\/\/www.europesays.com\/fr\/437051\/"},"modified":"2025-10-03T20:57:19","modified_gmt":"2025-10-03T20:57:19","slug":"saint-etienne-a-la-comedie-la-nouvelle-saison-sannonce-riche-en-emotions","status":"publish","type":"post","link":"https:\/\/www.europesays.com\/fr\/437051\/","title":{"rendered":"Saint-\u00c9tienne. \u00c0 la Com\u00e9die, la nouvelle saison s\u2019annonce riche en \u00e9motions"},"content":{"rendered":"<p>On y est presque. C\u2019est ce 7\u00a0octobre que la Com\u00e9die d\u00e9bute cette nouvelle saison. Et d\u2019une mani\u00e8re pour le moins sarcastique avec le conte tr\u00e8s actuel de G\u00e9rard Watkins, \u00c0 condition d\u2019avoir une table dans un jardin (voir encadr\u00e9).<\/p>\n<p>Cette pi\u00e8ce est l\u2019une des deux productions \u00ab\u00a0maison\u00a0\u00bb, l\u2019autre \u00e9tant Les Femmes Savantes de Moli\u00e8re mises en sc\u00e8ne par Beno\u00eet Lambert, directeur du lieu (du 20 au 31\u00a0janvier). On compte aussi cinq coproductions dont deux sont pr\u00e9sent\u00e9es dans le cadre des \u00ab\u00a0Courts-Circuits\u00a0\u00bb, ces spectacles qui, pendant dix jours, soit in situ, soit \u00e0 la Com\u00e8te ou au Verso, mettent en lumi\u00e8re le travail d\u2019artistes locaux.<\/p>\n<p>\u00ab\u00a0Les p\u00e9rils de la crise \u00e9cologique\u00a0\u00bb<\/p>\n<p>Ces deux coproductions sont La liesse , une \u0153uvre chor\u00e9graphique de Pierre Pontvianne et Nelvar, le royaume sans peuple , une fable \u00e0 l\u2019humour ravageur, de la compagnie Les Grands \u00c9carts. La Com\u00e9die aime les liens, construit des passerelles entre des artistes dont elle soutient la cr\u00e9ation et&#8230;<\/p>\n","protected":false},"excerpt":{"rendered":"On y est presque. C\u2019est ce 7\u00a0octobre que la Com\u00e9die d\u00e9bute cette nouvelle saison. Et d\u2019une mani\u00e8re pour&hellip;\n","protected":false},"author":2,"featured_media":437052,"comment_status":"","ping_status":"","sticky":false,"template":"","format":"standard","meta":{"footnotes":""},"categories":[9653],"tags":[1111,11,2430,1687,7539,1777,674,1011,27,12,25,4001,7538,3140],"class_list":{"0":"post-437051","1":"post","2":"type-post","3":"status-publish","4":"format-standard","5":"has-post-thumbnail","7":"category-saint-etienne","8":"tag-actu","9":"tag-actualites","10":"tag-auvergne-rhone-alpes","11":"tag-culture-loisirs","12":"tag-edition-loire-sud","13":"tag-eu","14":"tag-europe","15":"tag-fr","16":"tag-france","17":"tag-news","18":"tag-republique-francaise","19":"tag-saint-etienne","20":"tag-saint-etienne-ville","21":"tag-spectacle"},"share_on_mastodon":{"url":"https:\/\/pubeurope.com\/@fr\/115312239803303579","error":""},"_links":{"self":[{"href":"https:\/\/www.europesays.com\/fr\/wp-json\/wp\/v2\/posts\/437051","targetHints":{"allow":["GET"]}}],"collection":[{"href":"https:\/\/www.europesays.com\/fr\/wp-json\/wp\/v2\/posts"}],"about":[{"href":"https:\/\/www.europesays.com\/fr\/wp-json\/wp\/v2\/types\/post"}],"author":[{"embeddable":true,"href":"https:\/\/www.europesays.com\/fr\/wp-json\/wp\/v2\/users\/2"}],"replies":[{"embeddable":true,"href":"https:\/\/www.europesays.com\/fr\/wp-json\/wp\/v2\/comments?post=437051"}],"version-history":[{"count":0,"href":"https:\/\/www.europesays.com\/fr\/wp-json\/wp\/v2\/posts\/437051\/revisions"}],"wp:featuredmedia":[{"embeddable":true,"href":"https:\/\/www.europesays.com\/fr\/wp-json\/wp\/v2\/media\/437052"}],"wp:attachment":[{"href":"https:\/\/www.europesays.com\/fr\/wp-json\/wp\/v2\/media?parent=437051"}],"wp:term":[{"taxonomy":"category","embeddable":true,"href":"https:\/\/www.europesays.com\/fr\/wp-json\/wp\/v2\/categories?post=437051"},{"taxonomy":"post_tag","embeddable":true,"href":"https:\/\/www.europesays.com\/fr\/wp-json\/wp\/v2\/tags?post=437051"}],"curies":[{"name":"wp","href":"https:\/\/api.w.org\/{rel}","templated":true}]}}