{"id":437063,"date":"2025-10-03T21:03:16","date_gmt":"2025-10-03T21:03:16","guid":{"rendered":"https:\/\/www.europesays.com\/fr\/437063\/"},"modified":"2025-10-03T21:03:16","modified_gmt":"2025-10-03T21:03:16","slug":"le-racing-veut-poursuivre-sur-sa-lancee-a-montpellier","status":"publish","type":"post","link":"https:\/\/www.europesays.com\/fr\/437063\/","title":{"rendered":"le Racing veut poursuivre sur sa lanc\u00e9e \u00e0 Montpellier"},"content":{"rendered":"<p>Le temps est au beau fixe\u00a0! Ce sera le cas selon les pr\u00e9visions m\u00e9t\u00e9o dans l\u2019H\u00e9rault mais peut-\u00eatre aussi concernant le moral et la confiance des Strasbourgeoises \u00e0 l\u2019issue de leur confrontation face \u00e0 Montpellier. Car pour l\u2019heure, le Racing vit un d\u00e9but de saison quasi id\u00e9al. Il poss\u00e8de la deuxi\u00e8me co-meilleure attaque et sa d\u00e9fense reste sur un clean sheet.<\/p>\n<p>\u00ab\u00a0Le but c\u2019est de surfer sur le fait qu\u2019on a cinq points et que cela nous offre plus de marge pour bien aborder les prochains matches, rappelle Vincent Nogueira, l\u2019entra\u00eeneur du Racing. Mais il faut vite temp\u00e9rer parce que la deuxi\u00e8me mi-temps \u00e0 Dijon n\u2019a pas \u00e9t\u00e9 bonne. On a du faire preuve d\u2019une certaine rigueur cette semaine pour que les filles restent bien&#8230;<\/p>\n","protected":false},"excerpt":{"rendered":"Le temps est au beau fixe\u00a0! Ce sera le cas selon les pr\u00e9visions m\u00e9t\u00e9o dans l\u2019H\u00e9rault mais peut-\u00eatre&hellip;\n","protected":false},"author":2,"featured_media":437064,"comment_status":"","ping_status":"","sticky":false,"template":"","format":"standard","meta":{"footnotes":""},"categories":[9599],"tags":[1111,11,2389,2649,2880,1777,674,107,63,1011,27,329,2208,12,2680,43577,25,517,640,2879],"class_list":{"0":"post-437063","1":"post","2":"type-post","3":"status-publish","4":"format-standard","5":"has-post-thumbnail","7":"category-montpellier","8":"tag-actu","9":"tag-actualites","10":"tag-alsace","11":"tag-bas-rhin","12":"tag-edition-strasbourg","13":"tag-eu","14":"tag-europe","15":"tag-fil-info","16":"tag-football","17":"tag-fr","18":"tag-france","19":"tag-france-monde","20":"tag-montpellier","21":"tag-news","22":"tag-occitanie","23":"tag-racing-club-strasbourg-feminin","24":"tag-republique-francaise","25":"tag-sport","26":"tag-strasbourg","27":"tag-strasbourg-ville"},"share_on_mastodon":{"url":"https:\/\/pubeurope.com\/@fr\/115312263434873280","error":""},"_links":{"self":[{"href":"https:\/\/www.europesays.com\/fr\/wp-json\/wp\/v2\/posts\/437063","targetHints":{"allow":["GET"]}}],"collection":[{"href":"https:\/\/www.europesays.com\/fr\/wp-json\/wp\/v2\/posts"}],"about":[{"href":"https:\/\/www.europesays.com\/fr\/wp-json\/wp\/v2\/types\/post"}],"author":[{"embeddable":true,"href":"https:\/\/www.europesays.com\/fr\/wp-json\/wp\/v2\/users\/2"}],"replies":[{"embeddable":true,"href":"https:\/\/www.europesays.com\/fr\/wp-json\/wp\/v2\/comments?post=437063"}],"version-history":[{"count":0,"href":"https:\/\/www.europesays.com\/fr\/wp-json\/wp\/v2\/posts\/437063\/revisions"}],"wp:featuredmedia":[{"embeddable":true,"href":"https:\/\/www.europesays.com\/fr\/wp-json\/wp\/v2\/media\/437064"}],"wp:attachment":[{"href":"https:\/\/www.europesays.com\/fr\/wp-json\/wp\/v2\/media?parent=437063"}],"wp:term":[{"taxonomy":"category","embeddable":true,"href":"https:\/\/www.europesays.com\/fr\/wp-json\/wp\/v2\/categories?post=437063"},{"taxonomy":"post_tag","embeddable":true,"href":"https:\/\/www.europesays.com\/fr\/wp-json\/wp\/v2\/tags?post=437063"}],"curies":[{"name":"wp","href":"https:\/\/api.w.org\/{rel}","templated":true}]}}