{"id":437065,"date":"2025-10-03T21:04:17","date_gmt":"2025-10-03T21:04:17","guid":{"rendered":"https:\/\/www.europesays.com\/fr\/437065\/"},"modified":"2025-10-03T21:04:17","modified_gmt":"2025-10-03T21:04:17","slug":"rouen-le-festival-les-chemins-de-travers-change-de-lieu-en-raison-dune-alerte-vent-violent","status":"publish","type":"post","link":"https:\/\/www.europesays.com\/fr\/437065\/","title":{"rendered":"Rouen. Le festival Les Chemins de Travers change de lieu en raison d&rsquo;une alerte vent violent"},"content":{"rendered":"<p>L&rsquo;\u00e9v\u00e9nement pr\u00e9vu sur le quai Cavelier de la Salle change de lieu en raison d&rsquo;une alerte pour vent violent et orage \u00e9mis par M\u00e9t\u00e9o France pour la journ\u00e9e de samedi 4 octobre en Seine-Maritime et sur toute la moiti\u00e9 nord de l&rsquo;Hexagone. Le festival prend ses quartiers \u00e0 la MJC Rouen Rive Gauche, place\u00a0de Hanovre et au bar associatif la Base de Rouen situ\u00e9 au 5 rue Geuffroy. Les organisateurs doivent communiquer prochainement le nouveau programme sur leurs r\u00e9seaux sociaux.\u00a0<\/p>\n<p melodystyle=\"texte\">Comme son nom le sugg\u00e8re, le festival propose de faire un pas de c\u00f4t\u00e9, de prendre un raccourci comme un v\u00e9ritable chemin de traverse dans \u00ab\u00a0notre monde qui va tout droit, presque comme une autoroute\u00a0\u00bb, illustre Cl\u00e9ment Brescinani, coordinateur de l&rsquo;association des Vagabonds de l&rsquo;\u00e9nergie qui organise l&rsquo;\u00e9v\u00e9nement. Au programme de cette 4e \u00e9dition, des concerts, des spectacles, des ateliers mais aussi des r\u00e9cits de voyage, l&rsquo;un des temps forts du festival.<\/p>\n<p>Ateliers et r\u00e9cits de voyage<br \/>au c\u0153ur des temps forts<\/p>\n<p melodystyle=\"texte\">\u00ab\u00a0Les Vagabonds de l&rsquo;\u00e9nergie est une association qui s&rsquo;est cr\u00e9\u00e9e d&rsquo;abord autour de projets de voyages engag\u00e9s, confirme Clement Bresciani.\u00a0On aime bien\u00a0montrer que l&rsquo;on peut voyager diff\u00e9remment, on parle de voyages bas carbone souvent \u00e0 v\u00e9lo, en transports en commun ou en voilier, etc.\u00a0\u00bb En tout, 12 r\u00e9cits de voyage seront ainsi cont\u00e9s, de petits p\u00e9riples locaux\u00a0comme celui de l&rsquo;association Vivre en transition qui a fait un \u00ab\u00a0tour des possibles\u00a0\u00bb \u00e0 v\u00e9lo en Normandie jusqu&rsquo;\u00e0\u00a0celui de Julia Bourdet aux Etats-Unis qui a racont\u00e9 en dessin sa rencontre avec les Am\u00e9ricains sous l&rsquo;\u00e8re de Donald Trump.\u00a0\u00ab\u00a0On veut montrer aussi que le voyage ce n&rsquo;est pas forc\u00e9ment que du tourisme, on peut partir avec un projet pour apprendre, pour partager, pour aider.\u00a0\u00bb<\/p>\n<p melodystyle=\"texte\">L&rsquo;autre temps fort du festival, ce sont les ateliers\u00a0d\u00e9clin\u00e9s en village Low Tech &#8211; litt\u00e9ralement basses technologies &#8211; pour d\u00e9couvrir notamment la cuisine solaire, en village des arts pour la construction collective d&rsquo;une marionnette g\u00e9ante ou encore\u00a0en village des moissons pour d\u00e9couvrir tout le chemin \u00ab\u00a0de la graine au pain\u00a0\u00bb. D&rsquo;ailleurs, toute la restauration sera g\u00e9r\u00e9e sur place par les organisateurs, en plus du bar pr\u00e9sent sur le site.<\/p>\n<p melodystyle=\"texte\">Des spectacles pour la famille et les enfants vont agr\u00e9menter les deux journ\u00e9es en parall\u00e8le des ateliers et des r\u00e9cits de voyage. Le festival propose \u00e9galement une plus grosse soir\u00e9e de concerts samedi 4\u00a0octobre de 19h \u00e0 1h du matin. Les organisateurs attendent entre 2\u00a0000\u00a0et 4\u00a0000 visiteurs.<\/p>\n<p style=\"font-weight:bold;color:#000;\">Pratique. Les Chemins de Travers, 4 et 5 octobre. Entr\u00e9e \u00e0 prix libre le samedi jusqu&rsquo;\u00e0 19h et le dimanche.<\/p>\n","protected":false},"excerpt":{"rendered":"L&rsquo;\u00e9v\u00e9nement pr\u00e9vu sur le quai Cavelier de la Salle change de lieu en raison d&rsquo;une alerte pour vent&hellip;\n","protected":false},"author":2,"featured_media":437066,"comment_status":"","ping_status":"","sticky":false,"template":"","format":"standard","meta":{"footnotes":""},"categories":[9587],"tags":[1111,11,1777,674,1011,27,12,5161,25,9590],"class_list":{"0":"post-437065","1":"post","2":"type-post","3":"status-publish","4":"format-standard","5":"has-post-thumbnail","7":"category-rouen","8":"tag-actu","9":"tag-actualites","10":"tag-eu","11":"tag-europe","12":"tag-fr","13":"tag-france","14":"tag-news","15":"tag-normandie","16":"tag-republique-francaise","17":"tag-rouen"},"share_on_mastodon":{"url":"https:\/\/pubeurope.com\/@fr\/115312267363986454","error":""},"_links":{"self":[{"href":"https:\/\/www.europesays.com\/fr\/wp-json\/wp\/v2\/posts\/437065","targetHints":{"allow":["GET"]}}],"collection":[{"href":"https:\/\/www.europesays.com\/fr\/wp-json\/wp\/v2\/posts"}],"about":[{"href":"https:\/\/www.europesays.com\/fr\/wp-json\/wp\/v2\/types\/post"}],"author":[{"embeddable":true,"href":"https:\/\/www.europesays.com\/fr\/wp-json\/wp\/v2\/users\/2"}],"replies":[{"embeddable":true,"href":"https:\/\/www.europesays.com\/fr\/wp-json\/wp\/v2\/comments?post=437065"}],"version-history":[{"count":0,"href":"https:\/\/www.europesays.com\/fr\/wp-json\/wp\/v2\/posts\/437065\/revisions"}],"wp:featuredmedia":[{"embeddable":true,"href":"https:\/\/www.europesays.com\/fr\/wp-json\/wp\/v2\/media\/437066"}],"wp:attachment":[{"href":"https:\/\/www.europesays.com\/fr\/wp-json\/wp\/v2\/media?parent=437065"}],"wp:term":[{"taxonomy":"category","embeddable":true,"href":"https:\/\/www.europesays.com\/fr\/wp-json\/wp\/v2\/categories?post=437065"},{"taxonomy":"post_tag","embeddable":true,"href":"https:\/\/www.europesays.com\/fr\/wp-json\/wp\/v2\/tags?post=437065"}],"curies":[{"name":"wp","href":"https:\/\/api.w.org\/{rel}","templated":true}]}}