{"id":437073,"date":"2025-10-03T21:08:42","date_gmt":"2025-10-03T21:08:42","guid":{"rendered":"https:\/\/www.europesays.com\/fr\/437073\/"},"modified":"2025-10-03T21:08:42","modified_gmt":"2025-10-03T21:08:42","slug":"saint-jean-23-infos-5-octobre-2025","status":"publish","type":"post","link":"https:\/\/www.europesays.com\/fr\/437073\/","title":{"rendered":"Saint Jean 23 infos 5 octobre 2025"},"content":{"rendered":"<blockquote><p>\nSi vous aviez de la foi !\n<\/p><\/blockquote>\n<p><img loading=\"lazy\" decoding=\"async\" class=\"aligncenter size-full wp-image-341085\" src=\"https:\/\/www.europesays.com\/fr\/wp-content\/uploads\/2025\/10\/Gros-arbre.jpg\" alt=\"\" width=\"620\" height=\"465\"  \/><\/p>\n<p>(Luc 17, 5-10)<\/p>\n<p>\u2192 Vie de la paroisse<\/p>\n<ul>\n<li><strong>Samedi 4 octobre<\/strong> 9h30-15h30 Rennes, Maison dioc\u00e9saine <strong>: <\/strong><a href=\"https:\/\/associationdiocesai.sharepoint.com\/sites\/ServiceCommunication\/Documents%20partages\/Forms\/AllItems.aspx?id=%2Fsites%2FServiceCommunication%2FDocuments%20partages%2FLettre%20Dioc%C3%A9saine%2FPastorale%20liturgique%20et%20sacramentelle%2FLettre%20annonce%2Djournee%2Dsacristains%20Oct%202025%20%2DV2%2Epdf&amp;parent=%2Fsites%2FServiceCommunication%2FDocuments%20partages%2FLettre%20Dioc%C3%A9saine%2FPastorale%20liturgique%20et%20sacramentelle&amp;p=true&amp;ga=1\" target=\"_blank\" rel=\"noopener nofollow\"><strong>Journ\u00e9e des sacristains<\/strong><\/a><strong>.<\/strong>\u00a0La Commission Dioc\u00e9saine d\u2019Art Sacr\u00e9 organise des r\u00e9unions d\u00e9localis\u00e9es pour les sacristains, les personnes impliqu\u00e9es dans l\u2019ouverture, le fleurissement et le m\u00e9nage des \u00e9glises, les membres des conseils pastoraux, les responsables de la communication de leur paroisse et toutes personnes int\u00e9ress\u00e9es par le patrimoine religieux.<\/li>\n<\/ul>\n<p><img loading=\"lazy\" decoding=\"async\" class=\"attachment-rect-260-146 size-rect-260-146 wp-post-image aligncenter\" src=\"https:\/\/www.europesays.com\/fr\/wp-content\/uploads\/2025\/09\/img-5363-rogne-800x400-1-260x146.jpg\" alt=\"\" width=\"260\" height=\"146\"\/><\/p>\n<ul>\n<li><strong>Dimanche 5 octobre <\/strong>12h Salles paroissiales Saint-Paul<strong> : D\u00e9jeuner de l\u2019amiti\u00e9.<\/strong> L<a href=\"https:\/\/www.lazare.eu\/\" target=\"_blank\" rel=\"noopener nofollow\">\u2018association Lazare<\/a> et la paroisse Saint Jean XXIII vous invitent \u00e0 partager un moment fraternel avec nos amis de la rue. Vous \u00eates tous les bienvenus autour d\u2019un buffet partag\u00e9, <strong>avec ce que vous apporterez<\/strong> ! ou <strong>participer <\/strong>en proposant des plats sal\u00e9s et sucr\u00e9s \u00e0 d\u00e9poser directement \u00e0 la salle paroissiale ce jour l\u00e0. <strong>L\u2019\u00e9quipe d\u2019organisation a besoin de renfort notamment pour la logistique (installation, service, vaisselle, rangement).<\/strong> Une rencontre aura lieu le <strong>jeudi 9 octobre \u00e0 20h30 \u00e0 la salle paroissiale Saint-Paul (bilan et perspectives)<\/strong>. Les paroissiens int\u00e9ress\u00e9s sont cordialement invit\u00e9s. Contact : permanences de l\u2019accueil de la paroisse (02.99.59.01.04)<\/li>\n<\/ul>\n<p><img loading=\"lazy\" decoding=\"async\" id=\"dimg_FtfTaLmDDaCYkdUPxJ6p8AI_265\" class=\"YQ4gaf aligncenter\" src=\"https:\/\/www.europesays.com\/fr\/wp-content\/uploads\/2025\/10\/images\" alt=\"\u00c0 Marcq-en-Bar\u0153ul, la colocation sociale de Lazare comme rem\u00e8de \u00e0 l'exclusion - La Voix du Nord\" width=\"300\" height=\"168\" data-csiid=\"FtfTaLmDDaCYkdUPxJ6p8AI_100\" data-atf=\"4\" data-ilt=\"1758713630209\" data-deferred=\"3\" data-iml=\"1758713630211\"\/><\/p>\n<ul>\n<li><strong>Tous les mercredis 18h30 : Chapelet<\/strong> devant l\u2019\u00e9glise <strong>Saint-Martin.<\/strong><\/li>\n<li><strong>Samedi 11 octobre <\/strong>14h-16h30 salle paroissiale Saint Paul : <strong>Rencontre de la communaut\u00e9 <\/strong><a href=\"https:\/\/www.foietlumiere.org\/fr\" target=\"_blank\" rel=\"noopener nofollow\"><strong>Foi et Lumi\u00e8re<\/strong><\/a>. Jeux, danses, chants, mime, pri\u00e8re\u2026 Une communaut\u00e9 Foi et Lumi\u00e8re rassemble des personnes avec un handicap mental, leur famille et des amis. Venez nous rejoindre !<\/li>\n<li><strong>Dimanche 12 octobre : <\/strong><a href=\"https:\/\/rennes.catholique.fr\/jubile\/jubile-2025-dans-le-diocese\/430425-le-guide-du-jubile\/\" target=\"_blank\" rel=\"noopener nofollow\"><strong>d\u00e9marche jubilaire paroissiale<\/strong><\/a>, en lien avec la Saint Jean XXIII (11 octobre). P\u00e8lerinage \u00e0 pied (pour ceux qui peuvent) vers 15h depuis nos 2 \u00e9glises jusqu\u2019\u00e0 la cath\u00e9drale o\u00f9 nous suivrons le parcours propos\u00e9.<\/li>\n<\/ul>\n<p><strong>Cat\u00e9ch\u00e8se 2025-2026 : Inscriptions<\/strong><\/p>\n<p>Cliquez sur le lien pour toute inscription \u00e0 la cat\u00e9ch\u00e8se pour l\u2019ann\u00e9e 2025-2026 : <a href=\"https:\/\/public.enoria.app\/pubinsc\/auth?type=groupe&amp;t=a56af5e1067e242\" target=\"_blank\" rel=\"noopener nofollow\"><strong>https:\/\/public.enoria.app\/pubinsc\/auth?type=groupe&amp;t=a56af5e1067e242<\/strong><\/a><br \/>Ou flashez le QR code :<\/p>\n<p><strong><img loading=\"lazy\" decoding=\"async\" class=\"aligncenter wp-image-444004\" src=\"https:\/\/www.europesays.com\/fr\/wp-content\/uploads\/2025\/09\/qrcode-inscription-cate-2025-2026.jpg\" alt=\"\" width=\"106\" height=\"105\"  \/><\/strong><\/p>\n<p><a href=\"https:\/\/rennes.catholique.fr\/services\/catechese\/431627-jubile-le-bas-relief\/\" target=\"_blank\" rel=\"noopener nofollow\"><strong data-wp-editing=\"1\">Le bas-relief du Jubil\u00e9<\/strong><\/a><\/p>\n<p>Signe du Jubil\u00e9 pour notre dioc\u00e8se, un bas-relief de la Sainte Famille est pr\u00e9sent dans chaque paroisse, et donc bien s\u00fbr dans notre paroisse Saint Jean XXIII. <strong>Si vous souhaitez le recevoir chez vous, merci de vous adresser \u00e0 l\u2019accueil (horaires et coordonn\u00e9es sur la page d\u2019accueil du site internet de la paroisse) ou de vous inscrire sur la feuille lors des messes dominicales<\/strong>. Celui-ci est accompagn\u00e9 d\u2019un <a href=\"https:\/\/rennes.catholique.fr\/jubile-2025-dans-le-diocese\/430425-le-guide-du-jubile\/\" target=\"_blank\" rel=\"noopener nofollow\">guide<\/a> du jubil\u00e9, ainsi qu\u2019un signet-pri\u00e8re.<\/p>\n<p><a href=\"https:\/\/www.europesays.com\/fr\/wp-content\/uploads\/2025\/04\/bas-relief-jubile-2025.jpg\" target=\"_blank\" rel=\"noopener\"><img loading=\"lazy\" decoding=\"async\" class=\"wp-image-431655\" src=\"https:\/\/www.europesays.com\/fr\/wp-content\/uploads\/2025\/04\/bas-relief-jubile-2025.jpg\" alt=\"\" width=\"165\" height=\"202\"  \/><\/a>La Sainte Famille : bas-relief paroissial de l\u2019ann\u00e9e jubilaire 2025<\/p>\n<p><img loading=\"lazy\" decoding=\"async\" class=\"aligncenter wp-image-431656 size-full\" src=\"https:\/\/www.europesays.com\/fr\/wp-content\/uploads\/2025\/04\/bouton-jubile-2025.jpg\" alt=\"\" width=\"300\" height=\"42\"\/><\/p>\n<p><strong>Nos pr\u00eatres c\u00e9l\u00e8brent la messe tous les jours, en communion avec nous, et \u00e0 nos intentions<\/strong><\/p>\n<ul>\n<li>Samedi 4 octobre 18h Saint-Martin : Mr Yves Tanguy+, Isabelle Cohignac+<\/li>\n<li>Dimanche 5 octobre 10h30 Saint-Paul : Mr Bernard Boisgerault et sa fille Chantal Delys+, Nicolas Simonnot+<\/li>\n<li>Mardi 7 octobre 18h30 Saint-Paul : En l\u2019honneur de Saint Michel Archange pour le salut et la conversion de la France<\/li>\n<li>Mercredi 8 octobre 18h30 Saint-Paul : Les \u00c2mes du purgatoire<\/li>\n<li>Jeudi 9 octobre 8h30 Saint-Martin : Les d\u00e9funts de la famille Boucher<\/li>\n<li>Vendredi 10 octobre 18h30 Saint-Paul : Mr Gildas Prigent+<\/li>\n<li>Samedi 11 octobre 18h Saint-Martin : Mr et Mme Andr\u00e9 et H\u00e9l\u00e8ne Menais+ et leur fille Solange+<\/li>\n<li>Dimanche 12 octobre 10h30 Saint-Paul : Mr Quentin Simon+<\/li>\n<\/ul>\n<p><strong>Obs\u00e8ques<\/strong><\/p>\n<ul>\n<li><strong>Lundi 29 septembre : Mr Patrick Hubert Neveu (Saint-Paul)<\/strong><\/li>\n<\/ul>\n<p>\u00a0<\/p>\n<p>\u2192 Dans le dioc\u00e8se, et au-del\u00e0\u2026<\/p>\n<p><strong>Samedi 4 octobre<\/strong> 19h30 Rennes, \u00e9glise Saint-\u00c9tienne : <a><strong>Conf\u00e9rence spirituelle sur Saint Charbel<\/strong><\/a>. Chorale de chants maronites, inauguration du coin pri\u00e8re d\u00e9di\u00e9 \u00e0 Saint-Charbel.<\/p>\n<p><img loading=\"lazy\" decoding=\"async\" class=\"sFlh5c FyHeAf iPVvYb aligncenter\" src=\"https:\/\/www.europesays.com\/fr\/wp-content\/uploads\/2025\/09\/st-charbel-makhlouf-849x1024.jpg\" alt=\"Our News - FAMILY OF ST. SHARBEL USA\" width=\"189\" height=\"228\"\/><\/p>\n<p><a href=\"https:\/\/eglise.catholique.fr\/sengager-dans-la-societe\/migrants\/journee-mondiale-migrant-refugie\/\" target=\"_blank\" rel=\"noopener nofollow\"><img loading=\"lazy\" decoding=\"async\" class=\"sFlh5c FyHeAf iPVvYb\" src=\"https:\/\/www.europesays.com\/fr\/wp-content\/uploads\/2025\/10\/image_large.png\" alt=\"Journ\u00e9e Mondiale du Migrant et du R\u00e9fugi\u00e9 2025 \u2014 Dioc\u00e8se de Coutances\" width=\"460\" height=\"276\"\/><\/a>Cliquez sur l\u2019image<\/p>\n<p><a href=\"https:\/\/www.sajedistribution.com\/film\/sacre-coeur.html\" target=\"_blank\" rel=\"noopener nofollow\"><strong>\u00abSacr\u00e9 C\u0153ur\u00bb : un film de Sabrina et Steven Gunnell<\/strong><\/a>. Il y a 350 ans, en France, J\u00e9sus a fait conna\u00eetre son c\u0153ur br\u00fblant d\u2019amour \u00e0 Sainte Marguerite-Marie. Aujourd\u2019hui, dans le monde entier, la puissance du Sacr\u00e9-C\u0153ur transforme encore des vies. Un docu-fiction saisissant qui nous plonge au cours des si\u00e8cles dans le myst\u00e8re du Sacr\u00e9-C\u0153ur de J\u00e9sus et nous r\u00e9v\u00e8le son Amour personnel et inconditionnel.<\/p>\n<p><img loading=\"lazy\" decoding=\"async\" class=\"attachment-rect-260-146 size-rect-260-146 wp-post-image aligncenter\" src=\"https:\/\/www.europesays.com\/fr\/wp-content\/uploads\/2025\/10\/affiche-sacre-coeur-620x349-1-1-260x146.jpg\" alt=\"\" width=\"260\" height=\"146\"\/><\/p>\n<p><strong>Mardi 7 octobre<\/strong> 20h Rennes, salle Saint Pierre et Saint Paul (133 rue de Saint H\u00e9lier) : <strong><a href=\"https:\/\/rennes.catholique.fr\/actualite\/agenda-diocesain\/444298-soirees-parcours-alpha\/\" target=\"_blank\" rel=\"noopener nofollow\">Soir\u00e9e Parcours Alpha<\/a><\/strong>. Soir\u00e9e d\u00e9couverte, suivi de 10 soir\u00e9es de 20h \u00e0 22h. Un d\u00eener, un bref expos\u00e9 suivi d\u2019une discussion.<\/p>\n<p><img loading=\"lazy\" decoding=\"async\" class=\"attachment-rect-260-146 size-rect-260-146 wp-post-image aligncenter\" src=\"https:\/\/www.europesays.com\/fr\/wp-content\/uploads\/2025\/10\/parcours-alpha-1-260x146.jpg\" alt=\"\" width=\"260\" height=\"146\"\/><\/p>\n<p><strong>Mercredi 8 octobre<\/strong> 18h30 Rennes, Pontorson (50), Prieur\u00e9 du Mont Saint-Michel, Ardevon : <a href=\"https:\/\/www.pelerin-montsaintmichel.org\/actualites\/les-anges-leur-realite-leur-role-leur-mystere\" target=\"_blank\" rel=\"noopener nofollow\"><strong>Conf\u00e9rence \u00abLes anges, leur r\u00e9alit\u00e9, leur r\u00f4le, leur myst\u00e8re\u00bb<\/strong><\/a>. Anim\u00e9e par Anne Bernet, historienne et auteur du livre Enqu\u00eate sur les anges. Organis\u00e9e par 1000 Raisons de Croire, une initiative port\u00e9e par l\u2019Association Marie de Nazareth.<\/p>\n<p><img loading=\"lazy\" decoding=\"async\" class=\"attachment-rect-260-146 size-rect-260-146 wp-post-image aligncenter\" src=\"https:\/\/www.europesays.com\/fr\/wp-content\/uploads\/2025\/10\/conf-les-anges-festival-1000-raisons-de-croire-260x146.jpg\" alt=\"\" width=\"260\" height=\"146\"\/><\/p>\n<p><strong>Mercredi 8 octobre 20h en direct sur Youtube : <\/strong><a href=\"https:\/\/www.youtube.com\/live\/SK15_b7jEn0\" target=\"_blank\" rel=\"noopener nofollow\"><strong>\u00ab\u00a0Ce que ton don change\u00a0\u00bb<\/strong><\/a>. Soir\u00e9e nationale en direct sur Youtube pour informer les catholiques sur l\u2019utilisation de leurs dons par l\u2019\u00c9glise. O\u00f9 vont concr\u00e8tement vos dons \u00e0 l\u2019\u00c9glise ? D\u00e9couvrez le lors de cet \u00e9v\u00e9nement live : topos d\u2019experts, t\u00e9moignages et r\u00e9ponses en direct.<\/p>\n<p><strong><a href=\"https:\/\/www.youtube.com\/live\/SK15_b7jEn0\" target=\"_blank\" rel=\"noopener nofollow\"><img loading=\"lazy\" decoding=\"async\" class=\"aligncenter wp-image-444942\" src=\"https:\/\/www.europesays.com\/fr\/wp-content\/uploads\/2025\/10\/ce-que-ton-don-change-viens-comprendre-ou-vont-tes-dons-a-leglise.jpg\" alt=\"\" width=\"258\" height=\"145\"  \/><\/a><\/strong><\/p>\n<p><strong>Du 10 au 12 octobre<\/strong> Abbaye de Saint-Jacut de la Mer : <a href=\"https:\/\/www.abbaye-st-jacut.com\/programmation\/detail\/festival-ecologie-2025\" target=\"_blank\" rel=\"noopener nofollow\"><strong>Festival foi et \u00e9cologie<\/strong><\/a>. Pour sa quatri\u00e8me \u00e9dition, ce festival cherchera \u00e0 dessiner les contours d\u2019une n\u00e9cessaire r\u00e9sistance face \u00e0 une r\u00e9gression dangereuse pour l\u2019avenir de la plan\u00e8te et de ses habitants.<\/p>\n<p><img loading=\"lazy\" decoding=\"async\" class=\"attachment-rect-260-146 size-rect-260-146 wp-post-image aligncenter\" src=\"https:\/\/www.europesays.com\/fr\/wp-content\/uploads\/2025\/10\/deni-ecologique-conference-st-jacut-260x146.jpg\" alt=\"\" width=\"260\" height=\"146\"\/><\/p>\n<p><strong>Samedi 11 octobre<\/strong> 9h-17h30 Saint-Malo, Keriadenn : <a href=\"https:\/\/rennes.catholique.fr\/actualite\/agenda-diocesain\/439405-cleophas-le-rassemblement-diocesain-de-la-catechese\/\" target=\"_blank\" rel=\"noopener nofollow\"><strong>Cl\u00e9ophas, le rassemblement dioc\u00e9sain de la Cat\u00e9ch\u00e8se<\/strong><\/a>. Un rassemblement pour tous les enfants qui ont fait leur 1\u00e8re communion dans l\u2019ann\u00e9e\u2026 Un temps pour les parents est sp\u00e9cifiquement organis\u00e9.<\/p>\n<p><img loading=\"lazy\" decoding=\"async\" class=\"attachment-rect-260-146 size-rect-260-146 wp-post-image aligncenter\" src=\"https:\/\/www.europesays.com\/fr\/wp-content\/uploads\/2025\/09\/cleophas-2025-260x146.png\" alt=\"\" width=\"260\" height=\"146\"\/><\/p>\n<p><strong>Samedi 11 et dimanche 12 octobre<\/strong> : <a href=\"https:\/\/peledugrandouest2025-montsaintmichel.venio.fr\/fr\" target=\"_blank\" rel=\"noopener nofollow\"><strong>P\u00e8lerinage des \u00e9tudiants au Mont Saint-Michel<\/strong><\/a>. Avec des jeunes venant de tous les dioc\u00e8ses de l\u2019Ouest ! Pour t\u2019inscrire, tu dois \u00eatre en capacit\u00e9 de marcher 20 kilom\u00e8tres et de traverser la Baie du Mont Saint-Michel.<\/p>\n<p><img loading=\"lazy\" decoding=\"async\" class=\"attachment-rect-260-146 size-rect-260-146 wp-post-image aligncenter\" src=\"https:\/\/www.europesays.com\/fr\/wp-content\/uploads\/2025\/10\/pele-etudiant-mt-st-michel-2025-v-260x146.png\" alt=\"\" width=\"260\" height=\"146\"\/><\/p>\n<p>\u00a0<\/p>\n<p><a href=\"https:\/\/www.opm-france.org\/tout-savoir\/semaine-missionnaire-mondiale\/\" target=\"_blank\" rel=\"noopener nofollow\"><img loading=\"lazy\" decoding=\"async\" class=\"shrinkToFit\" src=\"https:\/\/www.europesays.com\/fr\/wp-content\/uploads\/2025\/10\/Affiche-Semaine-Missionnaire-2025_A3.jpg\" alt=\"https:\/\/www.europesays.com\/fr\/wp-content\/uploads\/2025\/10\/Affiche-Semaine-Missionnaire-2025_A3.jpg\" width=\"401\" height=\"567\"\/><\/a>Cliquez sur l\u2019image pour acc\u00e9der au site<\/p>\n<p>\u00a0<\/p>\n<p><a href=\"https:\/\/congresmission.com\/congres-mission-2025\/\" target=\"_blank\" rel=\"noopener nofollow\"><img loading=\"lazy\" decoding=\"async\" class=\"attachment-large wp-image-7030\" src=\"https:\/\/www.europesays.com\/fr\/wp-content\/uploads\/2025\/05\/Capture-decran-2025-04-29-111948.png\" alt=\"\" width=\"335\" height=\"419\"\/><\/a>Cliquez sur l\u2019image pour acc\u00e9der au site<br \/>\n<a href=\"https:\/\/rennes.catholique.fr\/services\/pelerinages-diocesains\/437564-pelerinage-a-rome-jubile-2025\/\" target=\"_blank\" rel=\"noopener nofollow\"><img loading=\"lazy\" decoding=\"async\" class=\"vc_single_image-img attachment-full\" title=\"P\u00e9l\u00e9 Rome - Couv dossier\" src=\"https:\/\/www.europesays.com\/fr\/wp-content\/uploads\/2025\/05\/pele-rome-couv-dossier.jpg\" alt=\"\" width=\"500\" height=\"709\"\/><\/a>Cliquez sur l\u2019image pour infos et inscriptions. Date limite d\u2019inscription : mercredi 10 septembre !<\/p>\n<p>\u00a0<\/p>\n<p><img loading=\"lazy\" decoding=\"async\" class=\"aligncenter size-full wp-image-333310\" src=\"https:\/\/www.europesays.com\/fr\/wp-content\/uploads\/2025\/04\/Ligne-galets.jpg\" alt=\"galet\" width=\"526\" height=\"35\"  \/><\/p>\n","protected":false},"excerpt":{"rendered":"Si vous aviez de la foi ! (Luc 17, 5-10) \u2192 Vie de la paroisse Samedi 4 octobre&hellip;\n","protected":false},"author":2,"featured_media":437074,"comment_status":"","ping_status":"","sticky":false,"template":"","format":"standard","meta":{"footnotes":""},"categories":[2821],"tags":[1111,11,829,1777,674,1011,27,12,584,25],"class_list":{"0":"post-437073","1":"post","2":"type-post","3":"status-publish","4":"format-standard","5":"has-post-thumbnail","7":"category-rennes","8":"tag-actu","9":"tag-actualites","10":"tag-bretagne","11":"tag-eu","12":"tag-europe","13":"tag-fr","14":"tag-france","15":"tag-news","16":"tag-rennes","17":"tag-republique-francaise"},"share_on_mastodon":{"url":"https:\/\/pubeurope.com\/@fr\/115312284625311341","error":""},"_links":{"self":[{"href":"https:\/\/www.europesays.com\/fr\/wp-json\/wp\/v2\/posts\/437073","targetHints":{"allow":["GET"]}}],"collection":[{"href":"https:\/\/www.europesays.com\/fr\/wp-json\/wp\/v2\/posts"}],"about":[{"href":"https:\/\/www.europesays.com\/fr\/wp-json\/wp\/v2\/types\/post"}],"author":[{"embeddable":true,"href":"https:\/\/www.europesays.com\/fr\/wp-json\/wp\/v2\/users\/2"}],"replies":[{"embeddable":true,"href":"https:\/\/www.europesays.com\/fr\/wp-json\/wp\/v2\/comments?post=437073"}],"version-history":[{"count":0,"href":"https:\/\/www.europesays.com\/fr\/wp-json\/wp\/v2\/posts\/437073\/revisions"}],"wp:featuredmedia":[{"embeddable":true,"href":"https:\/\/www.europesays.com\/fr\/wp-json\/wp\/v2\/media\/437074"}],"wp:attachment":[{"href":"https:\/\/www.europesays.com\/fr\/wp-json\/wp\/v2\/media?parent=437073"}],"wp:term":[{"taxonomy":"category","embeddable":true,"href":"https:\/\/www.europesays.com\/fr\/wp-json\/wp\/v2\/categories?post=437073"},{"taxonomy":"post_tag","embeddable":true,"href":"https:\/\/www.europesays.com\/fr\/wp-json\/wp\/v2\/tags?post=437073"}],"curies":[{"name":"wp","href":"https:\/\/api.w.org\/{rel}","templated":true}]}}