{"id":437075,"date":"2025-10-03T21:09:34","date_gmt":"2025-10-03T21:09:34","guid":{"rendered":"https:\/\/www.europesays.com\/fr\/437075\/"},"modified":"2025-10-03T21:09:34","modified_gmt":"2025-10-03T21:09:34","slug":"rennes-les-lutins-en-charge-des-decors-lumineux-de-noel-ouvrent-la-porte-de-leur-atelier","status":"publish","type":"post","link":"https:\/\/www.europesays.com\/fr\/437075\/","title":{"rendered":"Rennes. Les lutins en charge des d\u00e9cors lumineux de No\u00ebl ouvrent la porte de leur atelier"},"content":{"rendered":"<p><a href=\"https:\/\/unidivers.fr\/wp-content\/uploads\/2025\/10\/decors-lumineux-cet-hiver-a-rennes-2.jpg\" data-caption=\"\" rel=\"nofollow noopener\" target=\"_blank\"><img decoding=\"async\" loading=\"eager\" fetchpriority=\"high\" width=\"696\" height=\"523\" class=\"entry-thumb td-modal-image\" src=\"https:\/\/www.europesays.com\/fr\/wp-content\/uploads\/2025\/10\/decors-lumineux-cet-hiver-a-rennes-2-696x523.jpg\"   alt=\"d\u00e9cors lumineux cet hiver \u00e0 rennes\" title=\"d\u00e9cors lumineux cet hiver \u00e0 rennes (2)\"\/><\/a>\u00c0 Rennes, mille et une lumi\u00e8res s\u2019appr\u00eatent \u00e0 \u00e9clore pour les f\u00eates. Nous avons ouvert la porte d\u2019un lieu secret o\u00f9, loin des regards, les mains patientes des artisans municipaux pr\u00e9parent depuis des semaines la magie scintillante de d\u00e9cembre\u2026<\/p>\n<p>Peut-\u00eatre les avez-vous d\u00e9j\u00e0 crois\u00e9es : ces silhouettes en gilet fluorescent, perch\u00e9es sur une nacelle, accroch\u00e9es aux branches nues des platanes ou aux fa\u00e7ades des rues commer\u00e7antes. Les camions de la <strong>Ville de Rennes<\/strong> sillonnent la cit\u00e9 pour suspendre les premiers \u00e9clats de la f\u00eate. D\u00e8s le 29 novembre 2025, la capitale bretonne brillera \u00e0 nouveau, apr\u00e8s le traditionnel lancement des illuminations par la Maire et Pr\u00e9sidente de Rennes M\u00e9tropole, Nathalie App\u00e9r\u00e9. Alors, d\u2019un seul geste, l\u2019obscurit\u00e9 se changera en conte lumineux.<\/p>\n<p><img fetchpriority=\"high\" decoding=\"async\" width=\"1280\" height=\"961\" src=\"https:\/\/www.europesays.com\/fr\/wp-content\/uploads\/2025\/10\/decors-lumineux-cet-hiver-a-rennes-1.jpg\" alt=\"d\u00e9cors lumineux cet hiver \u00e0 Rennes\" class=\"wp-image-3291170 lazy\"  data- data-eio=\"p\"\/>Dans l\u2019atelier, Michel Fixot, \u00e9lectricien, et Bertrand Bigot, conseiller technique, veillent \u00e0 chaque d\u00e9tail des d\u00e9corations.<\/p>\n<p>Derri\u00e8re cette f\u00e9erie se cache un univers m\u00e9connu : les ateliers municipaux, o\u00f9 les d\u00e9corations patientent comme des tr\u00e9sors endormis. L\u00e0, on restaure une \u00e9toile, on retisse une guirlande, on invente des formes nouvelles. \u00ab Chaque ann\u00e9e, nous disposons certains d\u00e9cors dans des lieux strat\u00e9giques pour que les enfants, pour qui l\u2019offre est souvent plus restreinte, puissent s\u2019\u00e9merveiller \u00bb, raconte <strong>Bertrand Bigot<\/strong>, du service f\u00eates, \u00e9clairagiste de formation. Les agents municipaux ont puis\u00e9 leur savoir-faire aupr\u00e8s d\u2019artistes. Rennes cultive alors la particularit\u00e9 de concevoir ses propres lumi\u00e8res en plus d\u2019acheter certains d\u00e9cors. Un No\u00ebl fa\u00e7onn\u00e9 \u00e0 la main, pens\u00e9 comme un r\u00e9cit pour petits et grands.<\/p>\n<p><img loading=\"lazy\" decoding=\"async\" width=\"1280\" height=\"961\" src=\"https:\/\/www.europesays.com\/fr\/wp-content\/uploads\/2025\/10\/decors-lumineux-cet-hiver-a-rennes-3.jpg\" alt=\"d\u00e9cors lumineux cet hiver \u00e0 Rennes\" class=\"wp-image-3291172 lazy\"  data- data-eio=\"p\"\/><\/p>\n<p>Au fil des ans, la cr\u00e9ativit\u00e9 grandit. Avec le fabricant Leblanc Illuminations, install\u00e9 au Mans, les dessins esquiss\u00e9s \u00e0 Rennes prennent vie. C\u2019est ainsi qu\u2019est n\u00e9 le ballet des 150 \u00e9toiles de deux tailles et couleurs diff\u00e9rentes qui habillent la place Sainte-Anne. Cette ann\u00e9e, une nouveaut\u00e9 surgira au d\u00e9tour de la place Champ-Jacquet : six lustres monumentaux, comme des bijoux suspendus au ciel, leurs croisillons rappelant les colombages, leurs teintes puis\u00e9es dans les tableaux d\u2019Anne de Bretagne. \u00ab Chaque lustre comportera trois anneaux, le plus grand mesurant pr\u00e8s de deux m\u00e8tres \u00bb, pr\u00e9cise Bertrand Bigot. Ces cr\u00e9ations ne se contentent pas d\u2019illuminer : elles respirent, varient, s\u2019\u00e9teignent et renaissent, comme un c\u0153ur battant dans la nuit. Le Parlement de Bretagne se pr\u00eatera aussi au jeu : sa fa\u00e7ade s\u2019animera progressivement gr\u00e2ce \u00e0 des sc\u00e9narios lumineux.<\/p>\n<p><img loading=\"lazy\" decoding=\"async\" width=\"1280\" height=\"961\" data-id=\"3291178\" src=\"https:\/\/www.europesays.com\/fr\/wp-content\/uploads\/2025\/10\/decors-lumineux-cet-hiver-a-rennes-9.jpg\" alt=\"d\u00e9cors lumineux cet hiver \u00e0 Rennes\" class=\"wp-image-3291178 lazy\"  data- data-eio=\"p\"\/><img loading=\"lazy\" decoding=\"async\" width=\"1280\" height=\"961\" data-id=\"3291174\" src=\"https:\/\/www.europesays.com\/fr\/wp-content\/uploads\/2025\/10\/decors-lumineux-cet-hiver-a-rennes-5.jpg\" alt=\"d\u00e9cors lumineux cet hiver \u00e0 Rennes\" class=\"wp-image-3291174 lazy\"  data- data-eio=\"p\"\/><\/p>\n<blockquote class=\"wp-block-quote is-layout-flow wp-block-quote-is-layout-flow\"><p><img loading=\"lazy\" decoding=\"async\" width=\"1280\" height=\"961\" src=\"https:\/\/www.europesays.com\/fr\/wp-content\/uploads\/2025\/10\/decors-lumineux-cet-hiver-a-rennes-6.jpg\" alt=\"d\u00e9cors lumineux cet hiver \u00e0 Rennes\" class=\"wp-image-3291175 lazy\"  data- data-eio=\"p\"\/>\u00ab Observer comment le public vit la ville \u00e0 travers ces lumi\u00e8res, c\u2019est aussi une part de notre m\u00e9tier \u00bb, confie Bertrand Bigot.<\/p><\/blockquote>\n<p>Car la magie a aussi son c\u00f4t\u00e9 d\u2019atelier : on recycle, on r\u00e9invente, on offre une seconde vie aux ornements. Les \u00e9toiles du Mail Fran\u00e7ois-Mitterrand, par exemple, ont \u00e9t\u00e9 relook\u00e9es en interne avec de nouvelles guirlandes, pour briller davantage. \u00ab Nous travaillons \u00e0 budget constant, il faut donc \u00eatre malins. Une partie du mat\u00e9riel est revaloris\u00e9e pour \u00e9viter de nouveaux achats \u00bb, poursuit-il. Les c\u0153urs, autrefois suspendus rue Le Bastard, ont \u00e9t\u00e9 d\u00e9nud\u00e9s, redessin\u00e9s, transform\u00e9s. Aujourd\u2019hui, ce sont des feuilles de gui, \u00e0 double face \u2013 verte d\u2019un c\u00f4t\u00e9, blanche de l\u2019autre \u2013 qui les remplacent. Ainsi, selon le pas du promeneur, la rue change de d\u00e9cor, comme un d\u00e9cor de th\u00e9\u00e2tre qui se retourne. Voil\u00e0, peut-\u00eatre, ce que signifie<strong> No\u00ebl \u00e0 Rennes<\/strong> : quitter un instant la routine, lever les yeux et se laisser surprendre par une lueur nouvelle.<\/p>\n<p><img loading=\"lazy\" decoding=\"async\" width=\"1280\" height=\"961\" src=\"https:\/\/www.europesays.com\/fr\/wp-content\/uploads\/2025\/10\/decors-lumineux-cet-hiver-a-rennes-4.jpg\" alt=\"d\u00e9cors lumineux cet hiver \u00e0 Rennes\" class=\"wp-image-3291173 lazy\"  data- data-eio=\"p\"\/>Les \u00e9toiles du Mail Fran\u00e7ois-Mitterrand, redessin\u00e9es et rajeunies.<img loading=\"lazy\" decoding=\"async\" width=\"1280\" height=\"961\" data-id=\"3291177\" src=\"https:\/\/www.europesays.com\/fr\/wp-content\/uploads\/2025\/10\/decors-lumineux-cet-hiver-a-rennes-8.jpg\" alt=\"d\u00e9cors lumineux cet hiver \u00e0 Rennes\" class=\"wp-image-3291177 lazy\"  data- data-eio=\"p\"\/><img loading=\"lazy\" decoding=\"async\" width=\"1280\" height=\"961\" data-id=\"3291176\" src=\"https:\/\/www.europesays.com\/fr\/wp-content\/uploads\/2025\/10\/decors-lumineux-cet-hiver-a-rennes-7.jpg\" alt=\"d\u00e9cors lumineux cet hiver \u00e0 Rennes\" class=\"wp-image-3291176 lazy\"  data- data-eio=\"p\"\/><\/p>\n","protected":false},"excerpt":{"rendered":"\u00c0 Rennes, mille et une lumi\u00e8res s\u2019appr\u00eatent \u00e0 \u00e9clore pour les f\u00eates. Nous avons ouvert la porte d\u2019un&hellip;\n","protected":false},"author":2,"featured_media":437076,"comment_status":"","ping_status":"","sticky":false,"template":"","format":"standard","meta":{"footnotes":""},"categories":[2821],"tags":[1111,11,829,1777,674,1011,27,12,584,25],"class_list":{"0":"post-437075","1":"post","2":"type-post","3":"status-publish","4":"format-standard","5":"has-post-thumbnail","7":"category-rennes","8":"tag-actu","9":"tag-actualites","10":"tag-bretagne","11":"tag-eu","12":"tag-europe","13":"tag-fr","14":"tag-france","15":"tag-news","16":"tag-rennes","17":"tag-republique-francaise"},"share_on_mastodon":{"url":"https:\/\/pubeurope.com\/@fr\/115312287447081900","error":""},"_links":{"self":[{"href":"https:\/\/www.europesays.com\/fr\/wp-json\/wp\/v2\/posts\/437075","targetHints":{"allow":["GET"]}}],"collection":[{"href":"https:\/\/www.europesays.com\/fr\/wp-json\/wp\/v2\/posts"}],"about":[{"href":"https:\/\/www.europesays.com\/fr\/wp-json\/wp\/v2\/types\/post"}],"author":[{"embeddable":true,"href":"https:\/\/www.europesays.com\/fr\/wp-json\/wp\/v2\/users\/2"}],"replies":[{"embeddable":true,"href":"https:\/\/www.europesays.com\/fr\/wp-json\/wp\/v2\/comments?post=437075"}],"version-history":[{"count":0,"href":"https:\/\/www.europesays.com\/fr\/wp-json\/wp\/v2\/posts\/437075\/revisions"}],"wp:featuredmedia":[{"embeddable":true,"href":"https:\/\/www.europesays.com\/fr\/wp-json\/wp\/v2\/media\/437076"}],"wp:attachment":[{"href":"https:\/\/www.europesays.com\/fr\/wp-json\/wp\/v2\/media?parent=437075"}],"wp:term":[{"taxonomy":"category","embeddable":true,"href":"https:\/\/www.europesays.com\/fr\/wp-json\/wp\/v2\/categories?post=437075"},{"taxonomy":"post_tag","embeddable":true,"href":"https:\/\/www.europesays.com\/fr\/wp-json\/wp\/v2\/tags?post=437075"}],"curies":[{"name":"wp","href":"https:\/\/api.w.org\/{rel}","templated":true}]}}