{"id":437077,"date":"2025-10-03T21:10:24","date_gmt":"2025-10-03T21:10:24","guid":{"rendered":"https:\/\/www.europesays.com\/fr\/437077\/"},"modified":"2025-10-03T21:10:24","modified_gmt":"2025-10-03T21:10:24","slug":"je-soupconne-monsieur-lecornu-de-se-fiche-de-nous","status":"publish","type":"post","link":"https:\/\/www.europesays.com\/fr\/437077\/","title":{"rendered":"\u00ab\u00a0Je soup\u00e7onne Monsieur Lecornu de se fiche de nous\u00a0\u00bb"},"content":{"rendered":"<p><a href=\"https:\/\/www.lalsace.fr\/p\/jean-luc-melenchon\" target=\"_blank\" rel=\"nofollow noopener\">Jean-Luc M\u00e9lenchon<\/a> \u00e0 Strasbourg ce vendredi apr\u00e8s-midi, a dit ne pas croire en la promesse du Premier ministre <a href=\"https:\/\/www.lalsace.fr\/p\/sebastien-lecornu\" target=\"_blank\" rel=\"nofollow noopener\">S\u00e9bastien Lecornu<\/a> de renoncer \u00e0 l\u2019usage de l\u2019article\u00a049.3 de la Constitution qui permet de faire adopter un texte sans vote. \u00ab\u00a0Je soup\u00e7onne Monsieur Lecornu de se fiche de nous\u00a0\u00bb, a d\u00e9clar\u00e9 le leader de la France insoumise qui appelle \u00e0 la d\u00e9mission du pr\u00e9sident de la R\u00e9publique.<\/p>\n<p>Vendredi matin depuis le perron de l\u2019h\u00f4tel Matignon, le Premier ministre a en effet d\u00e9clar\u00e9 renoncer \u00e0 l\u2019usage de l\u2019article\u00a049.3, \u00ab\u00a0puisque, a-t-il expliqu\u00e9, cet article permet au gouvernement d\u2019interrompre les d\u00e9bats, d\u2019engager la responsabilit\u00e9 du gouvernement et au gouvernement d\u2019\u00e9crire la copie\u2026 Un outil utile mais qui a plut\u00f4t \u00e9t\u00e9 imagin\u00e9 par Michel Debr\u00e9 pour contraindre sa majorit\u00e9. Or dans un parlement\u2026 on ne peut pas passer en force et contraindre son opposition\u00a0\u00bb.<\/p>\n<p>  \u00ab\u00a0On ne te croit pas\u00a0\u00bb<\/p>\n<p>Lors d\u2019une conf\u00e9rence de presse organis\u00e9e \u00e0 Strasbourg dans un \u00e9tablissement de la place de la Gare, en marge d\u2019une rencontre autour de la publication du nouveau livre de l\u2019Institut la Bo\u00e9tie qu\u2019il copr\u00e9side ( Nouveau peuple, nouvelle gauche , \u00c9ditions Amsterdam), Jean-Luc M\u00e9lenchon a \u00e9num\u00e9r\u00e9 plusieurs autres outils pr\u00e9vus par la Constitution qui permettent de pallier l\u2019absence de majorit\u00e9 \u00e0 l\u2019Assembl\u00e9e nationale\u00a0: le vote bloqu\u00e9 (article\u00a044), les ordonnances et d\u00e9crets (articles\u00a038 et\u00a034) ou la possibilit\u00e9 de passer le budget par ordonnance (article\u00a047). \u00ab\u00a0Les promesses n\u2019engagent que ceux qui les croient [\u2026] en r\u00e9sum\u00e9, paroles verbales, on ne te croit pas, a martel\u00e9 Jean-Luc M\u00e9lenchon. Tu n\u2019as pas l\u2019intention de gouverner sans nous forcer le moment venu\u00a0\u00bb.<\/p>\n<p>  Une liste LFI d\u00e8s le premier tour<\/p>\n<p>Interrog\u00e9 sur la perspective des prochaines \u00e9lections municipales, Jean-Luc M\u00e9lenchon, qui \u00e9tait accompagn\u00e9 du d\u00e9put\u00e9 LFI bas-rhinois <a href=\"https:\/\/www.lalsace.fr\/p\/emmanuel-fernandes\" target=\"_blank\" rel=\"nofollow noopener\">Emmanuel Fernandes<\/a>, a confirm\u00e9 qu\u2019il y aura une liste LFI d\u00e8s le premier tour \u00e0 Strasbourg. La maire \u00e9cologiste <a href=\"https:\/\/www.lalsace.fr\/p\/jeanne-barseghian\" target=\"_blank\" rel=\"nofollow noopener\">Jeanne Barseghian<\/a> a d\u2019ores et d\u00e9j\u00e0 annonc\u00e9 qu\u2019elle briguera un deuxi\u00e8me mandat.<\/p>\n<p>\u00ab\u00a0En g\u00e9n\u00e9ral, telles que les choses semblent se dessiner, nous n\u2019avons gu\u00e8re le choix que de pr\u00e9senter des listes partout au premier tour, a-t-il confirm\u00e9 [\u2026] Dans toutes les grandes villes, \u00e0 partir de 50\u00a0000 habitants, il y aura une liste insoumise au premier tour et apr\u00e8s l\u2019\u00e9lection continuera. Et si nous sommes devant, on demandera \u00e0 \u00eatre la t\u00eate de liste du deuxi\u00e8me tour\u00a0\u00bb.<\/p>\n<p>Ni le leader du mouvement ni le d\u00e9put\u00e9, t\u00eate de liste potentielle, n\u2019ont souhait\u00e9 rendre publique la liste des candidats \u00e0 l\u2019investiture. Celle-ci sera accord\u00e9e le 16\u00a0octobre.<\/p>\n","protected":false},"excerpt":{"rendered":"Jean-Luc M\u00e9lenchon \u00e0 Strasbourg ce vendredi apr\u00e8s-midi, a dit ne pas croire en la promesse du Premier ministre&hellip;\n","protected":false},"author":2,"featured_media":437078,"comment_status":"","ping_status":"","sticky":false,"template":"","format":"standard","meta":{"footnotes":""},"categories":[2820],"tags":[1111,11,2389,1777,674,107,1011,27,775,2338,12,316,25,640],"class_list":{"0":"post-437077","1":"post","2":"type-post","3":"status-publish","4":"format-standard","5":"has-post-thumbnail","7":"category-strasbourg","8":"tag-actu","9":"tag-actualites","10":"tag-alsace","11":"tag-eu","12":"tag-europe","13":"tag-fil-info","14":"tag-fr","15":"tag-france","16":"tag-grand-est","17":"tag-la-france-insoumise","18":"tag-news","19":"tag-politique","20":"tag-republique-francaise","21":"tag-strasbourg"},"share_on_mastodon":{"url":"https:\/\/pubeurope.com\/@fr\/115312291284938300","error":""},"_links":{"self":[{"href":"https:\/\/www.europesays.com\/fr\/wp-json\/wp\/v2\/posts\/437077","targetHints":{"allow":["GET"]}}],"collection":[{"href":"https:\/\/www.europesays.com\/fr\/wp-json\/wp\/v2\/posts"}],"about":[{"href":"https:\/\/www.europesays.com\/fr\/wp-json\/wp\/v2\/types\/post"}],"author":[{"embeddable":true,"href":"https:\/\/www.europesays.com\/fr\/wp-json\/wp\/v2\/users\/2"}],"replies":[{"embeddable":true,"href":"https:\/\/www.europesays.com\/fr\/wp-json\/wp\/v2\/comments?post=437077"}],"version-history":[{"count":0,"href":"https:\/\/www.europesays.com\/fr\/wp-json\/wp\/v2\/posts\/437077\/revisions"}],"wp:featuredmedia":[{"embeddable":true,"href":"https:\/\/www.europesays.com\/fr\/wp-json\/wp\/v2\/media\/437078"}],"wp:attachment":[{"href":"https:\/\/www.europesays.com\/fr\/wp-json\/wp\/v2\/media?parent=437077"}],"wp:term":[{"taxonomy":"category","embeddable":true,"href":"https:\/\/www.europesays.com\/fr\/wp-json\/wp\/v2\/categories?post=437077"},{"taxonomy":"post_tag","embeddable":true,"href":"https:\/\/www.europesays.com\/fr\/wp-json\/wp\/v2\/tags?post=437077"}],"curies":[{"name":"wp","href":"https:\/\/api.w.org\/{rel}","templated":true}]}}