{"id":437079,"date":"2025-10-03T21:11:39","date_gmt":"2025-10-03T21:11:39","guid":{"rendered":"https:\/\/www.europesays.com\/fr\/437079\/"},"modified":"2025-10-03T21:11:39","modified_gmt":"2025-10-03T21:11:39","slug":"7-evenements-dedies-a-loktoberfest-a-strasbourg","status":"publish","type":"post","link":"https:\/\/www.europesays.com\/fr\/437079\/","title":{"rendered":"7 \u00e9v\u00e9nements d\u00e9di\u00e9s \u00e0 l\u2019Oktoberfest \u00e0 Strasbourg"},"content":{"rendered":"<p><b>\u00c0 Munich, sa 190e \u00e9dition a d\u00e9marr\u00e9, comme chaque ann\u00e9e, d\u00e8s septembre pour entamer octobre pas tr\u00e8s tr\u00e8s sobres. Mais l\u2019Oktoberfest arrive cet automne jusqu\u2019\u00e0 Strasbourg pour une rentr\u00e9e sans pression. Pintes de mousse et currywurst : voici 5 plans pour boire sa bi\u00e8re \u00e0 la mode de Bavi\u00e8re.<\/b><\/p>\n<p>Oktoberfest des Kneckes\u00a0: bi\u00e8res et J\u00e4ger<\/p>\n<p>Apr\u00e8s le clin d\u2019\u0153il \u00e0 la braderie de Lille et \u00e0 nos voisin(e)s \u00ab Biloutes \u00bb le mois dernier,<b> le Troquet des Kneckes <\/b>nous d\u00e9payse une nouvelle fois\u00a0: <b>depuis le 29 septembre, le bar nous embarque \u00e0 Munich\u00a0<\/b>!<\/p>\n<p>Et pour conclure son Oktoberfest \u00ab\u00a0version Kneckes\u00a0\u00bb, il annonce <b>le jeudi 4 octobre une soir\u00e9e J\u00e4germeister<\/b>. Le programme\u00a0? \u00ab On boit du J\u00e4ger, point. \u00bb\u00a0La messe est dite.<\/p>\n<p align=\"CENTER\"><b>Quand et o\u00f9\u00a0?<br \/><\/b>Jusqu\u2019au 4 octobre<br \/>Au Troquet des Kneckes<br \/><a href=\"https:\/\/fb.me\/e\/9SV078S6s\" target=\"_blank\" rel=\"noopener\">L\u2019\u00e9v\u00e9nement Facebook<\/a><\/p>\n<p>    <img width=\"450\" height=\"600\" src=\"https:\/\/www.europesays.com\/fr\/wp-content\/uploads\/2025\/10\/troquet-des-kneckes2-450x600.jpg\" class=\"attachment-image-size-M size-image-size-M\" alt=\"troquet des kneckes + oktoberfest\" decoding=\"async\" loading=\"lazy\"  \/>         \u00a9 Troquet des Kneckes \/ Document remis <\/p>\n<p>Oktoberfest\u00a0du Tigre avec October Tone : yoga beer et concerts<\/p>\n<p>Pour ce mois d\u2019octobre, c\u2019est une collab\u2019 qui fait sens\u00a0: pour f\u00eater son Oktoberfest, <b>le Petit Tigre<\/b> invite<b> le label strasbourgeois October Tone<\/b>\u00a0!<\/p>\n<p>Entre les bi\u00e8res : des riffs de guitare. Le vendredi 10, on y verra <b>M 52<\/b>,<b> Bad Juice <\/b>et<b> Lonlax\u00a0<\/b>; et le samedi 11, <b>Rachid Bowie<\/b>, <b>April\u2019s Fish <\/b>et <b>Damaghead<\/b> pour <b>\u00ab\u00a0une ambiance rock ind\u00e9 100% locale\u00a0\u00bb<\/b>.<\/p>\n<p>Pour arroser le tout, le bar nous rincera tout le week-end d\u2019<b>activit\u00e9s originales<\/b> (dont quelques-unes autour de la bi\u00e8re, \u00e9videmment) avec : du<strong> y<\/strong><b>oga beer<\/b>, ainsi que des <b>ateliers floraux, de mixologie ou de bi\u00e9rologie<\/b>. Et le dimanche\u00a0? Un <b>Grand Bingo Drag avec la House of Marley<\/b>\u00a0!<\/p>\n<p align=\"CENTER\"><b>Quand et o\u00f9\u00a0?<br \/><\/b>Du vendredi 10 au dimanche 12 octobre<br \/>Au Petit Tigre<br \/><a href=\"https:\/\/fb.me\/e\/69i1QeCCM\" target=\"_blank\" rel=\"noopener\">L\u2019\u00e9v\u00e9nement Facebook<\/a><\/p>\n<p>                <img width=\"375\" height=\"500\" src=\"https:\/\/www.europesays.com\/fr\/wp-content\/uploads\/2025\/10\/img-6875-375x500.jpeg\" class=\"attachment-gallery size-gallery\" alt=\"Le Tigre yoga beer\" data-full-url=\"https:\/\/pokaa.fr\/wp-content\/uploads\/2024\/10\/01\/img-6875.jpeg\" decoding=\"async\" loading=\"lazy\"  \/>            <\/p>\n<p>                <img width=\"375\" height=\"500\" src=\"https:\/\/www.europesays.com\/fr\/wp-content\/uploads\/2025\/10\/img-6809-375x500.jpg\" class=\"attachment-gallery size-gallery\" alt=\"Le Tigre\" data-full-url=\"https:\/\/pokaa.fr\/wp-content\/uploads\/2024\/10\/01\/img-6809.jpg\" decoding=\"async\" loading=\"lazy\"  \/>            <\/p>\n<p>                <img width=\"875\" height=\"500\" src=\"https:\/\/www.europesays.com\/fr\/wp-content\/uploads\/2025\/10\/tigre-1-875x500.png\" class=\"attachment-gallery size-gallery\" alt=\"tigre\" data-full-url=\"https:\/\/pokaa.fr\/wp-content\/uploads\/2024\/10\/01\/tigre-1.png\" decoding=\"async\" loading=\"lazy\"  \/>            <\/p>\n<p>                    Atelier de bi\u00e9rologie et yoga beer. \u00a9 Le Tigre \/ Documents remis<\/p>\n<p>L&rsquo;OFFtoberFest de Street Bouche\u00a0: Munich, place de Zurich<\/p>\n<p>Le week-end prochain, toujours, l\u2019\u00e9quipe De La Food se r\u00e9installera au c\u0153ur de la Krut\u2019 \u2013 o\u00f9 se tiennent ses <b>Street Bouche <\/b><strong>Corners<\/strong> \u2013 pour un nouveau voyage culinaire. <b>Les 11 et 12 octobre<\/b>, elle lancera la <b>seconde \u00e9dition<\/b> de son OFF de l\u2019Oktoberfest\u00a0:<b> l\u2019OFFtoberfest<\/b>. \u00ab\u00a0Un \u00e9v\u00e9nement qui a pour but de symboliser <b>l\u2019amiti\u00e9 franco-allemande.<\/b> \u00bb<\/p>\n<p>Elle en reprendra les codes avec des grandes tabl\u00e9es conviviales (<b>stammtisch)<\/b> et de la street food d\u2019outre-Rhin \u00e0 la carte. Si tu pratiques l\u2019allemand gourmand : <b>des schnitzels, de la currywurst, du k\u00e4sekuchen, des dampfnudels<\/b>\u2026 Ainsi que des sp\u00e9cialit\u00e9s d\u2019ici avec des spaetzles, des tartes flamb\u00e9es, des bretzels, des knacks et saucisses blanches.<\/p>\n<p>    <img width=\"800\" height=\"534\" src=\"https:\/\/www.europesays.com\/fr\/wp-content\/uploads\/2025\/10\/IMG_9368.jpg\" class=\"attachment-image-size-L size-image-size-L\" alt=\"street bouche tarte flamb\u00e9e\" decoding=\"async\" loading=\"lazy\"  \/>         \u00a9 Pokaa <\/p>\n<p>Pour rincer ton gosier, l\u2019OFFtoberfest convie \u00e9galement deux brasseries\u00a0: <b>Meteor<\/b> pour chez nous, et <b>Dinkelacker<\/b> pour la d\u00e9couverte, avec une s\u00e9lec\u2019 de bi\u00e8res blanches et d\u2019Oktoberfest.<\/p>\n<p>Quant \u00e0 recr\u00e9er l\u2019ambiance <strong>s<\/strong><b>chlager party <\/b>: elle alignera des <b>DJ et musicos en d\u00e9ambulation <\/b>tout au long du week-end. En bref\u00a0: pour se croire \u00e0 Munich, place de Zurich.<\/p>\n<p align=\"CENTER\"><b>Quand et o\u00f9\u00a0?<br \/><\/b>Samedi 11 (de 11h \u00e0 23h) et dimanche 12 octobre (de 11h \u00e0 20h)<br \/>Place de Zurich<br \/><a href=\"https:\/\/fb.me\/e\/6JFIO7vxP\" target=\"_blank\" rel=\"noopener\">L\u2019\u00e9v\u00e9nement Facebook<\/a><\/p>\n<p>                <img width=\"750\" height=\"500\" src=\"https:\/\/www.europesays.com\/fr\/wp-content\/uploads\/2025\/04\/street-bouche-strasbourg-201749.jpg\" class=\"attachment-gallery size-gallery\" alt=\"street-bouche-strasbourg-201749\" data-full-url=\"https:\/\/www.europesays.com\/fr\/wp-content\/uploads\/2025\/04\/street-bouche-strasbourg-201749.jpg\" decoding=\"async\" loading=\"lazy\"  \/>            <\/p>\n<p>                <img width=\"375\" height=\"500\" src=\"https:\/\/www.europesays.com\/fr\/wp-content\/uploads\/2025\/09\/img-0829-375x500.jpeg\" class=\"attachment-gallery size-gallery\" alt=\"Munich curry wurst frite\" data-full-url=\"https:\/\/pokaa.fr\/wp-content\/uploads\/2025\/09\/10\/img-0829.jpeg\" decoding=\"async\" loading=\"lazy\"  \/>            <\/p>\n<p>                    1. \u00a9 Street Bouche \/ Document remis ; 2. \u00a9 Anthony Jilli \/ Pokaa<\/p>\n<p>Oktoberfest au Meteor\u00a0: concerts, petites mousses et photobooth<\/p>\n<p>Avec ses dimensions folles, et son d\u00e9bit \u00e0 l\u2019ann\u00e9e\u2026 <b>Le Meteor<\/b>, c\u2019est une f\u00eate de la bi\u00e8re \u00e0 lui tout seul. Mais <b>du 11 au 19 octobre<\/b>, le bar strasbourgeois se met \u00e0 l\u2019heure allemande. \u00c0 la carte\u00a0? <b>Des pintes au prix des 40cl<\/b>, des <b>sp\u00e9cialit\u00e9s germaniques<\/b> (currywurst, bretzels, choucroute et knacks), et une \u00ab\u00a0d\u00e9co qui [nous] emm\u00e8ne direct en Bavi\u00e8re\u00a0\u00bb.<\/p>\n<p>Pour parfaire la carte postale\u00a0: des \u00ab\u00a0<b>concerts live <\/b>qui font vibrer [nos] chopes\u00a0\u00bb avec <b>FlexMachine<\/b> (samedi 11 et dimanche 12), et<b> ZornWind <\/b>(samedi 18 et dimanche 19). Et pour le souvenir\u00a0: arr\u00eate-toi au<b> photobooth<\/b> (chaque samedi), au risque de tout oublier de ta soir\u00e9e, dans ta gueule de bois.<\/p>\n<p align=\"CENTER\"><b>Quand et o\u00f9\u00a0?<br \/><\/b>Du 11 au 19 octobre<br \/>Au Meteor<br \/><a href=\"https:\/\/fb.me\/e\/amaYJ7SyZ\" target=\"_blank\" rel=\"noopener\">L\u2019\u00e9v\u00e9nement Facebook<\/a><\/p>\n<p>    <img width=\"450\" height=\"600\" src=\"https:\/\/www.europesays.com\/fr\/wp-content\/uploads\/2025\/10\/meteor-450x600.jpg\" class=\"attachment-image-size-M size-image-size-M\" alt=\"Meteor bi\u00e8re\" decoding=\"async\" loading=\"lazy\"  \/>         \u00a9 Vivien Latuner \/ Pokaa <\/p>\n<p>Le plus insolite\u00a0: l&rsquo;Oktoberfest sur l&rsquo;eau avec Captain Bretzel<\/p>\n<p>Si pendant l\u2019Oktoberfest, c\u2019est la bi\u00e8re qui coule \u00e0 flots\u2026 <b>Chez Captain Bretzel, c\u2019est la bi\u00e8re qui te met \u00e0 flot<\/b>. \u00c0 l\u2019occasion de l\u2019iconique f\u00eate de la bi\u00e8re allemande, l\u2019enseigne de location de bateaux sans permis lance un concept original et unique\u00a0: <b>un biergarten flottant<\/b>, pour un afterwork <b>insolite<\/b>.<\/p>\n<p><b>Tout le mois d\u2019octobre<\/b>, son bateau VIP \u2013 l\u2019Ill Even \u2013 pourra accueillir <b>jusqu\u2019\u00e0 11 personnes, pour trinquer au fil de l\u2019Ill<\/b>.<\/p>\n<p>Pour se croire comme \u00e0 Munich, Captain Bretzel pr\u00e9voit pour ces <b>croisi\u00e8res priv\u00e9es de 2h<\/b>\u00a0\u00ab\u00a0une ambiance festive et d\u00e9contract\u00e9e inspir\u00e9e du <b>Ballermann\u00a0<\/b>\u00bb, <b>1 litre de bi\u00e8re par personne<\/b>, <b>et des bretzels, \u00e9videmment<\/b>.<\/p>\n<p align=\"CENTER\"><b>Quand et o\u00f9\u00a0?<br \/><\/b>Tout le mois d\u2019octobre<br \/>\u00c0 Captain Bretzel (sur le quai du bassin Dusuzeau)<br \/><a href=\"https:\/\/www.captainbretzel.eu\/\" target=\"_blank\" rel=\"noopener\">+ d\u2019infos<\/a><\/p>\n<p>                <img width=\"750\" height=\"500\" src=\"https:\/\/www.europesays.com\/fr\/wp-content\/uploads\/2025\/10\/captain-bretzel.jpg\" class=\"attachment-gallery size-gallery\" alt=\"captain bretzel\" data-full-url=\"https:\/\/www.europesays.com\/fr\/wp-content\/uploads\/2025\/10\/captain-bretzel.jpg\" decoding=\"async\" loading=\"lazy\"  \/>            <\/p>\n<p>                <img width=\"707\" height=\"500\" src=\"https:\/\/www.europesays.com\/fr\/wp-content\/uploads\/2025\/10\/1759525895_765_captain-bretzel.jpg\" class=\"attachment-gallery size-gallery\" alt=\"captain bretzel\" data-full-url=\"https:\/\/www.europesays.com\/fr\/wp-content\/uploads\/2025\/10\/1759525895_765_captain-bretzel.jpg\" decoding=\"async\" loading=\"lazy\"  \/>            <\/p>\n<p>                    \u00a9 Captain Bretzel \/ Documents remis<\/p>\n<p>Quand y en n&rsquo;a plus, y en a encore\u00a0!<\/p>\n<p>Comme pour la Saint-Patrick, les stammtischs de l\u2019Oktoberfest ont fait des petits, partout \u00e0 Strasbourg et autour. Alors regarde l\u2019actu de ton bar pr\u00e9f\u00e9r\u00e9 : il te r\u00e9serve peut-\u00eatre lui aussi une soir\u00e9e.<\/p>\n<p>On a d\u2019ailleurs rep\u00e9r\u00e9 celle <a href=\"https:\/\/fb.me\/e\/5iyDz4MIs\" target=\"_blank\" rel=\"noopener\"><b>au restaurant Schatzi le jeudi 9<\/b><\/a>, et <a href=\"https:\/\/fb.me\/e\/3zbUwMkDc\" target=\"_blank\" rel=\"noopener\"><b>au Cheval Blanc de Schiltigheim le jeudi 24<\/b><\/a>.<\/p>\n<p>                <img width=\"667\" height=\"500\" src=\"https:\/\/www.europesays.com\/fr\/wp-content\/uploads\/2025\/10\/img-20211207-152552-scaled-e1666840219765-667x500.jpg\" class=\"attachment-gallery size-gallery\" alt=\"atelier la colombe + robe alsacienne + costume\" data-full-url=\"https:\/\/pokaa.fr\/wp-content\/uploads\/2022\/10\/img-20211207-152552-1500x1125.jpg\" decoding=\"async\" loading=\"lazy\"  \/>            <\/p>\n<p>                <img width=\"667\" height=\"500\" src=\"https:\/\/www.europesays.com\/fr\/wp-content\/uploads\/2025\/10\/img-20211207-152252-scaled-e1666839985127-667x500.jpg\" class=\"attachment-gallery size-gallery\" alt=\"atelier la colombe + robe alsacienne + costume + gilet\" data-full-url=\"https:\/\/pokaa.fr\/wp-content\/uploads\/2022\/10\/img-20211207-152252-1500x1125.jpg\" decoding=\"async\" loading=\"lazy\"  \/>            <\/p>\n<p>                    Atelier de la Colombe. \u00a9 Fanny Soriano \/ Pokaa<\/p>\n<p>Et pour te saper, plut\u00f4t qu\u2019enfiler un <b>\u00ab\u00a0dirndl\u00a0\u00bb<\/b> de seconde zone achet\u00e9 sur Amazon, n\u2019h\u00e9site pas \u00e0 faire un crochet par <b>L\u2019Atelier de la Colombe<\/b>, \u00e0 Strasbourg.<\/p>\n<p>Nous t\u2019en parlions d\u00e9j\u00e0<a href=\"https:\/\/pokaa.fr\/2022\/10\/30\/avec-sa-coiffe-et-sa-robe-typique-la-figure-de-lalsacienne-au-dela-du-costume-lhistoire-dune-region\/\" target=\"_blank\" rel=\"noopener\"> <b>dans un article sur la figure de l\u2019Alsacienne<\/b><\/a><b>\u00a0<\/b>: Rita, sa fondatrice, a cr\u00e9\u00e9 sa collection <a href=\"https:\/\/gehts-in.com\/\" target=\"_blank\" rel=\"noopener\">Geht\u2019s in<\/a>, <b>une version modernis\u00e9e du costume folklorique alsacien<\/b>. Pour une alternative locale au costume bavarois.<\/p>\n<p>Allez, chacun(e) \u00e0 son poste et comme on dit l\u00e0-bas\u00a0: <strong>\u00ab\u00a0Prost\u00a0!\u00a0\u00bb<\/strong><\/p>\n<p>                <a href=\"https:\/\/pokaa.fr\/2025\/09\/13\/de-strasbourg-a-munich-3-jours-entre-surf-biergarten-festif-et-palais-grandiose\/\" target=\"_blank\" rel=\"noopener\"><br \/>\n                    <img width=\"450\" height=\"270\" src=\"https:\/\/www.europesays.com\/fr\/wp-content\/uploads\/2025\/10\/okk-450x270.png\" class=\"attachment-card-horizontal--same-subject size-card-horizontal--same-subject wp-post-image\" alt=\"\" decoding=\"async\" loading=\"lazy\"\/>                <\/a><\/p>\n","protected":false},"excerpt":{"rendered":"\u00c0 Munich, sa 190e \u00e9dition a d\u00e9marr\u00e9, comme chaque ann\u00e9e, d\u00e8s septembre pour entamer octobre pas tr\u00e8s tr\u00e8s&hellip;\n","protected":false},"author":2,"featured_media":437080,"comment_status":"","ping_status":"","sticky":false,"template":"","format":"standard","meta":{"footnotes":""},"categories":[2820],"tags":[1111,11,7722,1777,674,4768,1011,27,775,12,41611,25,640],"class_list":{"0":"post-437079","1":"post","2":"type-post","3":"status-publish","4":"format-standard","5":"has-post-thumbnail","7":"category-strasbourg","8":"tag-actu","9":"tag-actualites","10":"tag-biere","11":"tag-eu","12":"tag-europe","13":"tag-fete","14":"tag-fr","15":"tag-france","16":"tag-grand-est","17":"tag-news","18":"tag-oktoberfest","19":"tag-republique-francaise","20":"tag-strasbourg"},"share_on_mastodon":{"url":"https:\/\/pubeurope.com\/@fr\/115312295646289387","error":""},"_links":{"self":[{"href":"https:\/\/www.europesays.com\/fr\/wp-json\/wp\/v2\/posts\/437079","targetHints":{"allow":["GET"]}}],"collection":[{"href":"https:\/\/www.europesays.com\/fr\/wp-json\/wp\/v2\/posts"}],"about":[{"href":"https:\/\/www.europesays.com\/fr\/wp-json\/wp\/v2\/types\/post"}],"author":[{"embeddable":true,"href":"https:\/\/www.europesays.com\/fr\/wp-json\/wp\/v2\/users\/2"}],"replies":[{"embeddable":true,"href":"https:\/\/www.europesays.com\/fr\/wp-json\/wp\/v2\/comments?post=437079"}],"version-history":[{"count":0,"href":"https:\/\/www.europesays.com\/fr\/wp-json\/wp\/v2\/posts\/437079\/revisions"}],"wp:featuredmedia":[{"embeddable":true,"href":"https:\/\/www.europesays.com\/fr\/wp-json\/wp\/v2\/media\/437080"}],"wp:attachment":[{"href":"https:\/\/www.europesays.com\/fr\/wp-json\/wp\/v2\/media?parent=437079"}],"wp:term":[{"taxonomy":"category","embeddable":true,"href":"https:\/\/www.europesays.com\/fr\/wp-json\/wp\/v2\/categories?post=437079"},{"taxonomy":"post_tag","embeddable":true,"href":"https:\/\/www.europesays.com\/fr\/wp-json\/wp\/v2\/tags?post=437079"}],"curies":[{"name":"wp","href":"https:\/\/api.w.org\/{rel}","templated":true}]}}