{"id":437089,"date":"2025-10-03T21:16:10","date_gmt":"2025-10-03T21:16:10","guid":{"rendered":"https:\/\/www.europesays.com\/fr\/437089\/"},"modified":"2025-10-03T21:16:10","modified_gmt":"2025-10-03T21:16:10","slug":"faute-daccord-avec-le-maire-sortant-la-france-insoumise-fera-cavalier-seul","status":"publish","type":"post","link":"https:\/\/www.europesays.com\/fr\/437089\/","title":{"rendered":"faute d\u2019accord avec le maire sortant, la France insoumise fera cavalier seul"},"content":{"rendered":"<p>Il n\u2019y aura donc pas de colistiers La\u00a0France insoumise ou apparent\u00e9s au sein d\u2019une liste conduite par Cl\u00e9ment Rossignol Puech, maire \u00e9cologiste de B\u00e8gles. Dans un communiqu\u00e9 au vitriol adress\u00e9 vendredi 3\u00a0octobre, en fin d\u2019apr\u00e8s-midi, le groupe local LFI de B\u00e8gles annonce \u00e0 la fois la fin de non-recevoir du maire sortant (qui, pour l\u2019heure, n\u2019a pas d\u00e9clar\u00e9 sa candidature) et la constitution d\u2019une liste LFI. \u00ab\u00a0Apr\u00e8s plusieurs propositions de notre part sans suite donn\u00e9e par Monsieur Rossignol Puech et sans engager de r\u00e9elle discussion sur le fond, le maire nous a finalement signifi\u00e9 son refus de travailler avec nous \u00e0 une liste d\u2019union de la gauche.\u00a0\u00bb<\/p>\n<p>Si, dans \u00ab\u00a0Sud Ouest\u00a0\u00bb du 3\u00a0septembre, <a href=\"https:\/\/www.sudouest.fr\/gironde\/begles\/municipales-a-begles-des-candidats-lfi-sur-la-liste-du-maire-ecologiste-sortant-il-y-aura-discussion-previent-le-ps-25763327.php\" rel=\"nofollow noopener\" target=\"_blank\">le maire se disait \u00ab\u00a0favorable \u00e0 l\u2019union de la gauche et de la soci\u00e9t\u00e9 civile\u00a0\u00bb<\/a>, sans s\u2019avancer dans le d\u00e9tail de tractations pr\u00e9-municipales, LFI consid\u00e8re qu\u2019il r\u00e9pond l\u00e0 aux \u00ab\u00a0injonctions excluantes du Parti socialiste b\u00e9glais, pr\u00e9f\u00e9rant c\u00e9der aux arrangements politiciens r\u00e9tr\u00e9cis d\u2019une gauche d\u00e9connect\u00e9e des aspirations populaires\u00a0\u00bb. Sollicit\u00e9e d\u00e9but septembre par \u00ab\u00a0Sud Ouest\u00a0\u00bb, Edwige Lucbernet, premi\u00e8re adjointe PS, n\u2019avait pas cach\u00e9 ses r\u00e9ticences devant une \u00e9ventuelle entr\u00e9e de colistiers LFI\u00a0: \u00ab\u00a0Il est \u00e9vident que \u00e7a change la donne pour nous. [\u2026] Autant on a une histoire commune avec le PC [composante de la majorit\u00e9 plurielle du maire sortant, NDLR], autant il y aura discussion.\u00a0\u00bb<\/p>\n<p>\u00ab\u00a0Immobilisme\u00a0\u00bb<\/p>\n<p>\u00ab\u00a0Nous prenons acte de cette d\u00e9cision et nous en tirons les cons\u00e9quences. Nous pr\u00e9senterons une liste, soutenue par la France insoumise\u00a0\u00bb, annonce tout de go le communiqu\u00e9. Et si le groupe local LFI, dont les co-repr\u00e9sentants sont R\u00e9mi Joussiaume et Marie Janvier, appelle \u00e0 \u00ab\u00a0rompre avec l\u2019immobilisme et les renoncements\u00a0\u00bb, il entrouvre l\u00e9g\u00e8rement la porte dans un dernier paragraphe qui semble r\u00e9dig\u00e9 avec le souci de ne pas insulter l\u2019avenir, \u00ab\u00a0consid\u00e9rant que cette union des gauches constitue toujours l\u2019horizon \u00e0 atteindre, nous restons ouverts \u00e0 toute proposition d\u2019alliance\u00a0\u00bb. En 2020, une liste divers gauche, sans \u00e9tiquette politique mais emmen\u00e9e par Fanny Zellner, encart\u00e9e \u00e0 LFI, avait obtenu 8,89\u00a0% des voix.<\/p>\n<p>Sollicit\u00e9, le maire Cl\u00e9ment Rossignol Puech n\u2019en dira pas plus\u00a0: \u00ab\u00a0\u00c0 ce jour, je ne souhaite pas m\u2019exprimer sur les enjeux \u00e9lectoraux b\u00e9glais\u00a0\u00bb, faisait-il savoir par SMS, vendredi soir.<\/p>\n","protected":false},"excerpt":{"rendered":"Il n\u2019y aura donc pas de colistiers La\u00a0France insoumise ou apparent\u00e9s au sein d\u2019une liste conduite par Cl\u00e9ment&hellip;\n","protected":false},"author":2,"featured_media":437090,"comment_status":"","ping_status":"","sticky":false,"template":"","format":"standard","meta":{"footnotes":""},"categories":[2817],"tags":[1111,11,1997,1777,674,1011,27,12,2219,25],"class_list":{"0":"post-437089","1":"post","2":"type-post","3":"status-publish","4":"format-standard","5":"has-post-thumbnail","7":"category-bordeaux","8":"tag-actu","9":"tag-actualites","10":"tag-bordeaux","11":"tag-eu","12":"tag-europe","13":"tag-fr","14":"tag-france","15":"tag-news","16":"tag-nouvelle-aquitaine","17":"tag-republique-francaise"},"share_on_mastodon":{"url":"https:\/\/pubeurope.com\/@fr\/115312314574072235","error":""},"_links":{"self":[{"href":"https:\/\/www.europesays.com\/fr\/wp-json\/wp\/v2\/posts\/437089","targetHints":{"allow":["GET"]}}],"collection":[{"href":"https:\/\/www.europesays.com\/fr\/wp-json\/wp\/v2\/posts"}],"about":[{"href":"https:\/\/www.europesays.com\/fr\/wp-json\/wp\/v2\/types\/post"}],"author":[{"embeddable":true,"href":"https:\/\/www.europesays.com\/fr\/wp-json\/wp\/v2\/users\/2"}],"replies":[{"embeddable":true,"href":"https:\/\/www.europesays.com\/fr\/wp-json\/wp\/v2\/comments?post=437089"}],"version-history":[{"count":0,"href":"https:\/\/www.europesays.com\/fr\/wp-json\/wp\/v2\/posts\/437089\/revisions"}],"wp:featuredmedia":[{"embeddable":true,"href":"https:\/\/www.europesays.com\/fr\/wp-json\/wp\/v2\/media\/437090"}],"wp:attachment":[{"href":"https:\/\/www.europesays.com\/fr\/wp-json\/wp\/v2\/media?parent=437089"}],"wp:term":[{"taxonomy":"category","embeddable":true,"href":"https:\/\/www.europesays.com\/fr\/wp-json\/wp\/v2\/categories?post=437089"},{"taxonomy":"post_tag","embeddable":true,"href":"https:\/\/www.europesays.com\/fr\/wp-json\/wp\/v2\/tags?post=437089"}],"curies":[{"name":"wp","href":"https:\/\/api.w.org\/{rel}","templated":true}]}}