{"id":437102,"date":"2025-10-03T21:23:10","date_gmt":"2025-10-03T21:23:10","guid":{"rendered":"https:\/\/www.europesays.com\/fr\/437102\/"},"modified":"2025-10-03T21:23:10","modified_gmt":"2025-10-03T21:23:10","slug":"au-tribunal-la-bataille-entre-gerald-passedat-et-les-services-de-lurbanisme-de-marseille","status":"publish","type":"post","link":"https:\/\/www.europesays.com\/fr\/437102\/","title":{"rendered":"Au tribunal, la bataille entre G\u00e9rald Pass\u00e9dat et les services de l&rsquo;urbanisme de Marseille"},"content":{"rendered":"<p>L\u2019annonce de son nom au r\u00f4le ce vendredi 3\u00a0octobre avait attir\u00e9 quelques journalistes au palais de justice. Mais \u00e0 l\u2019ouverture de l\u2019audience dans laquelle devait compara\u00eetre <a href=\"https:\/\/www.laprovence.com\/article\/region\/40497189105201\/marseille-le-chef-gerald-passedat-lache-le-mole-son-restaurant-du-mucem\" target=\"_blank\" rel=\"noopener\">le c\u00e9l\u00e8bre chef cuisinier marseillais<\/a>, pas de <a href=\"https:\/\/www.laprovence.com\/article\/region\/3218956393147914\/a-marseille-l-odyssee-mediterraneenne-de-gerald-passedat\" target=\"_blank\" rel=\"noopener\">G\u00e9rald Pass\u00e9dat<\/a>. \u00c0 sa place, son avocate, Me Julie Savi, a sollicit\u00e9 un renvoi du dossier le temps d\u2019\u00e9tudier les possibilit\u00e9s de mise en conformit\u00e9 de la maison litigieuse de son client, lui-m\u00eame en d\u00e9placement \u00e0 Paris. Me Savi avait manifestement p\u00e9ch\u00e9 par exc\u00e8s de confiance. Agac\u00e9 par cette demande inopin\u00e9e sur un dossier d\u00e9j\u00e0 renvoy\u00e9 en f\u00e9vrier dernier, le tribunal a d\u00e9cid\u00e9 de le juger en l\u2019\u00e9tat, m\u00eame si la d\u00e9fense n\u2019y \u00e9tait pas pr\u00e9par\u00e9e.<\/p>\n<p>C\u2019est donc dans ce contexte baroque &#8211; et l\u00e9g\u00e8rement tendu &#8211; que la juge unique Margaux Kennedy s\u2019est plong\u00e9e dans les infractions aux r\u00e8gles d\u2019urbanismes reproch\u00e9es \u00e0 G\u00e9rald Pass\u00e9dat et \u00e0 sa SCI familiale. D\u00e9but janvier\u00a02023, les services de la Ville de <a href=\"https:\/\/www.laprovence.com\/bouches-du-rhone\/marseille-13055\" target=\"_blank\" rel=\"noopener\">Marseille<\/a> avaient \u00e9t\u00e9 destinataires de trois courriers d\u00e9non\u00e7ant un chantier illicite dans l\u2019impasse du Riff \u00e0 Endoume. Une parcelle occup\u00e9e par un garage, que G\u00e9rald Pass\u00e9dat voulait d\u00e9truire pour y installer une petite maison de trois \u00e9tages dont deux habitables, pour 58\u00a0m\u00b2 au t&#8230;<\/p>\n","protected":false},"excerpt":{"rendered":"L\u2019annonce de son nom au r\u00f4le ce vendredi 3\u00a0octobre avait attir\u00e9 quelques journalistes au palais de justice. Mais&hellip;\n","protected":false},"author":2,"featured_media":437103,"comment_status":"","ping_status":"","sticky":false,"template":"","format":"standard","meta":{"footnotes":""},"categories":[2814],"tags":[17,1111,11,24997,1102,2834,1777,674,274,1011,27,9631,151,884,12,56453,882,25,1858,3693],"class_list":{"0":"post-437102","1":"post","2":"type-post","3":"status-publish","4":"format-standard","5":"has-post-thumbnail","7":"category-marseille","8":"tag-17","9":"tag-actu","10":"tag-actualites","11":"tag-bataille","12":"tag-breakingnews","13":"tag-entre","14":"tag-eu","15":"tag-europe","16":"tag-faits-divers-justice","17":"tag-fr","18":"tag-france","19":"tag-gerald","20":"tag-les","21":"tag-marseille","22":"tag-news","23":"tag-passedat","24":"tag-provence-alpes-cote-dazur","25":"tag-republique-francaise","26":"tag-services","27":"tag-tribunal"},"share_on_mastodon":{"url":"https:\/\/pubeurope.com\/@fr\/115312342044865545","error":""},"_links":{"self":[{"href":"https:\/\/www.europesays.com\/fr\/wp-json\/wp\/v2\/posts\/437102","targetHints":{"allow":["GET"]}}],"collection":[{"href":"https:\/\/www.europesays.com\/fr\/wp-json\/wp\/v2\/posts"}],"about":[{"href":"https:\/\/www.europesays.com\/fr\/wp-json\/wp\/v2\/types\/post"}],"author":[{"embeddable":true,"href":"https:\/\/www.europesays.com\/fr\/wp-json\/wp\/v2\/users\/2"}],"replies":[{"embeddable":true,"href":"https:\/\/www.europesays.com\/fr\/wp-json\/wp\/v2\/comments?post=437102"}],"version-history":[{"count":0,"href":"https:\/\/www.europesays.com\/fr\/wp-json\/wp\/v2\/posts\/437102\/revisions"}],"wp:featuredmedia":[{"embeddable":true,"href":"https:\/\/www.europesays.com\/fr\/wp-json\/wp\/v2\/media\/437103"}],"wp:attachment":[{"href":"https:\/\/www.europesays.com\/fr\/wp-json\/wp\/v2\/media?parent=437102"}],"wp:term":[{"taxonomy":"category","embeddable":true,"href":"https:\/\/www.europesays.com\/fr\/wp-json\/wp\/v2\/categories?post=437102"},{"taxonomy":"post_tag","embeddable":true,"href":"https:\/\/www.europesays.com\/fr\/wp-json\/wp\/v2\/tags?post=437102"}],"curies":[{"name":"wp","href":"https:\/\/api.w.org\/{rel}","templated":true}]}}