{"id":437106,"date":"2025-10-03T21:25:11","date_gmt":"2025-10-03T21:25:11","guid":{"rendered":"https:\/\/www.europesays.com\/fr\/437106\/"},"modified":"2025-10-03T21:25:11","modified_gmt":"2025-10-03T21:25:11","slug":"lyon-politiques-propositions-de-jean-michel-aulas-lfi-et-tensions-dans-la-campagne","status":"publish","type":"post","link":"https:\/\/www.europesays.com\/fr\/437106\/","title":{"rendered":"Lyon Politiques : propositions de Jean-Michel Aulas, LFI et tensions dans la campagne"},"content":{"rendered":"<p>Le directeur de la publication de LyonMag Alexis Andr\u00e9, le journaliste Rapha\u00ebl Ruffier-Fossoul, la fondatrice du Lab des Id\u00e9es publiques et de l&rsquo;Equipe des Lyonnes Alexandra Carraz-Ceselli et le politologue Romain Blachier interviennent sur les sujets suivants :<\/p>\n<p>&#8211; Jean-Michel Aulas, des propositions trop \u00e0 droite, trop m\u00e9tropolitaines ?<br \/>&#8211; LFI finalement plus un probl\u00e8me \u00e0 Lyon pour le PS, Place Publique et Georges K\u00e9p\u00e9n\u00e9kian ?<br \/>&#8211; Tensions aux derniers conseils municipal et m\u00e9tropolitain : la campagne 2026 sera-t-elle la plus violente ?<\/p>\n<p><strong><a href=\"https:\/\/www.lyonmag.com\/category\/61\/lyon-politiques\" target=\"_blank\" rel=\"noopener\">Lyon Politiques<\/a>\u00a0est \u00e0 retrouver tous les vendredis \u00e0 16h30 sur LyonMag.com et sur\u00a0<a href=\"https:\/\/www.youtube.com\/channel\/UCepdRYTQt5vKtrz-CuaFzpg\" target=\"_blank\" rel=\"noopener\">la cha\u00eene Youtube de LyonMag<\/a>. Partagez, r\u00e9agissez sur les diff\u00e9rents r\u00e9seaux sociaux de LyonMag.<\/strong><\/p>\n<p>00:00 Introduction\/Sommaire<br \/>00:38 Propositions de Jean-Michel Aulas<br \/>15:30 LFI et reste de la gauche lyonnaise<br \/>23:57 Campagnes sous tension<\/p>\n<p>            <a href=\"#\" class=\"back-page\" rel=\"back\">X<\/a><\/p>\n","protected":false},"excerpt":{"rendered":"Le directeur de la publication de LyonMag Alexis Andr\u00e9, le journaliste Rapha\u00ebl Ruffier-Fossoul, la fondatrice du Lab des&hellip;\n","protected":false},"author":2,"featured_media":437107,"comment_status":"","ping_status":"","sticky":false,"template":"","format":"standard","meta":{"footnotes":""},"categories":[1889],"tags":[1111,11,2813,2190,2430,1109,251,1112,2811,1777,674,118,1011,27,1922,1110,1114,2428,2810,12,241,316,25,2812,517,800],"class_list":{"0":"post-437106","1":"post","2":"type-post","3":"status-publish","4":"format-standard","5":"has-post-thumbnail","7":"category-lyon","8":"tag-actu","9":"tag-actualites","10":"tag-article","11":"tag-asvel","12":"tag-auvergne-rhone-alpes","13":"tag-breves","14":"tag-culture","15":"tag-depeches","16":"tag-economique","17":"tag-eu","18":"tag-europe","19":"tag-faits-divers","20":"tag-fr","21":"tag-france","22":"tag-info","23":"tag-informations","24":"tag-infos","25":"tag-lyon","26":"tag-lyonmag","27":"tag-news","28":"tag-ol","29":"tag-politique","30":"tag-republique-francaise","31":"tag-sociale","32":"tag-sport","33":"tag-transports"},"share_on_mastodon":{"url":"https:\/\/pubeurope.com\/@fr\/115312349812320066","error":""},"_links":{"self":[{"href":"https:\/\/www.europesays.com\/fr\/wp-json\/wp\/v2\/posts\/437106","targetHints":{"allow":["GET"]}}],"collection":[{"href":"https:\/\/www.europesays.com\/fr\/wp-json\/wp\/v2\/posts"}],"about":[{"href":"https:\/\/www.europesays.com\/fr\/wp-json\/wp\/v2\/types\/post"}],"author":[{"embeddable":true,"href":"https:\/\/www.europesays.com\/fr\/wp-json\/wp\/v2\/users\/2"}],"replies":[{"embeddable":true,"href":"https:\/\/www.europesays.com\/fr\/wp-json\/wp\/v2\/comments?post=437106"}],"version-history":[{"count":0,"href":"https:\/\/www.europesays.com\/fr\/wp-json\/wp\/v2\/posts\/437106\/revisions"}],"wp:featuredmedia":[{"embeddable":true,"href":"https:\/\/www.europesays.com\/fr\/wp-json\/wp\/v2\/media\/437107"}],"wp:attachment":[{"href":"https:\/\/www.europesays.com\/fr\/wp-json\/wp\/v2\/media?parent=437106"}],"wp:term":[{"taxonomy":"category","embeddable":true,"href":"https:\/\/www.europesays.com\/fr\/wp-json\/wp\/v2\/categories?post=437106"},{"taxonomy":"post_tag","embeddable":true,"href":"https:\/\/www.europesays.com\/fr\/wp-json\/wp\/v2\/tags?post=437106"}],"curies":[{"name":"wp","href":"https:\/\/api.w.org\/{rel}","templated":true}]}}