{"id":437108,"date":"2025-10-03T21:27:11","date_gmt":"2025-10-03T21:27:11","guid":{"rendered":"https:\/\/www.europesays.com\/fr\/437108\/"},"modified":"2025-10-03T21:27:11","modified_gmt":"2025-10-03T21:27:11","slug":"le-kilo-de-pommes-de-terre-a-40-centimes-des-producteurs-de-pommes-de-terre-du-nord-triomphent-en-ile-de-france","status":"publish","type":"post","link":"https:\/\/www.europesays.com\/fr\/437108\/","title":{"rendered":"\u00ab Le kilo de pommes de terre \u00e0 40 centimes \u00bb : des producteurs de pommes de terre du Nord triomphent en \u00cele-de-France"},"content":{"rendered":"<p>Un camion s\u2019installe, une file de voitures s\u2019allonge et les sacs s\u2019empilent. Depuis quelque temps, des producteurs venus du Nord cr\u00e9ent la surprise en \u00cele-de-France. Leur atout ? Proposer des pommes de terre \u00e0 un prix qui interpelle et une organisation qui s\u00e9duit par sa simplicit\u00e9. Chaque passage attire davantage de monde, signe qu\u2019une habitude nouvelle est en train de s\u2019ancrer.<\/p>\n<p>Un drive malin pour acheter des pommes de terre<\/p>\n<p>Le dispositif repose sur un camion plac\u00e9 \u00e0 un point strat\u00e9gique, souvent pr\u00e8s d\u2019un march\u00e9 anim\u00e9, raconte bfmtv.com. Les clients restent dans leur voiture, avancent en file, paient, repartent. Le stock part en une journ\u00e9e. Aux Mureaux, un vendredi 26 septembre, la famille a \u00e9coul\u00e9 environ vingt tonnes. L\u2019op\u00e9ration reste fluide, car l\u2019\u00e9quipe charge elle-m\u00eame les sacs et s\u00e9curise la cadence.<\/p>\n<p>Chaque tourn\u00e9e transporte entre vingt et trente tonnes, pr\u00eates \u00e0 la vente en filets. Les producteurs chargent, comptent, encaissent, puis relancent la cha\u00eene sans rupture. La simplicit\u00e9 r\u00e9duit l\u2019attente et limite les erreurs. La proximit\u00e9 rassure, car l\u2019\u00e9quipe r\u00e9pond sur place aux questions. Les clients voient le produit, sentent sa fermet\u00e9, valident le calibre, puis prennent leurs pommes de terre sans d\u00e9tour.<\/p>\n<p>Le lieu change, la m\u00e9canique ne change pas. La place du March\u00e9 aux Mureaux a servi de vitrine, mais d\u2019autres sites suivent. La m\u00e9thode reste la m\u00eame, ce qui cr\u00e9e des rep\u00e8res. <a href=\"https:\/\/beautycase.fr\/controle-technique-2025-ce-que-les-conducteurs-de-voitures-diesel-redoutaient-est-desormais-confirme-65599\/\" rel=\"nofollow noopener\" target=\"_blank\">Les conducteurs rep\u00e8rent le camion, rejoignent la file, v\u00e9rifient l\u2019affichage des prix, puis repartent vite<\/a>. La r\u00e9currence installe une habitude d\u2019achat locale, simple, lisible, durable.<\/p>\n<p>Des prix imbattables pour des pommes de terre fra\u00eeches<\/p>\n<p>Le tarif frappe fort : un filet de 15 kg \u00e0 6 \u20ac. Avant, il co\u00fbtait 7,50 \u20ac. Le kilo s\u2019affiche \u00e0 0,40 \u20ac. Le producteur rappelle ne pas vendre \u00e0 perte. La baisse vise surtout \u00e0 \u00e9viter le g\u00e2chis. Le mod\u00e8le limite les interm\u00e9diaires, r\u00e9duit les co\u00fbts logistiques et r\u00e9compense la fid\u00e9lit\u00e9, ce qui renforce la confiance et l\u2019affluence.<\/p>\n<p>Tout a d\u00e9marr\u00e9 en mai 2020, apr\u00e8s deux mois de confinement. Les restaurants \u00e9tant ferm\u00e9s, la demande industrielle a chut\u00e9. Il fallait \u00e9couler vite. Premi\u00e8re \u00e9tape : Saint-Cyr-l\u2019\u00c9cole. L\u2019\u00e9quipe arrive d\u2019abord avec une voiture et une charrette. Le public suit. Vient ensuite un fourgon, puis un semi-remorque. Ce jour-l\u00e0, dix-sept tonnes partent en quelques heures, preuve d\u2019un besoin r\u00e9el et massif.<\/p>\n<p>La clart\u00e9 des volumes et des prix fait la diff\u00e9rence. Un seul format, une qualit\u00e9 stable, une facture lisible. Le filet de 15 kg facilite le partage en famille, en colocation ou entre voisins. Les pommes de terre se conservent, se cuisinent partout, r\u00e9duisent le budget et s\u00e9curisent les repas. Le pouvoir d\u2019achat gagne, tandis que le producteur garde la main sur son calendrier.<\/p>\n<p>Un calendrier clair et une carte qui s\u2019\u00e9largit<\/p>\n<p>Le c\u0153ur de la tourn\u00e9e s\u2019est install\u00e9 dans les Yvelines, puis l\u2019aire s\u2019est \u00e9largie. Val-d\u2019Oise, Hauts-de-Seine, Val-de-Marne, Essonne et Seine-et-Marne figurent d\u00e9sormais au programme. Les annonces indiquent date, ville et point pr\u00e9cis. Les files r\u00e9apparaissent, car chacun sait que le stock part vite. L\u2019efficacit\u00e9 du \u201cdrive\u201d nourrit la fid\u00e9lit\u00e9, semaine apr\u00e8s semaine.<\/p>\n<p>Deux rendez-vous sont annonc\u00e9s : Limay le 11 octobre, puis Chanteloup-les-Vignes le 17 octobre. Les horaires s\u2019ajustent selon l\u2019affluence, sans perturber la r\u00e9gularit\u00e9. La famille Demassiet assume la logistique, du chargement \u00e0 la remise des sacs. Les clients pr\u00e9voient la place dans le coffre, organisent la cuisine et planifient les recettes : pur\u00e9e, gratin, frites, r\u00f4tis, soupes \u00e9paisses.<\/p>\n<p>Le r\u00e9cit s\u2019\u00e9crit depuis 2020, avec une mont\u00e9e en puissance constante. Les Mureaux resteront un jalon, comme la premi\u00e8re journ\u00e9e record \u00e0 Saint-Cyr-l\u2019\u00c9cole. Les chiffres rassurent, la m\u00e9thode convainc, l\u2019habitude s\u2019ancre. Au fil des tourn\u00e9es, la carte s\u2019enrichit. Chacun sait o\u00f9 se placer, quoi payer, quoi emporter. <a href=\"https:\/\/beautycase.fr\/tous-les-chefs-le-savent-cette-variete-de-pommes-de-terre-produit-les-meilleures-purees-66071\/\" rel=\"nofollow noopener\" target=\"_blank\">Les pommes de terre restent le fil conducteur, simple et s\u00fbr<\/a>.<\/p>\n<p>Pourquoi cet \u00e9lan local change durablement nos habitudes d\u2019achat<\/p>\n<p>Cette formule directe r\u00e9unit prix justes, anti-gaspillage et confiance visible. Les volumes s\u2019adaptent, l\u2019itin\u00e9rance rapproche, la parole donn\u00e9e se v\u00e9rifie au comptoir du camion. Le succ\u00e8s tient \u00e0 une \u00e9quation claire : transparence, r\u00e9gularit\u00e9, utilit\u00e9. En payant moins, on valorise mieux le travail engag\u00e9. Les pommes de terre deviennent un rep\u00e8re concret, accessible, partag\u00e9, utile au quotidien de tous.<\/p>\n","protected":false},"excerpt":{"rendered":"Un camion s\u2019installe, une file de voitures s\u2019allonge et les sacs s\u2019empilent. Depuis quelque temps, des producteurs venus&hellip;\n","protected":false},"author":2,"featured_media":437109,"comment_status":"","ping_status":"","sticky":false,"template":"","format":"standard","meta":{"footnotes":""},"categories":[1592],"tags":[1111,11,1777,674,1011,27,662,12,626,25],"class_list":{"0":"post-437108","1":"post","2":"type-post","3":"status-publish","4":"format-standard","5":"has-post-thumbnail","7":"category-ile-de-france","8":"tag-actu","9":"tag-actualites","10":"tag-eu","11":"tag-europe","12":"tag-fr","13":"tag-france","14":"tag-ile-de-france","15":"tag-news","16":"tag-paris","17":"tag-republique-francaise"},"share_on_mastodon":{"url":"https:\/\/pubeurope.com\/@fr\/115312357761904977","error":""},"_links":{"self":[{"href":"https:\/\/www.europesays.com\/fr\/wp-json\/wp\/v2\/posts\/437108","targetHints":{"allow":["GET"]}}],"collection":[{"href":"https:\/\/www.europesays.com\/fr\/wp-json\/wp\/v2\/posts"}],"about":[{"href":"https:\/\/www.europesays.com\/fr\/wp-json\/wp\/v2\/types\/post"}],"author":[{"embeddable":true,"href":"https:\/\/www.europesays.com\/fr\/wp-json\/wp\/v2\/users\/2"}],"replies":[{"embeddable":true,"href":"https:\/\/www.europesays.com\/fr\/wp-json\/wp\/v2\/comments?post=437108"}],"version-history":[{"count":0,"href":"https:\/\/www.europesays.com\/fr\/wp-json\/wp\/v2\/posts\/437108\/revisions"}],"wp:featuredmedia":[{"embeddable":true,"href":"https:\/\/www.europesays.com\/fr\/wp-json\/wp\/v2\/media\/437109"}],"wp:attachment":[{"href":"https:\/\/www.europesays.com\/fr\/wp-json\/wp\/v2\/media?parent=437108"}],"wp:term":[{"taxonomy":"category","embeddable":true,"href":"https:\/\/www.europesays.com\/fr\/wp-json\/wp\/v2\/categories?post=437108"},{"taxonomy":"post_tag","embeddable":true,"href":"https:\/\/www.europesays.com\/fr\/wp-json\/wp\/v2\/tags?post=437108"}],"curies":[{"name":"wp","href":"https:\/\/api.w.org\/{rel}","templated":true}]}}