{"id":437122,"date":"2025-10-03T21:34:22","date_gmt":"2025-10-03T21:34:22","guid":{"rendered":"https:\/\/www.europesays.com\/fr\/437122\/"},"modified":"2025-10-03T21:34:22","modified_gmt":"2025-10-03T21:34:22","slug":"trump-envisage-dalleger-les-droits-de-douane-des-vehicules-fabriques-aux-usa-dit-un-senateur-03-10-2025-a-2145","status":"publish","type":"post","link":"https:\/\/www.europesays.com\/fr\/437122\/","title":{"rendered":"Trump envisage d&rsquo;all\u00e9ger les droits de douane des v\u00e9hicules fabriqu\u00e9s aux USA, dit un s\u00e9nateur &#8211; 03\/10\/2025 \u00e0 21:45"},"content":{"rendered":"<p>        <img fetchpriority=\"high\" decoding=\"async\" src=\"https:\/\/www.europesays.com\/fr\/wp-content\/uploads\/2025\/10\/7ddf26a823d481272df56c772595c611-760x506.jpg\" alt=\"L'inspection finale est effectu\u00e9e lorsque les v\u00e9hicules sont pr\u00eats \u00e0 quitter la cha\u00eene de montage de l'usine de fabrication de General Motors (GM) \u00e0 Spring Hill\" loading=\"eager\" width=\"760\" height=\"506\" style=\"max-width: 100%!important; height: auto;\"\/><\/p>\n<p class=\"c-image-news__legend\">L&rsquo;inspection finale est effectu\u00e9e lorsque les v\u00e9hicules sont pr\u00eats \u00e0 quitter la cha\u00eene de montage de l&rsquo;usine de fabrication de General Motors (GM) \u00e0 Spring Hill<\/p>\n<p>\n WASHINGTON (Reuters) -Le pr\u00e9sident am\u00e9ricain Donald Trump envisage un all\u00e8gement significatif des droits de douane pour la production automobile am\u00e9ricaine, ont d\u00e9clar\u00e9 vendredi \u00e0 Reuters le s\u00e9nateur r\u00e9publicain Bernie Moreno et des responsables de l&rsquo;industrie automobile.\n<\/p>\n<p>\n \u00ab\u00a0Le message adress\u00e9 aux constructeurs automobiles du monde entier est le suivant : si vous effectuez l&rsquo;assemblage final aux \u00c9tats-Unis, nous vous r\u00e9compenserons\u00a0\u00bb, a d\u00e9clar\u00e9 Bernie Moreno lors d&rsquo;une entretien.\n<\/p>\n<p>\n \u00ab\u00a0Pour Ford, Toyota, Honda, Tesla, GM, qui sont presque dans cet ordre les cinq premiers constructeurs automobiles nationaux, les droits de douane n&rsquo;auront aucune incidence\u00a0\u00bb.\n<\/p>\n<p>\n En juin, le d\u00e9partement du commerce a d\u00e9clar\u00e9 qu&rsquo;il pr\u00e9voyait de rembourser aux constructeurs 3,75% du prix au d\u00e9tail d&rsquo;une voiture assembl\u00e9e aux Etats-Unis jusqu&rsquo;en avril 2026, puis de 2,5% l&rsquo;ann\u00e9e d&rsquo;apr\u00e8s, pour compenser les droits de douane sur les pi\u00e8ces automobiles import\u00e9es.\n<\/p>\n<p>\n Donald Trump envisage de maintenir ce remboursement de 3,75%, et de l&rsquo;\u00e9tendre \u00e0 cinq ans et \u00e0 la production de moteurs am\u00e9ricains, ont d\u00e9clar\u00e9 Bernie Moreno et des responsables du secteur automobile.\n<\/p>\n<p>\n \u00ab\u00a0C&rsquo;est \u00e9videmment au pr\u00e9sident de d\u00e9cider, mais il est absolument ravi que nous cr\u00e9ions maintenant un syst\u00e8me d&rsquo;incitation qui s\u00e9pare r\u00e9ellement les importateurs de ceux qui fabriquent en Am\u00e9rique\u00a0\u00bb, a ajout\u00e9 Bernie Moreno.\n<\/p>\n<p>\n Interrog\u00e9 sur la proposition, un responsable de la Maison blanche a d\u00e9clar\u00e9 que l&rsquo;administration de Donald Trump \u00ab\u00a0s&rsquo;engage \u00e0 adopter une approche nuanc\u00e9e et multiforme pour garantir la production nationale d&rsquo;automobiles et de pi\u00e8ces d\u00e9tach\u00e9es\u00a0\u00bb.\n<\/p>\n<p>\n \u00ab\u00a0Cependant, tant qu&rsquo;aucune action officielle n&rsquo;est sign\u00e9e par le pr\u00e9sident, toute discussion sur la politique de l&rsquo;administration est sp\u00e9culative\u00a0\u00bb, a ajout\u00e9 le responsable.\n<\/p>\n<p>\n (Reportage David Shepardson, version fran\u00e7aise Kate Entringer)<\/p>\n","protected":false},"excerpt":{"rendered":"L&rsquo;inspection finale est effectu\u00e9e lorsque les v\u00e9hicules sont pr\u00eats \u00e0 quitter la cha\u00eene de montage de l&rsquo;usine de&hellip;\n","protected":false},"author":2,"featured_media":437123,"comment_status":"","ping_status":"","sticky":false,"template":"","format":"standard","meta":{"footnotes":""},"categories":[1589],"tags":[400,11,398,408,405,73,1866,403,402,399,404,12,401,406,1864,1865,1863,308,407],"class_list":{"0":"post-437122","1":"post","2":"type-post","3":"status-publish","4":"format-standard","5":"has-post-thumbnail","7":"category-etats-unis","8":"tag-action-cac-40","9":"tag-actualites","10":"tag-bourse-de-paris","11":"tag-boursorama","12":"tag-cotations","13":"tag-etats-unis","14":"tag-etats-unis-damerique","15":"tag-indices-devises","16":"tag-investir","17":"tag-investissement","18":"tag-marche-boursier","19":"tag-news","20":"tag-sicav","21":"tag-trackers","22":"tag-united-states","23":"tag-united-states-of-america","24":"tag-us","25":"tag-usa","26":"tag-warrants"},"share_on_mastodon":{"url":"https:\/\/pubeurope.com\/@fr\/115312385347811251","error":""},"_links":{"self":[{"href":"https:\/\/www.europesays.com\/fr\/wp-json\/wp\/v2\/posts\/437122","targetHints":{"allow":["GET"]}}],"collection":[{"href":"https:\/\/www.europesays.com\/fr\/wp-json\/wp\/v2\/posts"}],"about":[{"href":"https:\/\/www.europesays.com\/fr\/wp-json\/wp\/v2\/types\/post"}],"author":[{"embeddable":true,"href":"https:\/\/www.europesays.com\/fr\/wp-json\/wp\/v2\/users\/2"}],"replies":[{"embeddable":true,"href":"https:\/\/www.europesays.com\/fr\/wp-json\/wp\/v2\/comments?post=437122"}],"version-history":[{"count":0,"href":"https:\/\/www.europesays.com\/fr\/wp-json\/wp\/v2\/posts\/437122\/revisions"}],"wp:featuredmedia":[{"embeddable":true,"href":"https:\/\/www.europesays.com\/fr\/wp-json\/wp\/v2\/media\/437123"}],"wp:attachment":[{"href":"https:\/\/www.europesays.com\/fr\/wp-json\/wp\/v2\/media?parent=437122"}],"wp:term":[{"taxonomy":"category","embeddable":true,"href":"https:\/\/www.europesays.com\/fr\/wp-json\/wp\/v2\/categories?post=437122"},{"taxonomy":"post_tag","embeddable":true,"href":"https:\/\/www.europesays.com\/fr\/wp-json\/wp\/v2\/tags?post=437122"}],"curies":[{"name":"wp","href":"https:\/\/api.w.org\/{rel}","templated":true}]}}