{"id":437128,"date":"2025-10-03T21:37:16","date_gmt":"2025-10-03T21:37:16","guid":{"rendered":"https:\/\/www.europesays.com\/fr\/437128\/"},"modified":"2025-10-03T21:37:16","modified_gmt":"2025-10-03T21:37:16","slug":"leurope-doit-reconnaitre-lurgence-en-matiere-de-defense-selon-helsinki","status":"publish","type":"post","link":"https:\/\/www.europesays.com\/fr\/437128\/","title":{"rendered":"L&rsquo;Europe doit \u00ab\u00a0reconna\u00eetre l&rsquo;urgence\u00a0\u00bb en mati\u00e8re de d\u00e9fense, selon Helsinki"},"content":{"rendered":"<p class=\"mb-4 text-lg md:leading-8 break-words\">Le ministre finlandais de la D\u00e9fense, Antti H\u00e4kk\u00e4nen, estime que l&rsquo;Europe est engag\u00e9e dans une course contre la montre pour am\u00e9liorer ses capacit\u00e9s de d\u00e9fense et construire son \u00ab\u00a0mur de drones\u00a0\u00bb afin de contrer le nombre croissant d&rsquo;incursions, qui proviendraient de la Russie.<\/p>\n<p class=\"mb-4 text-lg md:leading-8 break-words\">\u00ab\u00a0Lorsqu&rsquo;ils [la Russie] ont commenc\u00e9 \u00e0 manquer de missiles, ils ont commenc\u00e9 \u00e0 produire beaucoup de drones, ce qui a modifi\u00e9 le tableau des menaces\u00a0\u00bb, a-t-il d\u00e9clar\u00e9.<\/p>\n<p class=\"mb-4 text-lg md:leading-8 break-words\">Selon le ministre finlandais, l&rsquo;Europe est confront\u00e9e \u00e0 un certain nombre de probl\u00e8mes li\u00e9s \u00e0 la vague de violations r\u00e9centes de l&rsquo;espace a\u00e9rien par la Russie, qui a vu des drones p\u00e9n\u00e9trer dans des pays tels que la Pologne et le Danemark.<\/p>\n<p class=\"mb-4 text-lg md:leading-8 break-words\">H\u00e4kk\u00e4nen a soulign\u00e9 les d\u00e9penses consid\u00e9rables li\u00e9es \u00e0 la neutralisation des drones et le danger qu&rsquo;ils repr\u00e9sentent pour la population s&rsquo;ils sont abattus dans des zones civiles.<\/p>\n<p class=\"mb-4 text-lg md:leading-8 break-words\">\u00ab\u00a0Tout le monde est confront\u00e9 \u00e0 la question de savoir comment contrer la menace des drones de mani\u00e8re rentable et sans trop de dommages collat\u00e9raux, surtout si elle se produit \u00e0 proximit\u00e9 de l&rsquo;a\u00e9roport\u00a0\u00bb, a-t-il expliqu\u00e9.<\/p>\n<p><img alt=\"Les pompiers s'attaquent au feu apr\u00e8s une attaque a\u00e9rienne russe qui a touch\u00e9 le march\u00e9 de Barabachovo \u00e0 Kharkiv, le 1er octobre 2025.\" loading=\"lazy\" width=\"808\" height=\"539\" decoding=\"async\" data-nimg=\"1\" class=\"rounded-lg\" style=\"color:transparent\" src=\"https:\/\/www.europesays.com\/fr\/wp-content\/uploads\/2025\/10\/44d2b5180fe68cc375452a1169a1991c.jpeg\"\/><\/p>\n<p> Les pompiers s&rsquo;attaquent au feu apr\u00e8s une attaque a\u00e9rienne russe qui a touch\u00e9 le march\u00e9 de Barabachovo \u00e0 Kharkiv, le 1er octobre 2025.   &#8211; AP Photo <\/p>\n<p class=\"mb-4 text-lg md:leading-8 break-words\">\u00ab\u00a0Il est extr\u00eamement difficile de larguer un drone dans une zone civile sans dommages collat\u00e9raux, en utilisant toute la force de l&rsquo;arm\u00e9e dans le cadre d&rsquo;une guerre \u00e0 spectre complet\u00a0\u00bb, estime le responsable finlandais.<\/p>\n<p class=\"mb-4 text-lg md:leading-8 break-words\">Antti H\u00e4kk\u00e4nen a d\u00e9clar\u00e9 que la Russie exploiterait toujours les faiblesses, en particulier si l&rsquo;Europe et l&rsquo;Occident \u00e9taient \u00ab\u00a0d\u00e9sunis et non pr\u00e9par\u00e9s\u00a0\u00bb.<\/p>\n<p class=\"mb-4 text-lg md:leading-8 break-words\">\u00ab\u00a0Nous savons que la Russie a toujours, au cours de l&rsquo;histoire, agi de mani\u00e8re agressive lorsqu&rsquo;elle voyait une fen\u00eatre d&rsquo;opportunit\u00e9\u00a0\u00bb, a-t-il martel\u00e9.<\/p>\n<p class=\"mb-4 text-lg md:leading-8 break-words\">\u00ab\u00a0S&rsquo;ils pensent que l&rsquo;Occident est un peu faible et politiquement un peu perturb\u00e9, peut-\u00eatre en mauvaise posture sur le plan de la d\u00e9fense, et s&rsquo;ils pensent qu&rsquo;ils ont l&rsquo;occasion de reprendre du terrain\u00a0\u00bb, ils le feront, souligne le ministre.<\/p>\n<p class=\"mb-4 text-lg md:leading-8 break-words\">\u00ab\u00a0C&rsquo;est ce qu&rsquo;ils pensaient en 2014 et en 2022\u00a0\u00bb, a-t-il ajout\u00e9.<\/p>\n<p><img alt=\"Antti H\u00e4kk\u00e4nen prononce un discours lors du 22e sommet du Dialogue Shangri-La \u00e0 Singapour, le 31 mai 2025.\" loading=\"lazy\" width=\"808\" height=\"539\" decoding=\"async\" data-nimg=\"1\" class=\"rounded-lg\" style=\"color:transparent\" src=\"https:\/\/www.europesays.com\/fr\/wp-content\/uploads\/2025\/10\/a8f4a72a9ed1e74385675e70afe3ce24.jpeg\"\/><\/p>\n<p> Antti H\u00e4kk\u00e4nen prononce un discours lors du 22e sommet du Dialogue Shangri-La \u00e0 Singapour, le 31 mai 2025.   &#8211; AP Photo <\/p>\n<p class=\"mb-4 text-lg md:leading-8 break-words\">2014 fait r\u00e9f\u00e9rence \u00e0 l&rsquo;annexion ill\u00e9gale de la p\u00e9ninsule de Crim\u00e9e par la Russie, tandis que 2022 est l&rsquo;ann\u00e9e o\u00f9 la Russie a lanc\u00e9 son invasion \u00e0 grande \u00e9chelle de l&rsquo;Ukraine, une guerre qui se poursuit encore aujourd&rsquo;hui.<\/p>\n<p class=\"mb-4 text-lg md:leading-8 break-words\">\u00ab\u00a0Pour \u00e9viter cette menace, les Europ\u00e9ens doivent acc\u00e9l\u00e9rer les investissements. De vrais investissements. Il faut qu&rsquo;il y ait un sentiment d&rsquo;urgence\u00a0\u00bb, a-t-il conseill\u00e9.<\/p>\n<p>Qu&rsquo;est-ce que le mur de drones ?<\/p>\n<p class=\"mb-4 text-lg md:leading-8 break-words\">Soutenu par la Commission europ\u00e9enne, le mur de drones vise \u00e0 combiner des syst\u00e8mes de d\u00e9tection et de frappe qui devraient s&rsquo;\u00e9tendre le long des fronti\u00e8res d&rsquo;au moins dix pays, dont la Finlande, l&rsquo;Estonie, la Lettonie, la Lituanie et la Pologne.<\/p>\n<p class=\"mb-4 text-lg md:leading-8 break-words\">\u00ab\u00a0Le mur de drones n&rsquo;est pas un mur, mais un syst\u00e8me de syst\u00e8mes\u00a0\u00bb, a d\u00e9clar\u00e9 \u00e0 <strong>Euronews<\/strong> Sven Kruck, co-directeur g\u00e9n\u00e9ral du fabricant allemand de drones Quantum Systems.<\/p>\n<p class=\"mb-4 text-lg md:leading-8 break-words\">\u00ab\u00a0Reconnaissance, fusion de capteurs et d\u00e9fense, le tout int\u00e9gr\u00e9 sur des milliers de kilom\u00e8tres\u00a0\u00bb, a-t-il expliqu\u00e9, ajoutant qu'\u00a0\u00bbau fond, le projet est un r\u00e9seau de capteurs et de syst\u00e8mes de d\u00e9fense visant \u00e0 s\u00e9curiser le flanc oriental de l&rsquo;OTAN\u00a0\u00bb.<\/p>\n<p class=\"mb-4 text-lg md:leading-8 break-words\">Il s&rsquo;agit d&rsquo;une pi\u00e8ce ma\u00eetresse du plan de d\u00e9fense europ\u00e9en pour les ann\u00e9es \u00e0 venir, mais il y a d\u00e9j\u00e0 eu des d\u00e9saccords sur le temps n\u00e9cessaire pour qu&rsquo;il soit op\u00e9rationnel.<\/p>\n<p><img alt=\"Des policiers examinent le moteur d'un drone apr\u00e8s une attaque russe \u00e0 Zaporizhzhia, le 27 septembre 2025.\" loading=\"lazy\" width=\"808\" height=\"539\" decoding=\"async\" data-nimg=\"1\" class=\"rounded-lg\" style=\"color:transparent\" src=\"https:\/\/www.europesays.com\/fr\/wp-content\/uploads\/2025\/10\/281692fdd21de75142327b288de4b4f2.jpeg\"\/><\/p>\n<p> Des policiers examinent le moteur d&rsquo;un drone apr\u00e8s une attaque russe \u00e0 Zaporizhzhia, le 27 septembre 2025.   &#8211; AP Photo <\/p>\n<p class=\"mb-4 text-lg md:leading-8 break-words\">Evika Sili\u0146a, la Premi\u00e8re ministre lettone, a par exemple d\u00e9clar\u00e9 aux journalistes qu&rsquo;elle pensait qu&rsquo;un mur de drones le long du flanc est pourrait \u00eatre \u00ab\u00a0r\u00e9alisable\u00a0\u00bb d&rsquo;ici \u00ab\u00a0un an, un an et demi\u00a0\u00bb.<\/p>\n<p class=\"mb-4 text-lg md:leading-8 break-words\">Ces propos contredisent directement ceux tenus en d\u00e9but de semaine au Forum de Varsovie sur la s\u00e9curit\u00e9 par le ministre allemand de la D\u00e9fense, Boris Pistorius, pour qui un tel projet ne serait pas \u00ab\u00a0r\u00e9alisable dans les trois ou quatre prochaines ann\u00e9es\u00a0\u00bb.<\/p>\n<p class=\"mb-4 text-lg md:leading-8 break-words\">Quel que soit le calendrier, l&rsquo;Europe et l&rsquo;OTAN soup\u00e7onnent fortement la Russie d&rsquo;\u00eatre \u00e0 l&rsquo;origine de la r\u00e9cente s\u00e9rie de violations de l&rsquo;espace a\u00e9rien dans le cadre de sa guerre hybride, qui comprend la diffusion de fausses informations et des cyberattaques.<\/p>\n<p class=\"mb-4 text-lg md:leading-8 break-words\"><b class=\"c-widget-related__title__text\">Related<\/b><\/p>\n<p>D\u00e9penses de d\u00e9fense<\/p>\n<p class=\"mb-4 text-lg md:leading-8 break-words\">Antti H\u00e4kk\u00e4nen estime que l&rsquo;OTAN doit \u00ab\u00a0imm\u00e9diatement\u00a0\u00bb commencer \u00e0 mettre en \u0153uvre son engagement de consacrer jusqu&rsquo;\u00e0 5 % du PIB \u00e0 la d\u00e9fense dans un d\u00e9lai aussi court que possible.<\/p>\n<p class=\"mb-4 text-lg md:leading-8 break-words\">Les 32 alli\u00e9s de l&rsquo;OTAN ont accept\u00e9 d&rsquo;augmenter les d\u00e9penses de d\u00e9fense de 2 % \u00e0 5 % du PIB lors du sommet de l&rsquo;OTAN \u00e0 La Haye en juillet, sous l&rsquo;impulsion du pr\u00e9sident am\u00e9ricain Donald Trump.<\/p>\n<p class=\"mb-4 text-lg md:leading-8 break-words\">Le chiffre de 5 % est r\u00e9parti entre 3,5 % pour les d\u00e9penses de d\u00e9fense de base et 1,5 % pour les \u00ab\u00a0d\u00e9penses li\u00e9es \u00e0 la d\u00e9fense et \u00e0 la s\u00e9curit\u00e9\u00a0\u00bb.<\/p>\n<p class=\"mb-4 text-lg md:leading-8 break-words\">\u00ab\u00a0Nous esp\u00e9rons que le nouvel engagement de l&rsquo;OTAN en mati\u00e8re de d\u00e9penses \u00e0 3,5-5 % s&rsquo;acc\u00e9l\u00e8re rapidement\u00a0\u00bb, estime H\u00e4kk\u00e4nen.<\/p>\n<p class=\"mb-4 text-lg md:leading-8 break-words\">\u00ab\u00a0L&rsquo;accord de l&rsquo;OTAN stipulait qu&rsquo;il fallait \u00eatre pr\u00eat \u00e0 d\u00e9penser 3,5 % dans 10 ans. Non, non, vous devez commencer imm\u00e9diatement\u00a0\u00bb, a-t-il averti.<\/p>\n<p class=\"mb-4 text-lg md:leading-8 break-words\">Antti H\u00e4kk\u00e4nen est ministre de la D\u00e9fense de l&rsquo;un des plus r\u00e9cents pays membres de l&rsquo;OTAN. En r\u00e9ponse \u00e0 l&rsquo;invasion massive de l&rsquo;Ukraine, la Finlande et la Su\u00e8de ont renonc\u00e9 \u00e0 des d\u00e9cennies de neutralit\u00e9 et ont pr\u00e9sent\u00e9 conjointement des demandes d&rsquo;adh\u00e9sion \u00e0 l&rsquo;alliance.<\/p>\n<p class=\"mb-4 text-lg md:leading-8 break-words\">La Finlande a officiellement rejoint l&rsquo;Alliance en avril 2023, et la Su\u00e8de au d\u00e9but de l&rsquo;ann\u00e9e suivante.<\/p>\n<p class=\"mb-4 text-lg md:leading-8 break-words\">\u00ab\u00a0La d\u00e9fense collective de l&rsquo;OTAN pr\u00e9sente des lacunes. Ces lacunes doivent \u00eatre combl\u00e9es rapidement\u00a0\u00bb, a d\u00e9clar\u00e9 H\u00e4kk\u00e4nen.<\/p>\n<p class=\"mb-4 text-lg md:leading-8 break-words\">L&rsquo;administration Trump a d\u00e9clar\u00e9 \u00e0 plusieurs reprises \u00e0 l&rsquo;Europe que ses priorit\u00e9s en mati\u00e8re de d\u00e9fense se situaient \u00e0 l&rsquo;int\u00e9rieur de ses fronti\u00e8res et que l&rsquo;on ne pouvait plus compter sur Washington pour garantir la s\u00e9curit\u00e9 de l&rsquo;Europe.<\/p>\n<p class=\"mb-4 text-lg md:leading-8 break-words\">Washington a \u00e9galement mis fin aux programmes d&rsquo;aide militaire \u00e0 l&rsquo;Ukraine, bien que les \u00c9tats-Unis devraient annoncer un accord substantiel sur l&rsquo;achat d&rsquo;armes potentiellement \u00e0 longue port\u00e9e qui seront pay\u00e9es par l&rsquo;Europe.<\/p>\n<p><img alt=\"Des secouristes \u00e9teignent l'incendie d'une maison d\u00e9truite par une frappe russe \u00e0 Zaporijjia, le 28 septembre 2025.\" loading=\"lazy\" width=\"808\" height=\"539\" decoding=\"async\" data-nimg=\"1\" class=\"rounded-lg\" style=\"color:transparent\" src=\"https:\/\/www.europesays.com\/fr\/wp-content\/uploads\/2025\/10\/54d6c7ab948a32c4864b5d11d81c9fd9.jpeg\"\/><\/p>\n<p> Des secouristes \u00e9teignent l&rsquo;incendie d&rsquo;une maison d\u00e9truite par une frappe russe \u00e0 Zaporijjia, le 28 septembre 2025.   &#8211; Copyright 2025 The Associated Press. All rights reserved <\/p>\n<p class=\"mb-4 text-lg md:leading-8 break-words\">N\u00e9anmoins, il s&rsquo;agit d&rsquo;un \u00e9cart important par rapport \u00e0 l&rsquo;administration Biden, lorsque le Congr\u00e8s avait approuv\u00e9 plus de 40 milliards de dollars d&rsquo;aide militaire en une seule fois.<\/p>\n<p class=\"mb-4 text-lg md:leading-8 break-words\">\u00ab\u00a0Les \u00c9tats-Unis affirment qu&rsquo;ils r\u00e9\u00e9quilibrent la balance en faveur de la zone indo-pacifique et de leur s\u00e9curit\u00e9 int\u00e9rieure\u00a0\u00bb, explique H\u00e4kk\u00e4nen.<\/p>\n<p class=\"mb-4 text-lg md:leading-8 break-words\">\u00ab\u00a0Et nous en voyons les r\u00e9sultats. Les Europ\u00e9ens doivent payer leur juste part et acheter l&rsquo;\u00e9quipement n\u00e9cessaire pour combler les lacunes des \u00c9tats-Unis\u00a0\u00bb, a-t-il d\u00e9clar\u00e9 \u00e0 <strong>Euronews<\/strong>.<\/p>\n","protected":false},"excerpt":{"rendered":"Le ministre finlandais de la D\u00e9fense, Antti H\u00e4kk\u00e4nen, estime que l&rsquo;Europe est engag\u00e9e dans une course contre la&hellip;\n","protected":false},"author":2,"featured_media":437129,"comment_status":"","ping_status":"","sticky":false,"template":"","format":"standard","meta":{"footnotes":""},"categories":[1586],"tags":[11,56456,554,1777,674,1011,27,18308,1877,12,56455,25],"class_list":{"0":"post-437128","1":"post","2":"type-post","3":"status-publish","4":"format-standard","5":"has-post-thumbnail","7":"category-europe","8":"tag-actualites","9":"tag-course-contre-la-montre","10":"tag-defense","11":"tag-eu","12":"tag-europe","13":"tag-fr","14":"tag-france","15":"tag-l39europe","16":"tag-la-defense","17":"tag-news","18":"tag-plan-de-la-defense","19":"tag-republique-francaise"},"share_on_mastodon":{"url":"https:\/\/pubeurope.com\/@fr\/115312397332836618","error":""},"_links":{"self":[{"href":"https:\/\/www.europesays.com\/fr\/wp-json\/wp\/v2\/posts\/437128","targetHints":{"allow":["GET"]}}],"collection":[{"href":"https:\/\/www.europesays.com\/fr\/wp-json\/wp\/v2\/posts"}],"about":[{"href":"https:\/\/www.europesays.com\/fr\/wp-json\/wp\/v2\/types\/post"}],"author":[{"embeddable":true,"href":"https:\/\/www.europesays.com\/fr\/wp-json\/wp\/v2\/users\/2"}],"replies":[{"embeddable":true,"href":"https:\/\/www.europesays.com\/fr\/wp-json\/wp\/v2\/comments?post=437128"}],"version-history":[{"count":0,"href":"https:\/\/www.europesays.com\/fr\/wp-json\/wp\/v2\/posts\/437128\/revisions"}],"wp:featuredmedia":[{"embeddable":true,"href":"https:\/\/www.europesays.com\/fr\/wp-json\/wp\/v2\/media\/437129"}],"wp:attachment":[{"href":"https:\/\/www.europesays.com\/fr\/wp-json\/wp\/v2\/media?parent=437128"}],"wp:term":[{"taxonomy":"category","embeddable":true,"href":"https:\/\/www.europesays.com\/fr\/wp-json\/wp\/v2\/categories?post=437128"},{"taxonomy":"post_tag","embeddable":true,"href":"https:\/\/www.europesays.com\/fr\/wp-json\/wp\/v2\/tags?post=437128"}],"curies":[{"name":"wp","href":"https:\/\/api.w.org\/{rel}","templated":true}]}}