{"id":437130,"date":"2025-10-03T21:38:14","date_gmt":"2025-10-03T21:38:14","guid":{"rendered":"https:\/\/www.europesays.com\/fr\/437130\/"},"modified":"2025-10-03T21:38:14","modified_gmt":"2025-10-03T21:38:14","slug":"les-ollieres-sur-eyrieux-marie-louise-rouveyrol-a-eu-100-ans","status":"publish","type":"post","link":"https:\/\/www.europesays.com\/fr\/437130\/","title":{"rendered":"Les Olli\u00e8res-sur-Eyrieux. Marie-Louise Rouveyrol a eu 100 ans"},"content":{"rendered":"<p>Mercredi, le foyer logement \u00e9tait en f\u00eate\u00a0: Marie-Louise Rouveyrol f\u00eatait ses 100 ans. Figure embl\u00e9matique de l\u2019\u00e9tablissement depuis 2018, elle est n\u00e9e le 29\u00a0septembre 1925, au c\u0153ur de la vall\u00e9e de l\u2019Eyrieux.<\/p>\n<p>Mari\u00e9e \u00e0 Andr\u00e9 Rouveyrol, elle a eu une fille avant de devenir grand m\u00e8re. Elle a travaill\u00e9 pendant plusieurs ann\u00e9es \u00e0 l\u2019usine Peyravernet, en tant que caneti\u00e8re.<\/p>\n<p>Pour f\u00eater ses 100 ans, Marie-Louise Rouveyrol a d\u00e9gust\u00e9 un g\u00e2teau avec les r\u00e9sidents, le personnel et sa fille. Jacky Barbisan, le maire de Saint-Sauveur-de-Montagut, o\u00f9 elle a pass\u00e9 68 ans de sa vie, lui a rendu un bel hommage.<\/p>\n","protected":false},"excerpt":{"rendered":"Mercredi, le foyer logement \u00e9tait en f\u00eate\u00a0: Marie-Louise Rouveyrol f\u00eatait ses 100 ans. Figure embl\u00e9matique de l\u2019\u00e9tablissement depuis&hellip;\n","protected":false},"author":2,"featured_media":437131,"comment_status":"","ping_status":"","sticky":false,"template":"","format":"standard","meta":{"footnotes":""},"categories":[1586],"tags":[11,4645,1777,674,1779,1011,27,56457,12,25,801,1778,364,56458],"class_list":{"0":"post-437130","1":"post","2":"type-post","3":"status-publish","4":"format-standard","5":"has-post-thumbnail","7":"category-europe","8":"tag-actualites","9":"tag-edition-aubenas-privas-vallee-du-rhone","10":"tag-eu","11":"tag-europe","12":"tag-european-union","13":"tag-fr","14":"tag-france","15":"tag-les-ollieres-sur-eyrieux","16":"tag-news","17":"tag-republique-francaise","18":"tag-social","19":"tag-ue","20":"tag-union-europeenne","21":"tag-vallee-de-leyrieux"},"share_on_mastodon":{"url":"https:\/\/pubeurope.com\/@fr\/115312401089341129","error":""},"_links":{"self":[{"href":"https:\/\/www.europesays.com\/fr\/wp-json\/wp\/v2\/posts\/437130","targetHints":{"allow":["GET"]}}],"collection":[{"href":"https:\/\/www.europesays.com\/fr\/wp-json\/wp\/v2\/posts"}],"about":[{"href":"https:\/\/www.europesays.com\/fr\/wp-json\/wp\/v2\/types\/post"}],"author":[{"embeddable":true,"href":"https:\/\/www.europesays.com\/fr\/wp-json\/wp\/v2\/users\/2"}],"replies":[{"embeddable":true,"href":"https:\/\/www.europesays.com\/fr\/wp-json\/wp\/v2\/comments?post=437130"}],"version-history":[{"count":0,"href":"https:\/\/www.europesays.com\/fr\/wp-json\/wp\/v2\/posts\/437130\/revisions"}],"wp:featuredmedia":[{"embeddable":true,"href":"https:\/\/www.europesays.com\/fr\/wp-json\/wp\/v2\/media\/437131"}],"wp:attachment":[{"href":"https:\/\/www.europesays.com\/fr\/wp-json\/wp\/v2\/media?parent=437130"}],"wp:term":[{"taxonomy":"category","embeddable":true,"href":"https:\/\/www.europesays.com\/fr\/wp-json\/wp\/v2\/categories?post=437130"},{"taxonomy":"post_tag","embeddable":true,"href":"https:\/\/www.europesays.com\/fr\/wp-json\/wp\/v2\/tags?post=437130"}],"curies":[{"name":"wp","href":"https:\/\/api.w.org\/{rel}","templated":true}]}}