{"id":437133,"date":"2025-10-03T21:40:12","date_gmt":"2025-10-03T21:40:12","guid":{"rendered":"https:\/\/www.europesays.com\/fr\/437133\/"},"modified":"2025-10-03T21:40:12","modified_gmt":"2025-10-03T21:40:12","slug":"au-moins-deux-morts-et-cinq-blesses-lors-dune-fusillade-dans-le-quartier-des-moulins","status":"publish","type":"post","link":"https:\/\/www.europesays.com\/fr\/437133\/","title":{"rendered":"au moins deux morts et cinq bless\u00e9s lors d\u2019une fusillade dans le quartier des Moulins"},"content":{"rendered":"<p>Sur d\u00e9cision de Bruno Retailleau, des renforts seront mobilis\u00e9s d\u00e8s demain pour assurer le retour \u00e0 la s\u00e9curit\u00e9, indique la pr\u00e9fecture des Alpes-Maritimes.<\/p>\n<p class=\"fig-paragraph\">Une fusillade aux Moulins a eu lieu ce soir place des Amaryllis dans le\u00a0<a href=\"http:\/\/www.lefigaro.fr\/nice\/nice-un-jeune-homme-blesse-par-balle-dans-le-quartier-sensible-des-moulins-20250813\" data-fig-type=\"NewsFlash\" data-gtm-custom-categorie=\"navigation\" data-gtm-custom-action=\"crossclick\" data-gtm-custom-label=\"Contextuel\" data-gtm-event=\"customEventSPE\" data-fig-domain=\"LEFIGARO\" target=\"_blank\" rel=\"noopener\">quartier sensible des Moulins<\/a>\u00a0\u00e0 Nice (Alpes-Maritimes). Deux personnes sont mortes a annonc\u00e9 la pr\u00e9fecture ; deux autres sont gravement bless\u00e9es et trois autres plus l\u00e9g\u00e8rement.<\/p>\n<p class=\"fig-paragraph\">D\u2019apr\u00e8s une source polici\u00e8re, les victimes seraient deux hommes \u00e2g\u00e9s de 50 et de 20 ans. Parmi les bless\u00e9s, l\u2019un serait d\u2019origine tch\u00e9tch\u00e8ne, un deuxi\u00e8me serait un habitant du quartier. Les circonstances restent pour l\u2019heure floues.<\/p>\n<p>                                    <a class=\"fig-a11y-skip a11y-hidden\" href=\"#fig-a11y-skip-main-inarticle\"><br \/>\n        Passer la publicit\u00e9<br \/>\n    <\/a><\/p>\n<p class=\"fig-paragraph\">Les deux hommes auraient \u00e9t\u00e9 abattus depuis une voiture aux alentours de 21 heures 30 ; le ou les auteurs des tirs se seraient ensuite enfuis \u00e0 bord du v\u00e9hicule et sont activement recherch\u00e9s.<\/p>\n<p class=\"fig-body-link\">\n            \u00c0 lire aussi<br \/>\n        <a class=\"fig-body-link__link\" href=\"http:\/\/www.lefigaro.fr\/nice\/nice-nouvelle-fusillade-sur-fond-de-narcotrafic-une-kalachnikov-decouverte-dans-un-espace-vert-20250120\" data-fig-type=\"NewsFlash\" data-gtm-custom-categorie=\"navigation\" data-gtm-custom-action=\"crossclick\" data-gtm-custom-label=\"Contextuel\" data-gtm-event=\"customEventSPE\" data-fig-domain=\"LEFIGARO\" target=\"_blank\" rel=\"noopener\">Nice\u00a0: nouvelle fusillade sur fond de narcotrafic, une kalachnikov d\u00e9couverte dans un espace vert<br \/>\n    <\/a>\n<\/p>\n<p class=\"fig-paragraph\">Une enqu\u00eate pour homicides volontaires en bande organis\u00e9e et tentatives d\u2019homicide volontaire en bande organis\u00e9e a \u00e9t\u00e9 ouverte et confi\u00e9e au Service interd\u00e9partemental de la police judiciaire (SIPJ) 06, indique ce soir le procureur de la R\u00e9publique de Nice.<\/p>\n<p class=\"fig-paragraph\">Les policiers et pompiers sont actuellement sur place, ainsi que le Pr\u00e9fet des Alpes-Maritimes et le maire de Nice, Christian Estrosi. Dans un communiqu\u00e9 publi\u00e9 sur le r\u00e9seau social X, l\u2019\u00e9dile parle d\u2019une \u00absituation tendue et confuse\u00bb et d\u00e9nonce \u00abune incursion sur fond de narcobanditisme qui a entra\u00een\u00e9 des tirs \u00e0 l\u2019arme automatique\u00bb.<\/p>\n<p class=\"fig-paragraph\">\u00abMa responsabilit\u00e9, c\u2019est de d\u00e9fendre mes concitoyens\u00bb, s\u2019est exprim\u00e9 le maire sur place. \u00abJe n\u2019abandonnerai pas les habitants. Ce soir, c\u2019est une fois de trop et je n\u2019accepterai pas qu\u2019il y en ait une de plus\u00bb. \u00abL\u2019\u00e9tat est all\u00e9 trop loin dans son d\u00e9sint\u00e9r\u00eat pour ce qu\u2019il porte \u00e0 cette cit\u00e9 des Moulins\u00bb, a \u00e9galement d\u00e9nonc\u00e9 Christian Estrosi, en m\u00eame temps que des effectifs de police municipale insuffisants.<\/p>\n<p class=\"fig-paragraph\">Le d\u00e9put\u00e9 ni\u00e7ois \u00c9ric Ciotti a \u00e9galement r\u00e9agi ; \u00e9voquant les \u00abinformations qui nous parviennent des Moulins sont dramatiques\u00a0: des coups de feu, des morts, des bless\u00e9s.\u00bb Dans un second tweet, le d\u00e9put\u00e9 parle d\u2019un \u00abbilan terrible\u00bb. \u00abFace \u00e0 cette spirale infernale, une \u00e9ni\u00e8me annonce de renforts policiers qui resteront quelques jours.. avant de repartir. Ceux qui ont permis cette situation \u00e0 Nice et \u00e0 Paris doivent partir\u00bb, \u00e9crit-il.<\/p>\n","protected":false},"excerpt":{"rendered":"Sur d\u00e9cision de Bruno Retailleau, des renforts seront mobilis\u00e9s d\u00e8s demain pour assurer le retour \u00e0 la s\u00e9curit\u00e9,&hellip;\n","protected":false},"author":2,"featured_media":437134,"comment_status":"","ping_status":"","sticky":false,"template":"","format":"standard","meta":{"footnotes":""},"categories":[2],"tags":[11,1011,27,3832,12,2401,25],"class_list":{"0":"post-437133","1":"post","2":"type-post","3":"status-publish","4":"format-standard","5":"has-post-thumbnail","7":"category-actualites","8":"tag-actualites","9":"tag-fr","10":"tag-france","11":"tag-fusillade","12":"tag-news","13":"tag-nice","14":"tag-republique-francaise"},"share_on_mastodon":{"url":"https:\/\/pubeurope.com\/@fr\/115312408909363453","error":""},"_links":{"self":[{"href":"https:\/\/www.europesays.com\/fr\/wp-json\/wp\/v2\/posts\/437133","targetHints":{"allow":["GET"]}}],"collection":[{"href":"https:\/\/www.europesays.com\/fr\/wp-json\/wp\/v2\/posts"}],"about":[{"href":"https:\/\/www.europesays.com\/fr\/wp-json\/wp\/v2\/types\/post"}],"author":[{"embeddable":true,"href":"https:\/\/www.europesays.com\/fr\/wp-json\/wp\/v2\/users\/2"}],"replies":[{"embeddable":true,"href":"https:\/\/www.europesays.com\/fr\/wp-json\/wp\/v2\/comments?post=437133"}],"version-history":[{"count":0,"href":"https:\/\/www.europesays.com\/fr\/wp-json\/wp\/v2\/posts\/437133\/revisions"}],"wp:featuredmedia":[{"embeddable":true,"href":"https:\/\/www.europesays.com\/fr\/wp-json\/wp\/v2\/media\/437134"}],"wp:attachment":[{"href":"https:\/\/www.europesays.com\/fr\/wp-json\/wp\/v2\/media?parent=437133"}],"wp:term":[{"taxonomy":"category","embeddable":true,"href":"https:\/\/www.europesays.com\/fr\/wp-json\/wp\/v2\/categories?post=437133"},{"taxonomy":"post_tag","embeddable":true,"href":"https:\/\/www.europesays.com\/fr\/wp-json\/wp\/v2\/tags?post=437133"}],"curies":[{"name":"wp","href":"https:\/\/api.w.org\/{rel}","templated":true}]}}