{"id":437137,"date":"2025-10-03T21:44:14","date_gmt":"2025-10-03T21:44:14","guid":{"rendered":"https:\/\/www.europesays.com\/fr\/437137\/"},"modified":"2025-10-03T21:44:14","modified_gmt":"2025-10-03T21:44:14","slug":"litalie-maitrise-la-bulgarie-et-soffre-un-cinquieme-titre-au-mondial-de-volley-lequipe","status":"publish","type":"post","link":"https:\/\/www.europesays.com\/fr\/437137\/","title":{"rendered":"L&#039;Italie ma\u00eetrise la Bulgarie et s&#039;offre un cinqui\u00e8me titre au Mondial de volley &#8211; L&#039;\u00c9quipe"},"content":{"rendered":"<ol>\n<li><a href=\"https:\/\/news.google.com\/rss\/articles\/CBMivgFBVV95cUxPaHdMb3VEcHgwVmc4Unh6ZjdNSERmR0RvSEd3VGJ6UUhBMkpROG9JbXR4aXZmOG83ZWNHbzJZcDNwb1g2V205VmdZcnlKOHJDSFl2RzdzcWVsMVRCbXgzR01US015THJObWd6ZWROYnp2aTFOQmZIREZ6VjBSWmVlRjh3X3ctaFRnWjBmUnh4SUJLdVVtS3dVYktKYks0V3JVOV80ajA2eEE0RXhLSE55SmFZTkpxM2tJRllvUDJn?oc=5\" target=\"_blank\" rel=\"nofollow noopener\">L&rsquo;Italie ma\u00eetrise la Bulgarie et s&rsquo;offre un cinqui\u00e8me titre au Mondial de volley<\/a>&nbsp;&nbsp;L&rsquo;\u00c9quipe<\/li>\n<li><a href=\"https:\/\/news.google.com\/rss\/articles\/CBMiqwJBVV95cUxQMmNIc2o0Q2t1bU9NMlVYdmdRSVRJQk9MTGRDZXlsckY0eEdscWY3N1l1c0Ridm1wU3g2NjkyamkyUjJoblQ4eFhIOG5YSjRGMU1HSS1WM0lHU2ZsTmk1Q0pFMlplaWFMb21Pano0d3lBX0lVRUhBR1VEUExYVjNJTFQ0X1ZaU21sbG5RWk5CRHpUY1RkbnBrazJDS0NqODFXb252d3dpa3JBZ24xTnhDVTF0OTJzZ1dTSTl5RkItamljdXlMcllTd1JfNDBVdjVMMXhhSHlFY2RobFc3T0stYmlVYnJFQzg3cUZSOWk4RFp3RVFRY3BYU19YcjBZNHg4ZU1wWjVubFdEOHhDR0pCaDBiTEpKMFhEZFJQOXRKYmMtY3h3RTZvLWx6cw?oc=5\" target=\"_blank\" rel=\"nofollow noopener\">Championnats du monde I L&rsquo;Italie conserve son titre et d\u00e9croche sa cinqui\u00e8me couronne en battant la Bulgarie en finale<\/a>&nbsp;&nbsp;Eurosport<\/li>\n<li><a href=\"https:\/\/news.google.com\/rss\/articles\/CBMiuwFBVV95cUxPN1VoS1dlOHhaZ1NCTUE0RVUzV1VjUUlBVHA1RnNvQkVIeXluY0hLbFhlUklYZ1lnOXo4WXBNem1Rc3lLbGU2dm5qUFhjQ2JWM1ZTRS1UZFVqZ0s2dTFNcjVkQjFQRVpiYlo5dl9zblpiZFNyeWJ0NE1qaHhQSVNNd1MtMnBqVEhkcEU3Y0xGeVNpSm9FQndzYlV1VEZuQWJiazhmTWdiZE9fbWJhR2hWQnRYNFlvX0xlSjFF?oc=5\" target=\"_blank\" rel=\"nofollow noopener\">Comment voir la finale du Mondial de volley Bulgarie-Italie (cha\u00eene, heure)<\/a>&nbsp;&nbsp;20 Minutes<\/li>\n<li><a href=\"https:\/\/news.google.com\/rss\/articles\/CBMi5AFBVV95cUxPdncxN0hCZnFLSi11aVctRlU2YU12dlJVU0xIZzJUdGdLYkRSRnphT2NyOTR2bGVHNzJpalV3LVhscHdVZkZQMnFsMmw1LXk5a1IzOU9zRHloM1JDS0YydnF5ZmhiZXdJMHJaeUJlUUh2Rlh5YUV1aEpnMUQ0RGEwZkZ5WklKNTNwNWZ0RVZvZXM4VUpkdmdDQ19XckZqQjZvNDRpaHlOOTZ1dnpjek9rbnRPdXIwTDlZdHdFX2ZHUS1iZldpTFhSU19mN3Vzdy1JNlNIbU5NZG1WMXVxN1NTZjhVbkk?oc=5\" target=\"_blank\" rel=\"nofollow noopener\">Mondial de volley-ball. L\u2019Italie surclasse la Pologne et d\u00e9fiera la Bulgarie en finale . Sport<\/a>&nbsp;&nbsp;Maville Laval<\/li>\n<li><a href=\"https:\/\/news.google.com\/rss\/articles\/CBMiswFBVV95cUxQUVI2WnBYUHdMUnM3WXBZeTk4NXVSNHdrZzIzMU9WN0NsSnRGeWVYY2l3a05hVVA4LU5meFcwRG9fd0hOQ2Q3NmVMcUZUVkY0OHltY3Exc0xnT0xwVWNJYzV3bkNlbnRSODAzMG9rWGtnRDFjTWphV2FpX1FjalRXTEMySGZsbHZKOVM2UUI2eXRIYndCRjk1d1ZvRlVOY0tKa1dLaGMwYzBPeERRZEQ1T3VEbw?oc=5\" target=\"_blank\" rel=\"nofollow noopener\">Le replay de Pologne &#8211; Italie (set 3) &#8211; Volley<\/a>&nbsp;&nbsp;Orange Actualit\u00e9s | Sports<\/li>\n<\/ol>\n","protected":false},"excerpt":{"rendered":"L&rsquo;Italie ma\u00eetrise la Bulgarie et s&rsquo;offre un cinqui\u00e8me titre au Mondial de volley&nbsp;&nbsp;L&rsquo;\u00c9quipe Championnats du monde I L&rsquo;Italie&hellip;\n","protected":false},"author":2,"featured_media":437138,"comment_status":"","ping_status":"","sticky":false,"template":"","format":"standard","meta":{"footnotes":""},"categories":[1417],"tags":[1011,27,60,1470,1469],"class_list":{"0":"post-437137","1":"post","2":"type-post","3":"status-publish","4":"format-standard","5":"has-post-thumbnail","7":"category-volley","8":"tag-fr","9":"tag-france","10":"tag-sports","11":"tag-volley","12":"tag-volleyball"},"share_on_mastodon":{"url":"https:\/\/pubeurope.com\/@fr\/115312424643824224","error":""},"_links":{"self":[{"href":"https:\/\/www.europesays.com\/fr\/wp-json\/wp\/v2\/posts\/437137","targetHints":{"allow":["GET"]}}],"collection":[{"href":"https:\/\/www.europesays.com\/fr\/wp-json\/wp\/v2\/posts"}],"about":[{"href":"https:\/\/www.europesays.com\/fr\/wp-json\/wp\/v2\/types\/post"}],"author":[{"embeddable":true,"href":"https:\/\/www.europesays.com\/fr\/wp-json\/wp\/v2\/users\/2"}],"replies":[{"embeddable":true,"href":"https:\/\/www.europesays.com\/fr\/wp-json\/wp\/v2\/comments?post=437137"}],"version-history":[{"count":0,"href":"https:\/\/www.europesays.com\/fr\/wp-json\/wp\/v2\/posts\/437137\/revisions"}],"wp:featuredmedia":[{"embeddable":true,"href":"https:\/\/www.europesays.com\/fr\/wp-json\/wp\/v2\/media\/437138"}],"wp:attachment":[{"href":"https:\/\/www.europesays.com\/fr\/wp-json\/wp\/v2\/media?parent=437137"}],"wp:term":[{"taxonomy":"category","embeddable":true,"href":"https:\/\/www.europesays.com\/fr\/wp-json\/wp\/v2\/categories?post=437137"},{"taxonomy":"post_tag","embeddable":true,"href":"https:\/\/www.europesays.com\/fr\/wp-json\/wp\/v2\/tags?post=437137"}],"curies":[{"name":"wp","href":"https:\/\/api.w.org\/{rel}","templated":true}]}}