{"id":437157,"date":"2025-10-03T21:55:30","date_gmt":"2025-10-03T21:55:30","guid":{"rendered":"https:\/\/www.europesays.com\/fr\/437157\/"},"modified":"2025-10-03T21:55:30","modified_gmt":"2025-10-03T21:55:30","slug":"cyril-feraud-samuse-de-son-choix-darreter-la-carte-aux-tresors-video","status":"publish","type":"post","link":"https:\/\/www.europesays.com\/fr\/437157\/","title":{"rendered":"Cyril F\u00e9raud s&rsquo;amuse de son choix d&rsquo;arr\u00eater La carte aux tr\u00e9sors (VIDEO)"},"content":{"rendered":"<p>Cyril F\u00e9raud, qui accueillait un nouveau candidat dans Tout le monde veut prendre sa place, sur France 2 ce mardi 30\u00a0septembre 2025, a fait part d&rsquo;une dr\u00f4le de justification pour justifier son choix de quitter la pr\u00e9sentation de La carte aux tr\u00e9sors, qu&rsquo;il avait relanc\u00e9 il y a quelques ann\u00e9es sur France 3.<\/p>\n<p>Ce mardi 30\u00a0septembre 2025, comme chaque midi,<a href=\"https:\/\/www.programme-tv.net\/biographie\/45685-feraud-cyril\/\" data-api-deeplink=\"teleloisirs:\/\/person\/45685\" target=\"_blank\" rel=\"noopener\"><b> Cyril F\u00e9raud<\/b><\/a> pr\u00e9sentait un nouveau num\u00e9ro de <a href=\"https:\/\/www.programme-tv.net\/programme\/autre\/r305713-tout-le-monde-veut-prendre-sa-place\/\" target=\"_blank\" rel=\"noopener\">Tout le monde veut prendre sa place <\/a>sur France 2. L&rsquo;occasion pour lui d&rsquo;accueillir six nouveaux participants pr\u00eats \u00e0 d\u00e9fier le champion en titre <a href=\"https:\/\/www.programme-tv.net\/news\/tv\/388492-vincent-tout-le-monde-veut-prendre-sa-place-se-confie-a-cyril-feraud-sur-sa-vie-sentimentale-compliquee-video\/\" data-api-deeplink=\"teleloisirs:\/\/news\/388492\" target=\"_blank\" rel=\"noopener\">Vincent<\/a>, d\u00e9j\u00e0 pr\u00e9sent depuis 15 \u00e9missions et \u00e0 la t\u00eate d&rsquo;une cagnotte de plus de 15\u00a0000\u00a0euros. Et parmi les concurrents du jour, les t\u00e9l\u00e9spectateurs ont fait la connaissance de Micka\u00ebl, originaire de La Cabanasse dans les Pyr\u00e9n\u00e9es-Orientales. Le candidat a notamment expliqu\u00e9 faire des vid\u00e9os de randonn\u00e9es qu&rsquo;il publie sur les r\u00e9seaux sociaux, o\u00f9 il assure \u00eatre de plus en plus en suivi. L&rsquo;animateur a donc pens\u00e9 sympathique de remarquer qu&rsquo;il avait \u00ab\u00a0fait sa Carte aux tr\u00e9sors\u00a0\u00bb \u00e0 lui\u2026<\/p>\n<p>La dr\u00f4le de remarque de Cyril F\u00e9raud sur son choix de quitter La carte aux tr\u00e9sors<\/p>\n<p>Mais la r\u00e9ponse de Micka\u00ebl n&rsquo;a pas \u00e9t\u00e9 celle escompt\u00e9e\u00a0: \u00ab\u00a0Oh ne me lanc\u00e9 pas sur le sujet\u2026\u00a0\u00bb, a-t-il lanc\u00e9 avant de poursuivre\u00a0: \u00ab\u00a0<b>\u00c7a fait sept ans que je candidate \u00e0 chaque fois<\/b>\u00ab\u00a0, a regrett\u00e9 celui qui n&rsquo;a donc jamais eu la chance d&rsquo;\u00eatre s\u00e9lectionn\u00e9 pour participer au jeu de France 3. Cyril F\u00e9raud &#8211; qui a r\u00e9cemment annonc\u00e9 qu&rsquo;il allait cesser de pr\u00e9senter <a href=\"https:\/\/www.programme-tv.net\/programme\/autre\/r305685-la-carte-aux-tresors\/\" target=\"_blank\" rel=\"noopener\">La carte aux tr\u00e9sors<\/a>, huit ans apr\u00e8s l&rsquo;avoir relanc\u00e9e ainsi que plusieurs autres programmes dont il \u00e9tait aux commandes &#8211; a alors r\u00e9pondu sur le ton de la rigolade\u00a0: \u00ab\u00a0<b>C&rsquo;est pour \u00e7a que j&rsquo;ai d\u00e9cid\u00e9 d&rsquo;arr\u00eater l&rsquo;\u00e9mission d&rsquo;ailleurs. Ce n&rsquo;est que pour vous Micka\u00ebl. Ils m&rsquo;ont dit\u00a0:<\/b><b> &lsquo;Non on ne veut pas le s\u00e9lectionner celui-l\u00e0&rsquo;, <\/b><b>alors j&rsquo;ai dit que je m&rsquo;en allais<\/b>\u00ab\u00a0, a-t-il racont\u00e9 en riant face \u00e0 Micka\u00ebl qui \u00e9tait d\u00e9j\u00e0 aux anges d&rsquo;avoir pu rencontrer \u00ab\u00a0son animateur pr\u00e9f\u00e9r\u00e9\u00a0\u00bb sur le plateau de Tout le monde veut prendre sa place.<\/p>\n<p>                        Les v\u00e9ritables raisons de Cyril F\u00e9raud d&rsquo;arr\u00eater plusieurs de ses \u00e9missions<\/p>\n<p>Il y a quelques semaines, Cyril F\u00e9raud s&rsquo;\u00e9tait <a href=\"https:\/\/www.programme-tv.net\/news\/tv\/386223-surprise-cyril-feraud-arrete-deux-de-ses-emissions-quand-on-devient-papa-on-remet-parfois-des-choses-en-question\/\" data-api-deeplink=\"teleloisirs:\/\/news\/386223\" target=\"_blank\" rel=\"noopener\">expliqu\u00e9 plus s\u00e9rieusement au sujet de son choix de quitter plusieurs de ses programmes\u00a0:<\/a> \u00ab\u00a0On en a beaucoup parl\u00e9 ensemble avec la cha\u00eene. Je suis tr\u00e8s pr\u00e9sent, je ne veux pas l\u2019\u00eatre trop. C\u2019est pour \u00e7a que je me suis pos\u00e9 des questions. <b>Je vais lever le pied et passer la main sur certaines \u00e9missions que je pr\u00e9sentais (&#8230;) Quand on devient papa, on remet parfois des choses en question<\/b>. Je vais passer la main\u00a0\u00bb, avait-il confi\u00e9.<\/p>\n","protected":false},"excerpt":{"rendered":"Cyril F\u00e9raud, qui accueillait un nouveau candidat dans Tout le monde veut prendre sa place, sur France 2&hellip;\n","protected":false},"author":2,"featured_media":437158,"comment_status":"","ping_status":"","sticky":false,"template":"","format":"standard","meta":{"footnotes":""},"categories":[1356],"tags":[244,12119,58,59,1011,27,45886,56462,252,12120,1364],"class_list":{"0":"post-437157","1":"post","2":"type-post","3":"status-publish","4":"format-standard","5":"has-post-thumbnail","7":"category-television","8":"tag-commentaire","9":"tag-cyril-fu00e9raud","10":"tag-divertissement","11":"tag-entertainment","12":"tag-fr","13":"tag-france","14":"tag-france-tu00e9lu00e9visions","15":"tag-la-carte-aux-tru00e9sors","16":"tag-television","17":"tag-tout-le-monde-veut-prendre-sa-place","18":"tag-tv"},"share_on_mastodon":{"url":"https:\/\/pubeurope.com\/@fr\/115312467942702377","error":""},"_links":{"self":[{"href":"https:\/\/www.europesays.com\/fr\/wp-json\/wp\/v2\/posts\/437157","targetHints":{"allow":["GET"]}}],"collection":[{"href":"https:\/\/www.europesays.com\/fr\/wp-json\/wp\/v2\/posts"}],"about":[{"href":"https:\/\/www.europesays.com\/fr\/wp-json\/wp\/v2\/types\/post"}],"author":[{"embeddable":true,"href":"https:\/\/www.europesays.com\/fr\/wp-json\/wp\/v2\/users\/2"}],"replies":[{"embeddable":true,"href":"https:\/\/www.europesays.com\/fr\/wp-json\/wp\/v2\/comments?post=437157"}],"version-history":[{"count":0,"href":"https:\/\/www.europesays.com\/fr\/wp-json\/wp\/v2\/posts\/437157\/revisions"}],"wp:featuredmedia":[{"embeddable":true,"href":"https:\/\/www.europesays.com\/fr\/wp-json\/wp\/v2\/media\/437158"}],"wp:attachment":[{"href":"https:\/\/www.europesays.com\/fr\/wp-json\/wp\/v2\/media?parent=437157"}],"wp:term":[{"taxonomy":"category","embeddable":true,"href":"https:\/\/www.europesays.com\/fr\/wp-json\/wp\/v2\/categories?post=437157"},{"taxonomy":"post_tag","embeddable":true,"href":"https:\/\/www.europesays.com\/fr\/wp-json\/wp\/v2\/tags?post=437157"}],"curies":[{"name":"wp","href":"https:\/\/api.w.org\/{rel}","templated":true}]}}