{"id":437163,"date":"2025-10-03T21:58:16","date_gmt":"2025-10-03T21:58:16","guid":{"rendered":"https:\/\/www.europesays.com\/fr\/437163\/"},"modified":"2025-10-03T21:58:16","modified_gmt":"2025-10-03T21:58:16","slug":"il-faut-mieux-reconnaitre-le-lymphoedeme-triple-peine-apres-un-cancer-du-sein","status":"publish","type":"post","link":"https:\/\/www.europesays.com\/fr\/437163\/","title":{"rendered":"il faut mieux reconna\u00eetre le lymph\u0153d\u00e8me, triple peine apr\u00e8s un cancer du sein"},"content":{"rendered":"<p>                             Par Dr St\u00e9phane Vignes<\/p>\n<p>                Le 2 octobre 2025 \u00e0 18h42<\/p>\n<p>    Incurable, le lymph\u0153d\u00e8me se caract\u00e9rise par un \u00e9paississement de la peau et une augmentation de volume d\u2019un membre et se traite principalement par des dispositifs de compression.<br \/>\n                Petia Stoycheva \/ petiast &#8211; stock.adobe.com<\/p>\n<p><strong>TRIBUNE &#8211; <\/strong>Mal connu, le lymph\u0153d\u00e8me touche pourtant une femme sur cinq apr\u00e8s un cancer du sein. Cette complication invalidante et incurable n\u00e9cessite une reconnaissance de la pathologie et une meilleure prise en charge financi\u00e8re.<\/p>\n<p class=\"fig-paragraph\">Le Dr St\u00e9phane Vignes est chef du service de Lymphologie de l\u2019h\u00f4pital Cognacq-Jay et pr\u00e9sident de la Soci\u00e9t\u00e9 Fran\u00e7aise de Lymphologie.<br \/>Tribune r\u00e9dig\u00e9e avec le soutien de parlementaires et d\u2019associations de patientes\u00a0: Michel Lauzzana, d\u00e9put\u00e9 du Lot-et-Garonne, pr\u00e9sident du groupe d\u2019\u00e9tudes Cancer et membre de la Commission des Affaires sociales ; Ang\u00e9lique Ranc, d\u00e9put\u00e9e de l\u2019Aube, membre de la Commission des Affaires sociales ; Nicolas Turquois, d\u00e9put\u00e9 de la Vienne, membre de la Commission des Affaires sociales\u00a0; Corinne Bourcier, s\u00e9natrice du Maine et Loire, membre de la Commission des Affaires sociales\u00a0; la Soci\u00e9t\u00e9 Fran\u00e7aise de Lymphologie ; RoseUp ; AVML ; Dragon and Ladies ; Lymphoed\u00e8me Rh\u00f4ne-Alpes, Patients en R\u00e9seaux ; et le R\u00e9seau des Kin\u00e9s du Sein.<\/p>\n<p class=\"fig-paragraph\">Chaque ann\u00e9e, des milliers de femmes en France remportent leur combat contre le\u00a0<a href=\"http:\/\/sante.lefigaro.fr\/social\/sante-publique\/en-france-une-femme-sur-neuf-aura-un-cancer-du-sein-au-cours-de-sa-vie-et-une-sur-59-en-mourra-20250224\" data-fig-type=\"Article\" data-gtm-custom-categorie=\"navigation\" data-gtm-custom-action=\"crossclick\" data-gtm-custom-label=\"Contextuel\" data-gtm-event=\"customEventSPE\" data-fig-domain=\"SANTE\" rel=\"nofollow noopener\" target=\"_blank\">cancer du sein<\/a>. Mais pour environ une sur cinq qui a eu un curage axillaire, cette victoire marque\u00a0<a href=\"https:\/\/sante.lefigaro.fr\/article\/cancer-quels-traitements-pour-limiter-les-risques-de-sequelles-a-long-terme-\" target=\"_blank\" data-fig-type=\"Article\" rel=\"sponsored noopener nofollow\" data-gtm-custom-categorie=\"navigation\" data-gtm-custom-action=\"crossclick\" data-gtm-custom-label=\"Contextuel\" data-gtm-event=\"customEventSPE\" data-fig-domain=\"SANTE\">le d\u00e9but d\u2019un nouveau combat<\/a>, plus silencieux mais tout aussi \u00e9prouvant\u00a0: celui contre le lymph\u0153d\u00e8me.<\/p>\n<p>                                    <a class=\"fig-a11y-skip a11y-hidden\" href=\"#fig-a11y-skip-main-inarticle\"><br \/>\n        Passer la publicit\u00e9<br \/>\n    <\/a><\/p>\n<p class=\"fig-paragraph\">Encore largement m\u00e9connu du grand public, le lymph\u0153d\u00e8me peut se former \u00e0 la suite de certains traitements du cancer\u00a0: curage ganglionnaire, radioth\u00e9rapie&#8230; Il est incurable et se caract\u00e9rise par un \u00e9paississement de la peau et une augmentation de volume d\u2019un membre &#8211; un bras\u00a0<a href=\"https:\/\/sante.lefigaro.fr\/sante\/symptome\/grosse-jambe-unilaterale\/quest-ce-que-cest\" target=\"_blank\" data-fig-type=\"Keyword\" rel=\"sponsored noopener nofollow\" data-gtm-custom-categorie=\"navigation\" data-gtm-custom-action=\"crossclick\" data-gtm-custom-label=\"Contextuel\" data-gtm-event=\"customEventSPE\" data-fig-domain=\"SANTE\">ou une jambe<\/a>\u00a0&#8211; caus\u00e9e par une alt\u00e9ration du syst\u00e8me lymphatique. Cette augmentation de volume ne peut \u00eatre r\u00e9sorb\u00e9e compl\u00e8tement, mais seulement stabilis\u00e9e ou r\u00e9duite par l\u2019utilisation de dispositifs m\u00e9dicaux de compression.<\/p>\n<p class=\"fig-paragraph\">De tels sympt\u00f4mes ont in\u00e9vitablement des cons\u00e9quences\u00a0: physiques \u00e9videmment, puisque des membres qui augmentent de volume peuvent devenir handicapants\u00a0; professionnelles\u00a0; soci\u00e9tales et psychologiques, avec une errance diagnostique fr\u00e9quente, un impact sur la qualit\u00e9 de vie et l\u2019image de soi, un sentiment d\u2019isolement et le regard d\u2019autrui difficiles \u00e0 supporter.<\/p>\n<p>Traitement \u00e0 vie<\/p>\n<p class=\"fig-paragraph\">Le lymph\u0153d\u00e8me constitue donc une triple peine pour les patientes, qui doivent faire face \u00e0 la gestion du cancer, au d\u00e9veloppement de la pathologie, et \u00e0 la contrainte de supporter une partie des co\u00fbts financiers li\u00e9s \u00e0 leur traitement \u00e0 vie.<\/p>\n<p>Il est temps que cette maladie soit reconnue pour ce qu\u2019elle est\u00a0: une cons\u00e9quence directe des traitements contre le cancer.<\/p>\n<p class=\"fig-paragraph\">Malgr\u00e9 son impact lourd et le fait que sa survenue soit directement corr\u00e9l\u00e9e aux soins prodigu\u00e9s dans le cadre de la prise en charge du cancer, le lymph\u0153d\u00e8me n\u2019est toujours pas reconnu comme une complication du traitement du cancer \u00e0 part enti\u00e8re. Alors que le parlement a adopt\u00e9 une loi le 28 janvier 2025 visant \u00e0 am\u00e9liorer la prise en charge des soins et dispositifs sp\u00e9cifiques au traitement du cancer du sein et aux soins de l\u2019apr\u00e8s-cancer, le lymph\u0153d\u00e8me a \u00e9t\u00e9 exclu des d\u00e9bats parlementaires. Cette pathologie n\u2019est \u00e0 ce jour donc toujours pas reconnue comme une complication du cancer du sein. Il faut en outre rappeler que le lymph\u0153d\u00e8me peut aussi toucher les membres inf\u00e9rieurs apr\u00e8s traitement de cancers gyn\u00e9cologiques.<\/p>\n<p>Am\u00e9liorer la prise en charge<\/p>\n<p class=\"fig-paragraph\">Le lymph\u0153d\u00e8me ne peut continuer d\u2019\u00eatre le grand absent des d\u00e9bats. Il est temps que cette maladie soit reconnue pour ce qu\u2019elle est\u00a0: une cons\u00e9quence directe des traitements contre le cancer. Il est temps qu\u2019elle b\u00e9n\u00e9ficie d\u2019une reconnaissance officielle, d\u2019une meilleure prise en charge des dispositifs de compression indispensables au traitement, et d\u2019un parcours de soins int\u00e9gr\u00e9, \u00e0 la hauteur des besoins.<\/p>\n<p>                                    <a class=\"fig-a11y-skip a11y-hidden\" href=\"#fig-a11y-skip-main-inarticle_mtf\"><br \/>\n        Passer la publicit\u00e9<br \/>\n    <\/a><\/p>\n<p class=\"fig-paragraph\">Alors que d\u00e9bute Octobre Rose et dans le cadre de la r\u00e9daction des d\u00e9crets d\u2019application relative \u00e0 la loi susmentionn\u00e9e, alors que les regards se tournent vers la pr\u00e9vention et la prise en charge du cancer du sein, n\u2019oublions pas celles qui, une fois la maladie vaincue, continuent \u00e0 se battre chaque jour avec la pathologie suppl\u00e9mentaire qu\u2019est le lymph\u0153d\u00e8me. Pour des milliers de femmes, il est la suite d\u2019un combat qu\u2019elles n\u2019ont pas choisi.<\/p>\n<p class=\"fig-paragraph\">Reconna\u00eetre le lymph\u0153d\u00e8me, c\u2019est am\u00e9liorer la prise en charge des patientes apr\u00e8s traitement d\u2019un cancer du sein et ainsi s\u2019attaquer \u00e0 un enjeu de sant\u00e9 publique avec une consid\u00e9ration globale du traitement du cancer et des complications li\u00e9es aux soins.<\/p>\n","protected":false},"excerpt":{"rendered":"Par Dr St\u00e9phane Vignes Le 2 octobre 2025 \u00e0 18h42 Incurable, le lymph\u0153d\u00e8me se caract\u00e9rise par un \u00e9paississement&hellip;\n","protected":false},"author":2,"featured_media":437164,"comment_status":"","ping_status":"","sticky":false,"template":"","format":"standard","meta":{"footnotes":""},"categories":[10],"tags":[2776,1011,27,72,71],"class_list":{"0":"post-437163","1":"post","2":"type-post","3":"status-publish","4":"format-standard","5":"has-post-thumbnail","7":"category-sante","8":"tag-cancer-du-sein","9":"tag-fr","10":"tag-france","11":"tag-health","12":"tag-sante"},"share_on_mastodon":{"url":"https:\/\/pubeurope.com\/@fr\/115312479691378915","error":""},"_links":{"self":[{"href":"https:\/\/www.europesays.com\/fr\/wp-json\/wp\/v2\/posts\/437163","targetHints":{"allow":["GET"]}}],"collection":[{"href":"https:\/\/www.europesays.com\/fr\/wp-json\/wp\/v2\/posts"}],"about":[{"href":"https:\/\/www.europesays.com\/fr\/wp-json\/wp\/v2\/types\/post"}],"author":[{"embeddable":true,"href":"https:\/\/www.europesays.com\/fr\/wp-json\/wp\/v2\/users\/2"}],"replies":[{"embeddable":true,"href":"https:\/\/www.europesays.com\/fr\/wp-json\/wp\/v2\/comments?post=437163"}],"version-history":[{"count":0,"href":"https:\/\/www.europesays.com\/fr\/wp-json\/wp\/v2\/posts\/437163\/revisions"}],"wp:featuredmedia":[{"embeddable":true,"href":"https:\/\/www.europesays.com\/fr\/wp-json\/wp\/v2\/media\/437164"}],"wp:attachment":[{"href":"https:\/\/www.europesays.com\/fr\/wp-json\/wp\/v2\/media?parent=437163"}],"wp:term":[{"taxonomy":"category","embeddable":true,"href":"https:\/\/www.europesays.com\/fr\/wp-json\/wp\/v2\/categories?post=437163"},{"taxonomy":"post_tag","embeddable":true,"href":"https:\/\/www.europesays.com\/fr\/wp-json\/wp\/v2\/tags?post=437163"}],"curies":[{"name":"wp","href":"https:\/\/api.w.org\/{rel}","templated":true}]}}