{"id":437172,"date":"2025-10-03T22:03:11","date_gmt":"2025-10-03T22:03:11","guid":{"rendered":"https:\/\/www.europesays.com\/fr\/437172\/"},"modified":"2025-10-03T22:03:11","modified_gmt":"2025-10-03T22:03:11","slug":"trump-declare-la-guerre-aux-cartels-dans-les-caraibes-et-vise-le-regime-de-maduro","status":"publish","type":"post","link":"https:\/\/www.europesays.com\/fr\/437172\/","title":{"rendered":"Trump d\u00e9clare la guerre aux cartels dans les Cara\u00efbes et vise le r\u00e9gime de Maduro"},"content":{"rendered":"<p><strong>R\u00c9CIT <\/strong>&#8211; Une quasi-guerre d\u00e9clar\u00e9e par les \u00c9tats-Unis contre les cartels de la drogue vise indirectement le Venezuela et son pr\u00e9sident Nicol\u00e1s Maduro. Un important d\u00e9ploiement de forces a\u00e9riennes et navales am\u00e9ricaines pourrait servir \u00e0 des op\u00e9rations plus directes contre le r\u00e9gime de ce pays.<\/p>\n<p class=\"fig-paragraph\">Une nouvelle frappe am\u00e9ricaine contre un bateau de trafiquants de drogue a eu lieu au large du\u00a0<a href=\"http:\/\/www.lefigaro.fr\/international\/au-large-du-venezuela-une-frappe-americaine-tue-quatre-personnes-a-bord-d-un-bateau-de-narcotrafiquants-presumes-20251003\" data-fig-type=\"NewsFlash\" data-gtm-custom-categorie=\"navigation\" data-gtm-custom-action=\"crossclick\" data-gtm-custom-label=\"Contextuel\" data-gtm-event=\"customEventSPE\" data-fig-domain=\"LEFIGARO\" target=\"_blank\" rel=\"noopener\">Venezuela<\/a>. Le secr\u00e9taire am\u00e9ricain \u00e0 la Guerre,\u00a0<a href=\"http:\/\/www.lefigaro.fr\/international\/dana-white-pete-hegseth-veut-rendre-a-l-armee-sa-culture-du-guerrier-20251003\" data-fig-type=\"Article\" data-gtm-custom-categorie=\"navigation\" data-gtm-custom-action=\"crossclick\" data-gtm-custom-label=\"Contextuel\" data-gtm-event=\"customEventSPE\" data-fig-domain=\"LEFIGARO\" target=\"_blank\" rel=\"noopener\">Pete Hegseth<\/a>, a post\u00e9 vendredi une vid\u00e9o montrant une vedette rapide pulv\u00e9ris\u00e9e par un missile. \u00ab Quatre narcotrafiquants \u00e0 bord de l\u2019embarcation ont \u00e9t\u00e9 tu\u00e9s lors de la frappe\u2026 dans les eaux internationales au large des c\u00f4tes du Venezuela alors que le navire transportait d\u2019importantes quantit\u00e9s de stup\u00e9fiants \u00e0 destination des \u00c9tats-Unis pour empoisonner notre population, a comment\u00e9 Hegseth. Nos services de renseignement ont confirm\u00e9 sans aucun doute que ce navire transportait des stup\u00e9fiants, que les personnes \u00e0 bord \u00e9taient des narcotrafiquants et qu\u2019ils op\u00e9raient sur une route de transit connue pour le trafic de drogue. Ces frappes se poursuivront jusqu\u2019\u00e0 ce que les attaques contre le peuple am\u00e9ricain cessent\u00a0!!!!\u00a0\u00bb<\/p>\n<p class=\"fig-paragraph\">Donald Trump, qui a ordonn\u00e9 depuis le d\u00e9but du mois de septembre la destruction de plusieurs bateaux soup\u00e7onn\u00e9s de\u00a0<a href=\"http:\/\/www.lefigaro.fr\/flash-actu\/venezuela-trump-menace-le-pays-de-consequences-incalculables-s-il-refuse-de-reprendre-des-migrants-20250920\" data-fig-type=\"NewsFlash\" data-gtm-custom-categorie=\"navigation\" data-gtm-custom-action=\"crossclick\" data-gtm-custom-label=\"Contextuel\" data-gtm-event=\"customEventSPE\" data-fig-domain=\"LEFIGARO\" target=\"_blank\" rel=\"noopener\">trafic\u2026<\/a><\/p>\n<p class=\"fig-premium-paywall__infos\">\n        Cet article est r\u00e9serv\u00e9 aux abonn\u00e9s.        Il vous reste 92% \u00e0 d\u00e9couvrir.\n    <\/p>\n<p>                <img  data- alt=\"Le Figaro\" class=\"fig-img--complete fig-img\"\/><\/p>\n<p class=\"fig-premium-paywall__title\">Vous avez envie de lire la suite ?<\/p>\n<p class=\"fig-premium-paywall__subtitle\">D\u00e9bloquez tous les articles imm\u00e9diatement.<\/p>\n<p class=\"fig-premium-paywall__connect\">\n                D\u00e9j\u00e0 abonn\u00e9\u00a0?                <a class=\"fig-premium-paywall__connect-link\" href=\"https:\/\/connect.lefigaro.fr\/login?client=horizon_web&amp;type=main&amp;redirect_uri=https%3A%2F%2Fwww.lefigaro.fr%2Finternational%2Fnous-vous-aneantirons-trump-declare-la-guerre-aux-cartels-dans-les-caraibes-et-vise-le-regime-de-maduro-20251003\" data-js-gtm=\"{&quot;customCategorie&quot;: &quot;conversion&quot;, &quot;customAction&quot;: &quot;before_Landing_Connexion_paywall_auto&quot;, &quot;customLabel&quot;: &quot;bGVmaWdhcm8uZnJfXzFmMGEwODcyLTAyZDUtNmJiYS05ZWMxLWIzNGZhMTJmNWI2Ml9fQXJ0aWNsZQ==_\u00abNous vous an\u00e9antirons\u00bb\u00a0: Trump d\u00e9clare la guerre aux cartels dans les Cara\u00efbes et vise le r\u00e9gime de Maduro_118&quot;, &quot;customIDSPE&quot;: &quot;bGVmaWdhcm8uZnJfXzFmMGEwODcyLTAyZDUtNmJiYS05ZWMxLWIzNGZhMTJmNWI2Ml9fQXJ0aWNsZQ==&quot;, &quot;event&quot;: &quot;customEventSPE&quot;}\" target=\"_blank\" rel=\"noopener\"><br \/>\n                    Connectez-vous<br \/>\n                <\/a>\n            <\/p>\n","protected":false},"excerpt":{"rendered":"R\u00c9CIT &#8211; Une quasi-guerre d\u00e9clar\u00e9e par les \u00c9tats-Unis contre les cartels de la drogue vise indirectement le Venezuela&hellip;\n","protected":false},"author":2,"featured_media":437173,"comment_status":"","ping_status":"","sticky":false,"template":"","format":"standard","meta":{"footnotes":""},"categories":[5],"tags":[11,75,1011,27,14,12,338,337,28],"class_list":{"0":"post-437172","1":"post","2":"type-post","3":"status-publish","4":"format-standard","5":"has-post-thumbnail","7":"category-international","8":"tag-actualites","9":"tag-donald-trump","10":"tag-fr","11":"tag-france","12":"tag-international","13":"tag-news","14":"tag-nicolas-maduro","15":"tag-venezuela","16":"tag-world"},"share_on_mastodon":{"url":"https:\/\/pubeurope.com\/@fr\/115312499393161731","error":""},"_links":{"self":[{"href":"https:\/\/www.europesays.com\/fr\/wp-json\/wp\/v2\/posts\/437172","targetHints":{"allow":["GET"]}}],"collection":[{"href":"https:\/\/www.europesays.com\/fr\/wp-json\/wp\/v2\/posts"}],"about":[{"href":"https:\/\/www.europesays.com\/fr\/wp-json\/wp\/v2\/types\/post"}],"author":[{"embeddable":true,"href":"https:\/\/www.europesays.com\/fr\/wp-json\/wp\/v2\/users\/2"}],"replies":[{"embeddable":true,"href":"https:\/\/www.europesays.com\/fr\/wp-json\/wp\/v2\/comments?post=437172"}],"version-history":[{"count":0,"href":"https:\/\/www.europesays.com\/fr\/wp-json\/wp\/v2\/posts\/437172\/revisions"}],"wp:featuredmedia":[{"embeddable":true,"href":"https:\/\/www.europesays.com\/fr\/wp-json\/wp\/v2\/media\/437173"}],"wp:attachment":[{"href":"https:\/\/www.europesays.com\/fr\/wp-json\/wp\/v2\/media?parent=437172"}],"wp:term":[{"taxonomy":"category","embeddable":true,"href":"https:\/\/www.europesays.com\/fr\/wp-json\/wp\/v2\/categories?post=437172"},{"taxonomy":"post_tag","embeddable":true,"href":"https:\/\/www.europesays.com\/fr\/wp-json\/wp\/v2\/tags?post=437172"}],"curies":[{"name":"wp","href":"https:\/\/api.w.org\/{rel}","templated":true}]}}