{"id":437191,"date":"2025-10-03T22:13:23","date_gmt":"2025-10-03T22:13:23","guid":{"rendered":"https:\/\/www.europesays.com\/fr\/437191\/"},"modified":"2025-10-03T22:13:23","modified_gmt":"2025-10-03T22:13:23","slug":"dn3-steffon-armitage-rejoint-montpellier-herault-xiii-rugby-a-xiii","status":"publish","type":"post","link":"https:\/\/www.europesays.com\/fr\/437191\/","title":{"rendered":"DN3 &#8211; Steffon Armitage rejoint Montpellier H\u00e9rault XIII &#8211; Rugby \u00e0 XIII"},"content":{"rendered":"<p style=\"text-align: justify;\"><strong>Montpellier H\u00e9rault XIII a annonc\u00e9 le recrutement de Steffon Armitage, l\u00e9gende du rugby \u00e0 XV en provenance du CO Berre.<\/strong><\/p>\n<p style=\"text-align: justify;\">Une recrue surprenante pour Montpellier H\u00e9rault XIII ! Steffon Armitage, deuxi\u00e8me ou troisi\u00e8me ligne, fera partie de l\u2019effectif du club h\u00e9raultais pour cette saison 2025-2026 de DN3.<\/p>\n<p>La carri\u00e8re de l\u2019Anglais<\/p>\n<p style=\"text-align: justify;\">Le n\u00e9o-treiziste commence sa carri\u00e8re professionnelle en 2004 aux Saracens, il quitte le club en 2006 en aillant jouer que 5 matchs pour 3 essais. Il rejoint les London Irish ou il explose tout sur son passage, c\u2019est ici qu\u2019il se fait connaitre et ses statistiques explosent avec un bilan de 136 matchs pour 25 essais en 5 saisons. Il quitte les London Irish et l\u2019Angleterre en 2011 pour rejoindre la France et le RC Toulon. Ce choix-l\u00e0 sera fatal pour sa carri\u00e8re internationale. Il avait honor\u00e9 sa premi\u00e8re cape avec la s\u00e9lection du XV de la Rose en 2009, et quittera donc la s\u00e9lection anglaise en 2011, par la volont\u00e9 de la f\u00e9d\u00e9ration anglaise de ne pas s\u00e9lectionner des joueurs jouant \u00e0 l\u2019\u00e9tranger. Il reste donc \u00e0 5 s\u00e9lections avec son pays.<\/p>\n<p style=\"text-align: justify;\">Nouvelle aventure pour lui en France et au RC Toulon, le troisi\u00e8me ligne anglais s\u2019adapte tr\u00e8s rapidement au championnat fran\u00e7ais, et devient un des meilleurs troisi\u00e8mes lignes du monde. Il gagne son premier troph\u00e9e avec Toulon en 2013, avec une Coupe d\u2019Europe remport\u00e9e en finale contre Clermont 15-16 avec l\u2019essai de la victoire inscrit par son fr\u00e8re Delon, et son geste malheureux sur Brock James. L\u2019ann\u00e9e suivante est la saison de la concr\u00e9tisation, il remporte deux nouveaux troph\u00e9es en faisant le doubl\u00e9 historique sur la Rade avec Top 14 \u2013 Coupe d\u2019Europe ! Il est \u00e9lu homme du match en finale de Coupe d\u2019Europe en 2014 face aux Saracens, le club de ses d\u00e9buts professionnels. Il est \u00e9galement \u00e9lu joueur europ\u00e9en de la saison 2013-2014. Lors de la saison 2015, il remporte avec le RCT pour la troisi\u00e8me saison cons\u00e9cutive la coupe d\u2019Europe en battant \u00e0 nouveau Clermont 18-24. Il quitte Toulon en 2016, non conserv\u00e9 par les Varois.<\/p>\n<p style=\"text-align: justify;\">Il rejoint librement la section Paloise apr\u00e8s son aventure l\u00e9gendaire \u00e0 Toulon, pendant 3 ans dans les Pyr\u00e9n\u00e9es-Atlantiques, son leadership et son exp\u00e9rience font beaucoup de bien aux Palois, qui se maintiennent durant ces 3 ann\u00e9es. Ils jouent m\u00eame une demi-finale de Challenge Cup en 2018 \u00e0 Cardiff qui sera perdu de peu (16-10) face au futur vainqueur de la comp\u00e9tition. Steffon Armitage est victime d\u2019une grave blessure pendant ce match, une rupture du Tandon d\u2019Achille qui l\u2019\u00e9loignera des terrains pour de nombreux mois. Il quitte la Section Paloise en 2019. Il aura jou\u00e9 61 matchs pour 5 essais.<\/p>\n<p style=\"text-align: justify;\">Il rejoint le Biarritz Olympique en Pro D2 avec l\u2019objectif de remonter en Top 14, il est nomm\u00e9 capitaine d\u00e8s sa venue. Il connaitra la joie de la mont\u00e9e avec les Basques en 2021, apr\u00e8s une finale de Pro D2 perdue face \u00e0 Perpignan 33-14, un acc\u00e8s match face \u00e0 Bayonne. Un derby basque bouillant qui finira par un score nul 6-6 et des tirs aux buts. Steffon Armitage met le coup de pied de la mont\u00e9e en Top 14. Sa troisi\u00e8me et derni\u00e8re saison avec les Biarrots est un peu plus compliqu\u00e9e avec une 14\u00e8me et derni\u00e8re place en Top 14 et une redescente imm\u00e9diate dans l\u2019\u00e9chelon inf\u00e9rieur. La suite de sa carri\u00e8re est un peu plus discr\u00e8te avec une saison 2022-2023 au stade Ni\u00e7ois et les deux derni\u00e8res saisons au CO Berre XV en F\u00e9d\u00e9rale 1.<\/p>\n<p>Steffon Armitage s\u2019offre un dernier d\u00e9fi<\/p>\n<p style=\"text-align: justify;\">\u00c0 40 ans, l\u2019international anglais n\u2019a pas dit son dernier mot et ne veut pas encore dire stop, il s\u2019offre un nouveau (et dernier) d\u00e9fi et a dit oui au rugby \u00e0 XIII et \u00e0 Montpellier H\u00e9rault XIII. Le club h\u00e9raultais pourra compter sur la grosse carri\u00e8re et exp\u00e9rience de son nouveau joueur.<\/p>\n<blockquote class=\"instagram-media\" data-instgrm-captioned=\"\" data-instgrm-permalink=\"https:\/\/www.instagram.com\/p\/DPT8CfrDNuc\/?utm_source=ig_embed&amp;utm_campaign=loading\" data-instgrm-version=\"14\" style=\" background:#FFF; border:0; border-radius:3px; box-shadow:0 0 1px 0 rgba(0,0,0,0.5),0 1px 10px 0 rgba(0,0,0,0.15); margin: 1px; max-width:500px; min-width:326px; padding:0; width:99.375%; width:-webkit-calc(100% - 2px); width:calc(100% - 2px);\">\n<\/blockquote>\n<p>        <script async src=\"\/\/www.instagram.com\/embed.js\"><\/script><\/p>\n","protected":false},"excerpt":{"rendered":"Montpellier H\u00e9rault XIII a annonc\u00e9 le recrutement de Steffon Armitage, l\u00e9gende du rugby \u00e0 XV en provenance du&hellip;\n","protected":false},"author":2,"featured_media":437192,"comment_status":"","ping_status":"","sticky":false,"template":"","format":"standard","meta":{"footnotes":""},"categories":[9599],"tags":[1111,11,16974,1777,674,1011,27,2208,56464,12,2680,25,2228,2229,56465],"class_list":{"0":"post-437191","1":"post","2":"type-post","3":"status-publish","4":"format-standard","5":"has-post-thumbnail","7":"category-montpellier","8":"tag-actu","9":"tag-actualites","10":"tag-dn3","11":"tag-eu","12":"tag-europe","13":"tag-fr","14":"tag-france","15":"tag-montpellier","16":"tag-montpellier-xiii","17":"tag-news","18":"tag-occitanie","19":"tag-republique-francaise","20":"tag-rugby-a-xiii","21":"tag-rugby-league","22":"tag-steffon-armitage"},"share_on_mastodon":{"url":"https:\/\/pubeurope.com\/@fr\/115312538846590283","error":""},"_links":{"self":[{"href":"https:\/\/www.europesays.com\/fr\/wp-json\/wp\/v2\/posts\/437191","targetHints":{"allow":["GET"]}}],"collection":[{"href":"https:\/\/www.europesays.com\/fr\/wp-json\/wp\/v2\/posts"}],"about":[{"href":"https:\/\/www.europesays.com\/fr\/wp-json\/wp\/v2\/types\/post"}],"author":[{"embeddable":true,"href":"https:\/\/www.europesays.com\/fr\/wp-json\/wp\/v2\/users\/2"}],"replies":[{"embeddable":true,"href":"https:\/\/www.europesays.com\/fr\/wp-json\/wp\/v2\/comments?post=437191"}],"version-history":[{"count":0,"href":"https:\/\/www.europesays.com\/fr\/wp-json\/wp\/v2\/posts\/437191\/revisions"}],"wp:featuredmedia":[{"embeddable":true,"href":"https:\/\/www.europesays.com\/fr\/wp-json\/wp\/v2\/media\/437192"}],"wp:attachment":[{"href":"https:\/\/www.europesays.com\/fr\/wp-json\/wp\/v2\/media?parent=437191"}],"wp:term":[{"taxonomy":"category","embeddable":true,"href":"https:\/\/www.europesays.com\/fr\/wp-json\/wp\/v2\/categories?post=437191"},{"taxonomy":"post_tag","embeddable":true,"href":"https:\/\/www.europesays.com\/fr\/wp-json\/wp\/v2\/tags?post=437191"}],"curies":[{"name":"wp","href":"https:\/\/api.w.org\/{rel}","templated":true}]}}