{"id":437193,"date":"2025-10-03T22:14:11","date_gmt":"2025-10-03T22:14:11","guid":{"rendered":"https:\/\/www.europesays.com\/fr\/437193\/"},"modified":"2025-10-03T22:14:11","modified_gmt":"2025-10-03T22:14:11","slug":"remplacement-daiguillages-autour-de-letoile-ferroviaire-de-rouen-un-nouveau-week-end-difficile-a-la-sncf","status":"publish","type":"post","link":"https:\/\/www.europesays.com\/fr\/437193\/","title":{"rendered":"Remplacement d&rsquo;aiguillages autour de l'\u00a0\u00bb\u00e9toile ferroviaire de Rouen\u00a0\u00bb : un nouveau week-end difficile \u00e0 la SNCF"},"content":{"rendered":"<p>Le d\u00e9but des travaux autour de l&rsquo;\u00e9toile ferroviaire de Rouen va, \u00e0 son tour, perturber la circulation des trains entre Paris et Le Havre ces 4 et 5 octobre 2025.<\/p>\n<p>C&rsquo;est un nouveau week-end d\u00e9licat sur le rail normand qui s&rsquo;annonce, en raison de travaux. Pas question ici du chantier EOLE de Mantes-la-Jolie, mais des travaux concernant des aiguillages, et notamment ceux concernant l&rsquo;\u00e9toile ferroviaire de Rouen, ce secteur qui sera le futur RER m\u00e9tropolitain autour de Rouen. Ce week-end de travaux va interrompre, d\u00e8s ce samedi matin, le trafic \u00e0 Yvetot, en raison de la <strong>suppression d&rsquo;un aiguillage \u00e0 Harfleur<\/strong>. De fait, il ne sera <strong>pas possible de relier directement ce week-end Paris et Le Havre en train<\/strong>. Les circulations s&rsquo;arr\u00eateront \u00e0 Yvetot, et des <strong>bus de substitution<\/strong> \u00e0 r\u00e9servation obligatoire seront en place ce samedi matin et ce dimanche \u00e0 partir de midi. La circulation sera de <strong>retour \u00e0 la normale d\u00e8s 16h ce dimanche<\/strong>, pour le retour de week-end.<\/p>\n<p>Si l&rsquo;axe majeur entre Paris, Rouen et Le Havre est le premier concern\u00e9 par ces travaux, les lignes secondaires le seront aussi. Ainsi, la ligne <strong>entre Rouen et Caen<\/strong> sera perturb\u00e9e aux m\u00eames horaires, tout comme <strong>celle entre Br\u00e9aut\u00e9 et F\u00e9camp<\/strong>.<\/p>\n<p>La ligne ferroviaire entre <strong>Rouen et Dieppe<\/strong> sera aussi interrompue \u00e0 partir de ce samedi midi \u00e0 dimanche, 16h, \u00e0 cause, cette fois, du remplacement d&rsquo;un autre aiguillage, \u00e0 Malaunay. Le secteur de Darn\u00e9tal sera aussi concern\u00e9 le mois prochain.<\/p>\n<p>En tout, six week-ends seront consacr\u00e9s aux travaux de modernisation de cette fameuse \u00e9toile ferroviaire, o\u00f9 16 aiguillages devront \u00eatre remplac\u00e9s. Une op\u00e9ration \u00e0 10 millions d&rsquo;euros financ\u00e9e par SNCF R\u00e9seau. Ces aiguillages ont chacun vu passer, en environ 25 ans, 2 millions de trains.<\/p>\n<p>Attention, donc, ce n&rsquo;est pas fini, et d\u00e8s le week-end suivant, les 11 et 12 octobre, il y aura d&rsquo;autres perturbations\u00a0: un allongement du temps de trajet, notamment sur Paris-Rouen-Le Havre, \u00e0 cause, cette fois, des travaux du RER parisien \u00e0 Mantes-la-Jolie. Le mois de <strong>novembre sera particuli\u00e8rement difficile\u00a0: quatre fins de semaine sur cinq seront concern\u00e9es par de lourds chantiers<\/strong>.<\/p>\n<p><a target=\"_blank\" rel=\"nofollow noopener noreferrer\" class=\"IciLink ici-link IciArticleLink g-ici-body-regular-1 underline brand svelte-lu7k6w\" href=\"https:\/\/www.ter.sncf.com\/normandie\/se-deplacer\/info-trafic\/calendriers-travaux\">Le d\u00e9tail des horaires et des travaux sont \u00e0 retrouver ici.<\/a><\/p>\n<p><a href=\"https:\/\/www.youtube.com\/watch?v=PJD5FOaJXXQ\" target=\"_blank\" rel=\"noopener noreferrer nofollow\" class=\"Youtube svelte-15adm43\" style=\"background-image: url(https:\/\/i.ytimg.com\/vi\/PJD5FOaJXXQ\/sddefault.jpg);\"><\/p>\n<p>Modernisation de l&rsquo;\u00e9toile ferroviaire de Rouen<\/p>\n<p> <\/a> <\/p>\n","protected":false},"excerpt":{"rendered":"Le d\u00e9but des travaux autour de l&rsquo;\u00e9toile ferroviaire de Rouen va, \u00e0 son tour, perturber la circulation des&hellip;\n","protected":false},"author":2,"featured_media":437194,"comment_status":"","ping_status":"","sticky":false,"template":"","format":"standard","meta":{"footnotes":""},"categories":[9587],"tags":[1111,11,1777,674,1011,27,12,5161,25,9590],"class_list":{"0":"post-437193","1":"post","2":"type-post","3":"status-publish","4":"format-standard","5":"has-post-thumbnail","7":"category-rouen","8":"tag-actu","9":"tag-actualites","10":"tag-eu","11":"tag-europe","12":"tag-fr","13":"tag-france","14":"tag-news","15":"tag-normandie","16":"tag-republique-francaise","17":"tag-rouen"},"share_on_mastodon":{"url":"https:\/\/pubeurope.com\/@fr\/115312542676662129","error":""},"_links":{"self":[{"href":"https:\/\/www.europesays.com\/fr\/wp-json\/wp\/v2\/posts\/437193","targetHints":{"allow":["GET"]}}],"collection":[{"href":"https:\/\/www.europesays.com\/fr\/wp-json\/wp\/v2\/posts"}],"about":[{"href":"https:\/\/www.europesays.com\/fr\/wp-json\/wp\/v2\/types\/post"}],"author":[{"embeddable":true,"href":"https:\/\/www.europesays.com\/fr\/wp-json\/wp\/v2\/users\/2"}],"replies":[{"embeddable":true,"href":"https:\/\/www.europesays.com\/fr\/wp-json\/wp\/v2\/comments?post=437193"}],"version-history":[{"count":0,"href":"https:\/\/www.europesays.com\/fr\/wp-json\/wp\/v2\/posts\/437193\/revisions"}],"wp:featuredmedia":[{"embeddable":true,"href":"https:\/\/www.europesays.com\/fr\/wp-json\/wp\/v2\/media\/437194"}],"wp:attachment":[{"href":"https:\/\/www.europesays.com\/fr\/wp-json\/wp\/v2\/media?parent=437193"}],"wp:term":[{"taxonomy":"category","embeddable":true,"href":"https:\/\/www.europesays.com\/fr\/wp-json\/wp\/v2\/categories?post=437193"},{"taxonomy":"post_tag","embeddable":true,"href":"https:\/\/www.europesays.com\/fr\/wp-json\/wp\/v2\/tags?post=437193"}],"curies":[{"name":"wp","href":"https:\/\/api.w.org\/{rel}","templated":true}]}}