{"id":437195,"date":"2025-10-03T22:15:25","date_gmt":"2025-10-03T22:15:25","guid":{"rendered":"https:\/\/www.europesays.com\/fr\/437195\/"},"modified":"2025-10-03T22:15:25","modified_gmt":"2025-10-03T22:15:25","slug":"rouen-senvole-versailles-se-detache-caen-se-releve","status":"publish","type":"post","link":"https:\/\/www.europesays.com\/fr\/437195\/","title":{"rendered":"Rouen s\u2019envole, Versailles se d\u00e9tache, Caen se rel\u00e8ve\u2026"},"content":{"rendered":"<p>Zapping Foot National Les Petits Princes du Rocher, immersion dans le Groupe \u00c9lite de l\u2019AS Monaco !<\/p>\n<p>Une soir\u00e9e disput\u00e9e sur toutes les pelouses. Ce vendredi soir se disputait effectivement le neuvi\u00e8me multiplex de National de la saison. \u00c0 cette occasion, seul Valenciennes \u00e9tait laiss\u00e9 \u00e0 quai, en raison d\u2019un championnat \u00e0 17 formations. Si aucun carton rouge n\u2019a \u00e9t\u00e9 distribu\u00e9 ce 3 octobre, aucune rencontre ne s\u2019est sold\u00e9e par un score nul et vierge. Autrement, seize buts ont \u00e9t\u00e9 inscrits. Leader, le FC Rouen consolide sa place apr\u00e8s sa victoire \u00e0 Saint-Brieuc. Le FC Versailles profite des faux pas de l\u2019US Orl\u00e9ans et Dijon pour s\u2019emparer, seul, de la deuxi\u00e8me place du podium. Le Stade Malherbe de Caen, en difficult\u00e9 en ce d\u00e9but de saison, s\u2019est impos\u00e9 sur le score de deux buts \u00e0 z\u00e9ro contre Le Puy. Sans plus tarder, d\u00e9couvrez tous les r\u00e9sultats de la neuvi\u00e8me journ\u00e9e du championnat de National.\u00a0<\/p>\n<p>Les r\u00e9sultats<\/p>\n<ul>\n<li>Caen 2 &#8211; 0 Le Puy<\/li>\n<li>QRM 1 &#8211; 1 Fleury<\/li>\n<li>Saint-Brieuc 0 &#8211; 1 Rouen<\/li>\n<li>FCVB 2 &#8211; 1 Ch\u00e2teauroux<\/li>\n<li>FBBP 01 0 &#8211; 1 Versailles<\/li>\n<li>Aubagne 1 &#8211; 1 Dijon<\/li>\n<li>Paris 13 Atletico 2 &#8211; 2 Orl\u00e9ans<\/li>\n<li>Concarneau 1 &#8211; 0 Sochaux<\/li>\n<\/ul>\n<p><a href=\"https:\/\/www.foot-national.com\/data\/classement-national.html\" rel=\"nofollow noopener\" target=\"_blank\">Classement complet National<\/a><\/p>\n<p>Partagez cette info avec vos amis et vos proches en cliquant ici<br \/>Pour r\u00e9sumer<\/p>\n<p>Une soir\u00e9e disput\u00e9e sur toutes les pelouses. Ce vendredi soir se disputait effectivement le neuvi\u00e8me multiplex de National de la saison. \u00c0 cette occasion, seul Valenciennes \u00e9tait laiss\u00e9 \u00e0 quai, en raison d\u2019un championnat \u00e0 17 formations.<\/p>\n<p> <img decoding=\"async\" width=\"76\" height=\"76\" loading=\"lazy\" src=\"https:\/\/static.wui.fr\/images_v3\/avatar-footnational.png\" alt=\"Youcef Ghalaza-Boudra\"\/><\/p>\n","protected":false},"excerpt":{"rendered":"Zapping Foot National Les Petits Princes du Rocher, immersion dans le Groupe \u00c9lite de l\u2019AS Monaco ! Une&hellip;\n","protected":false},"author":2,"featured_media":437196,"comment_status":"","ping_status":"","sticky":false,"template":"","format":"standard","meta":{"footnotes":""},"categories":[9587],"tags":[1111,11,1777,674,1011,27,12,5161,25,9590],"class_list":{"0":"post-437195","1":"post","2":"type-post","3":"status-publish","4":"format-standard","5":"has-post-thumbnail","7":"category-rouen","8":"tag-actu","9":"tag-actualites","10":"tag-eu","11":"tag-europe","12":"tag-fr","13":"tag-france","14":"tag-news","15":"tag-normandie","16":"tag-republique-francaise","17":"tag-rouen"},"share_on_mastodon":{"url":"https:\/\/pubeurope.com\/@fr\/115312547006850460","error":""},"_links":{"self":[{"href":"https:\/\/www.europesays.com\/fr\/wp-json\/wp\/v2\/posts\/437195","targetHints":{"allow":["GET"]}}],"collection":[{"href":"https:\/\/www.europesays.com\/fr\/wp-json\/wp\/v2\/posts"}],"about":[{"href":"https:\/\/www.europesays.com\/fr\/wp-json\/wp\/v2\/types\/post"}],"author":[{"embeddable":true,"href":"https:\/\/www.europesays.com\/fr\/wp-json\/wp\/v2\/users\/2"}],"replies":[{"embeddable":true,"href":"https:\/\/www.europesays.com\/fr\/wp-json\/wp\/v2\/comments?post=437195"}],"version-history":[{"count":0,"href":"https:\/\/www.europesays.com\/fr\/wp-json\/wp\/v2\/posts\/437195\/revisions"}],"wp:featuredmedia":[{"embeddable":true,"href":"https:\/\/www.europesays.com\/fr\/wp-json\/wp\/v2\/media\/437196"}],"wp:attachment":[{"href":"https:\/\/www.europesays.com\/fr\/wp-json\/wp\/v2\/media?parent=437195"}],"wp:term":[{"taxonomy":"category","embeddable":true,"href":"https:\/\/www.europesays.com\/fr\/wp-json\/wp\/v2\/categories?post=437195"},{"taxonomy":"post_tag","embeddable":true,"href":"https:\/\/www.europesays.com\/fr\/wp-json\/wp\/v2\/tags?post=437195"}],"curies":[{"name":"wp","href":"https:\/\/api.w.org\/{rel}","templated":true}]}}