{"id":437214,"date":"2025-10-03T22:26:16","date_gmt":"2025-10-03T22:26:16","guid":{"rendered":"https:\/\/www.europesays.com\/fr\/437214\/"},"modified":"2025-10-03T22:26:16","modified_gmt":"2025-10-03T22:26:16","slug":"a-bordeaux-une-session-dassises-annulee-faute-de-magistrat","status":"publish","type":"post","link":"https:\/\/www.europesays.com\/fr\/437214\/","title":{"rendered":"\u00e0 Bordeaux, une session d\u2019assises annul\u00e9e faute de magistrat"},"content":{"rendered":"<p>C\u2019est un sujet br\u00fblant. Depuis deux ans, les d\u00e9lais de jugement pour les cours d\u2019assises explosent partout en France. Ainsi, le moindre grain de sable a de lourdes incidences sur les accus\u00e9s qui souhaitent \u00eatre innocent\u00e9s et les victimes qui veulent obtenir gain de cause. Et c\u2019est ce qui vient de passer \u00e0 Bordeaux. La session d\u2019assises de d\u00e9but octobre a \u00e9t\u00e9 purement et simplement annul\u00e9e.<\/p>\n<p>En cause, le non-remplacement d\u2019un des pr\u00e9sidents. Hubert Hansenne a pr\u00e9sid\u00e9 sa derni\u00e8re audience \u00e0 Bordeaux en juillet dernier. Son d\u00e9part vers une autre juridiction \u00e9tait bien pr\u00e9vu par la cour d\u2019appel. Mais en octobre, il n\u2019y avait personne pour assurer son poste.<\/p>\n<p>Un probl\u00e8me interne<\/p>\n<p>Isabelle Gorce, premi\u00e8re pr\u00e9sidente de la cour d\u2019appel, nous transmet ce communiqu\u00e9\u00a0: \u00ab\u00a0Le d\u00e9part de l\u2019un des pr\u00e9sidents et son remplacement, en interne sur les effectifs de la cour, a n\u00e9cessit\u00e9 de modifier l\u2019audiencement de la rentr\u00e9e pour permettre le suivi d\u2019une formation pr\u00e9alable indispensable \u00e0 la prise de poste, eu \u00e9gard \u00e0 la technicit\u00e9 des fonctions de pr\u00e9sident de cour d\u2019assises.\u00a0\u00bb<\/p>\n<p>Derri\u00e8re ces \u00e9l\u00e9ments feutr\u00e9s, il y aurait, selon nos informations, un couac interne \u00e0 la cour d\u2019appel, qui m\u00e9lange \u00e9l\u00e9ments priv\u00e9s relatifs aux magistrats et organisation des effectifs. Quoi qu\u2019il en soit, il a bien fallu trouver une solution. Isabelle Gorce le confirme\u00a0: \u00ab\u00a0Afin de limiter au maximum l\u2019impact sur le service des assises et l\u2019audiencement des dossiers, il a \u00e9t\u00e9 d\u00e9cid\u00e9 de reporter la session du 29\u00a0septembre au 10\u00a0octobre.\u00a0\u00bb<\/p>\n<blockquote><p>\u00ab\u00a0On sait que les cours d\u2019assises sont embouteill\u00e9es, mais ce nouveau report est bien un dysfonctionnement\u00a0\u00bb<\/p><\/blockquote>\n<p>Pourquoi celle-ci\u00a0? Car il s\u2019agit de \u00ab\u00a0la seule session jusqu\u2019\u00e0 la fin de l\u2019ann\u00e9e compos\u00e9e uniquement de dossiers sans accus\u00e9 d\u00e9tenu\u00a0\u00bb. En clair, la cour d\u2019appel n\u2019avait pas les moyens d\u2019assurer toutes les sessions. Elle a d\u00e9cid\u00e9 d\u2019assurer celles o\u00f9 il y avait des d\u00e9tenus, car leur cas est prioritaire.<\/p>\n<p>Me\u00a0Julie Ravaux devait plaider de lundi \u00e0 mercredi. Elle d\u00e9fendait une famille endeuill\u00e9e. En juin 2019, Jean-Luc Krautsieder avait \u00e9t\u00e9 victime d\u2019une tentative de meurtre \u00e0 Langon. L\u2019homme de 36\u00a0ans avait \u00e9t\u00e9 abord\u00e9, arr\u00eat\u00e9, rou\u00e9 de coups et laiss\u00e9 \u00e0 terre par son agresseur. <a href=\"https:\/\/www.sudouest.fr\/gironde\/bazas\/langon-deux-jeunes-arretes-pour-avoir-roue-de-coups-un-cycliste-sans-raison-2553200.php\" target=\"_blank\" rel=\"follow nofollow noopener\">Diego Winterstein avait \u00e9t\u00e9 arr\u00eat\u00e9 et mis en examen<\/a>. Il devait compara\u00eetre en octobre 2023. Mais la victime, qui n\u2019avait jamais quitt\u00e9 un \u00e9tat v\u00e9g\u00e9tatif, \u00e9tait <a href=\"https:\/\/www.sudouest.fr\/faits-divers\/gironde-le-proces-d-un-passage-a-tabac-a-langon-reporte-apres-la-mort-de-la-victime-16901444.php\" target=\"_blank\" rel=\"follow nofollow noopener\">morte une semaine avant l\u2019ouverture de la cour d\u2019assises.<\/a><\/p>\n<p>Le barreau r\u00e9agit<\/p>\n<p>C\u2019est peu dire que ses parents attendaient une nouvelle date avec impatience\u00a0: \u00ab\u00a0Pour eux, cela g\u00e9n\u00e8re \u00e0 nouveau beaucoup de peine, t\u00e9moigne Me\u00a0Ravaux. Leur fils a \u00e9t\u00e9 massacr\u00e9 et la justice ne passe pas. On sait que les cours d\u2019assises sont embouteill\u00e9es, mais ce nouveau report est bien un dysfonctionnement.\u00a0\u00bb On ignore, pour l\u2019heure, quand le proc\u00e8s pourra \u00eatre report\u00e9. Deux autres proc\u00e8s (des viols commis par des mineurs) sont concern\u00e9s par cette annulation annonc\u00e9e en juillet dernier.<\/p>\n<p>En attendant des nouvelles de la cour d\u2019appel, l\u2019Ordre des avocats de Bordeaux, sollicit\u00e9 par \u00ab\u00a0Sud Ouest\u00a0\u00bb, parle d\u2019une \u00ab\u00a0illustration des difficult\u00e9s de la justice\u00a0\u00bb\u00a0: \u00ab\u00a0On a \u00e9crit plusieurs fois au garde des Sceaux au sujet du manque de moyens. Certains sont arriv\u00e9s mais c\u2019est insuffisant face aux d\u00e9cennies de p\u00e9nurie qu\u2019il faut compenser\u00a0\u00bb, commente la b\u00e2tonni\u00e8re, Me\u00a0Caroline Laveissi\u00e8re.<\/p>\n","protected":false},"excerpt":{"rendered":"C\u2019est un sujet br\u00fblant. Depuis deux ans, les d\u00e9lais de jugement pour les cours d\u2019assises explosent partout en&hellip;\n","protected":false},"author":2,"featured_media":437215,"comment_status":"","ping_status":"","sticky":false,"template":"","format":"standard","meta":{"footnotes":""},"categories":[2817],"tags":[1111,11,1997,1777,674,1011,27,12,2219,25],"class_list":{"0":"post-437214","1":"post","2":"type-post","3":"status-publish","4":"format-standard","5":"has-post-thumbnail","7":"category-bordeaux","8":"tag-actu","9":"tag-actualites","10":"tag-bordeaux","11":"tag-eu","12":"tag-europe","13":"tag-fr","14":"tag-france","15":"tag-news","16":"tag-nouvelle-aquitaine","17":"tag-republique-francaise"},"share_on_mastodon":{"url":"https:\/\/pubeurope.com\/@fr\/115312589803261450","error":""},"_links":{"self":[{"href":"https:\/\/www.europesays.com\/fr\/wp-json\/wp\/v2\/posts\/437214","targetHints":{"allow":["GET"]}}],"collection":[{"href":"https:\/\/www.europesays.com\/fr\/wp-json\/wp\/v2\/posts"}],"about":[{"href":"https:\/\/www.europesays.com\/fr\/wp-json\/wp\/v2\/types\/post"}],"author":[{"embeddable":true,"href":"https:\/\/www.europesays.com\/fr\/wp-json\/wp\/v2\/users\/2"}],"replies":[{"embeddable":true,"href":"https:\/\/www.europesays.com\/fr\/wp-json\/wp\/v2\/comments?post=437214"}],"version-history":[{"count":0,"href":"https:\/\/www.europesays.com\/fr\/wp-json\/wp\/v2\/posts\/437214\/revisions"}],"wp:featuredmedia":[{"embeddable":true,"href":"https:\/\/www.europesays.com\/fr\/wp-json\/wp\/v2\/media\/437215"}],"wp:attachment":[{"href":"https:\/\/www.europesays.com\/fr\/wp-json\/wp\/v2\/media?parent=437214"}],"wp:term":[{"taxonomy":"category","embeddable":true,"href":"https:\/\/www.europesays.com\/fr\/wp-json\/wp\/v2\/categories?post=437214"},{"taxonomy":"post_tag","embeddable":true,"href":"https:\/\/www.europesays.com\/fr\/wp-json\/wp\/v2\/tags?post=437214"}],"curies":[{"name":"wp","href":"https:\/\/api.w.org\/{rel}","templated":true}]}}