{"id":437216,"date":"2025-10-03T22:27:19","date_gmt":"2025-10-03T22:27:19","guid":{"rendered":"https:\/\/www.europesays.com\/fr\/437216\/"},"modified":"2025-10-03T22:27:19","modified_gmt":"2025-10-03T22:27:19","slug":"stade-poitevin-bordeaux-le-groupe-des-girondins-avec-16-joueurs-dont-royce-openda","status":"publish","type":"post","link":"https:\/\/www.europesays.com\/fr\/437216\/","title":{"rendered":"Stade Poitevin-Bordeaux : le groupe des Girondins avec 16 joueurs dont Royce Openda"},"content":{"rendered":"<p><img decoding=\"async\" src=\"https:\/\/www.europesays.com\/fr\/wp-content\/uploads\/2025\/08\/671_654f6bd6bd8f10315d0a7db305628ae1.jpg\" alt=\"Stade Poitevin-Bordeaux : le groupe des Girondins avec 16 joueurs dont Royce Openda\" class=\"img-responsive mt-3\"\/><\/p>\n<p class=\"text-center mb-3\" style=\"font-size: 14px\">\u00a9 Iconsport<\/p>\n<p>Voici le groupe des Girondins de Bordeaux pour affronter le Stade Poitevin. \u00c9ric Vandenabeele (d\u00e9fenseur central) n&rsquo;a pas \u00e9t\u00e9 retenu.<\/p>\n<p><strong><br \/>Gardiens<\/strong>\u00a0: Hoekstra, Diabat\u00e9<\/p>\n<p><strong>D\u00e9fenseurs<\/strong> : Droehnl\u00e9, Grillot, Besse, Trichard, Jousselin, El Hajjam<\/p>\n<p><strong>Milieux<\/strong> : Odru, Ba, Manna\u00ef<\/p>\n<p><strong>Attaquants<\/strong> : Etonde, Shamal, Bahassa, Villette, Openda<\/p>\n<p><strong>Absents<\/strong> : Ciss\u00e9 (bless\u00e9), Yamber\u00e9 (choix),\u00a0 Merdji (choix), Beugre (choix), Rizaldos (bless\u00e9), Agossa (choix), Vandenabeele (choix), Diop (suspendu).<\/p>\n<p>L&rsquo;\u00e9quipe r\u00e9serve des Girondins joue dimanche la 5e journ\u00e9e de R\u00e9gional 1.<\/p>\n<p>\u00a0<\/p>\n<p>\u00c0 lire aussi :\u00a0<strong><a href=\"https:\/\/www.webgirondins.com\/actualite-mercato-florian-pourtuguez-quitte-les-girondins-de-bordeaux-130581\" target=\"_blank\" rel=\"noopener\">Florian Pourtuguez quitte les Girondins de Bordeaux<\/a><\/strong><\/p>\n<p>\u00a0<\/p>\n<p>Notre podcast court sur l&rsquo;actu des Girondins :<\/p>\n<p>\u00a0<\/p>\n","protected":false},"excerpt":{"rendered":"\u00a9 Iconsport Voici le groupe des Girondins de Bordeaux pour affronter le Stade Poitevin. \u00c9ric Vandenabeele (d\u00e9fenseur central)&hellip;\n","protected":false},"author":2,"featured_media":292567,"comment_status":"","ping_status":"","sticky":false,"template":"","format":"standard","meta":{"footnotes":""},"categories":[2817],"tags":[1111,11,3987,56467,3396,1997,3211,55955,6951,10902,1994,1777,674,1011,27,1987,2705,3212,4059,5110,3103,12,2219,51949,36302,471,25,51948,3982,2858],"class_list":{"0":"post-437216","1":"post","2":"type-post","3":"status-publish","4":"format-standard","5":"has-post-thumbnail","7":"category-bordeaux","8":"tag-actu","9":"tag-actualites","10":"tag-affronter","11":"tag-amand","12":"tag-avec","13":"tag-bordeaux","14":"tag-bruno","15":"tag-buxerolles","16":"tag-communique","17":"tag-dont","18":"tag-entraineur","19":"tag-eu","20":"tag-europe","21":"tag-fr","22":"tag-france","23":"tag-girondins","24":"tag-groupe","25":"tag-irles","26":"tag-joueurs","27":"tag-liste","28":"tag-michel","29":"tag-news","30":"tag-nouvelle-aquitaine","31":"tag-openda","32":"tag-poitevin","33":"tag-pour","34":"tag-republique-francaise","35":"tag-royce","36":"tag-samedi","37":"tag-stade"},"share_on_mastodon":{"url":"https:\/\/pubeurope.com\/@fr\/115312593866177041","error":""},"_links":{"self":[{"href":"https:\/\/www.europesays.com\/fr\/wp-json\/wp\/v2\/posts\/437216","targetHints":{"allow":["GET"]}}],"collection":[{"href":"https:\/\/www.europesays.com\/fr\/wp-json\/wp\/v2\/posts"}],"about":[{"href":"https:\/\/www.europesays.com\/fr\/wp-json\/wp\/v2\/types\/post"}],"author":[{"embeddable":true,"href":"https:\/\/www.europesays.com\/fr\/wp-json\/wp\/v2\/users\/2"}],"replies":[{"embeddable":true,"href":"https:\/\/www.europesays.com\/fr\/wp-json\/wp\/v2\/comments?post=437216"}],"version-history":[{"count":0,"href":"https:\/\/www.europesays.com\/fr\/wp-json\/wp\/v2\/posts\/437216\/revisions"}],"wp:featuredmedia":[{"embeddable":true,"href":"https:\/\/www.europesays.com\/fr\/wp-json\/wp\/v2\/media\/292567"}],"wp:attachment":[{"href":"https:\/\/www.europesays.com\/fr\/wp-json\/wp\/v2\/media?parent=437216"}],"wp:term":[{"taxonomy":"category","embeddable":true,"href":"https:\/\/www.europesays.com\/fr\/wp-json\/wp\/v2\/categories?post=437216"},{"taxonomy":"post_tag","embeddable":true,"href":"https:\/\/www.europesays.com\/fr\/wp-json\/wp\/v2\/tags?post=437216"}],"curies":[{"name":"wp","href":"https:\/\/api.w.org\/{rel}","templated":true}]}}