{"id":437221,"date":"2025-10-03T22:31:36","date_gmt":"2025-10-03T22:31:36","guid":{"rendered":"https:\/\/www.europesays.com\/fr\/437221\/"},"modified":"2025-10-03T22:31:36","modified_gmt":"2025-10-03T22:31:36","slug":"du-jamais-vu-le-gardien-le-lille-stoppe-trois-penaltys-daffilee-au-terme-dune-sequence-lunaire-contre-las-rome","status":"publish","type":"post","link":"https:\/\/www.europesays.com\/fr\/437221\/","title":{"rendered":"\u00ab\u00a0Du jamais-vu\u00a0\u00bb : le gardien le Lille stoppe trois penaltys d\u2019affil\u00e9e au terme d\u2019une s\u00e9quence lunaire contre l\u2019AS Rome"},"content":{"rendered":"<p class=\"article-p mdl\">Une soir\u00e9e qui restera dans les m\u00e9moires. Le <strong>gardien turc du LOSC, Berke \u00d6zer,<\/strong> a \u00e9t\u00e9 l&rsquo;auteur de trois arr\u00eats cons\u00e9cutifs sur p\u00e9nalty, jeudi 2 octobre, lors du d\u00e9placement lillois \u00e0 Rome.\u00a0<a class=\"link\" href=\"https:\/\/www.rtl.fr\/sport\/football\/ligue-europa-ol-losc-nice-decouvrez-le-calendrier-complet-des-clubs-francais-7900544951\" target=\"_blank\" rel=\"noopener\">Alors que Lille<\/a>\u00a0men\u00e9 par le plus petit \u00e9cart, 1 but \u00e0 0 gr\u00e2ce \u00e0 l&rsquo;ouverture du score de <strong>H\u00e1kon Arnar Haraldsson<\/strong> en d\u00e9but de match (6\u1d49 minute), le club de la capitale italienne est pass\u00e9 tr\u00e8s proche de renverser le sort de la rencontre.<\/p>\n<p class=\"article-p mdl\">\u00c0 la 80\u1d49 minute de jeu, les Romains b\u00e9n\u00e9ficient d&rsquo;un premier p\u00e9nalty apr\u00e8s une faute de main lilloise dans la surface. D\u00e9sign\u00e9 pour le tirer, <strong>Artem Dovbyk <\/strong>frappe mollement du c\u00f4t\u00e9 o\u00f9 le gardien a plong\u00e9. Arr\u00eat de Berke \u00d6zer, le camp lillois est en joie, mais pas pour longtemps. Des joueurs du LOSC sont intervenus trop t\u00f4t dans la surface au moment du penalty, celui-ci est alors \u00e0 retirer.<\/p>\n<p class=\"article-p mdl\">Deuxi\u00e8me penalty : le face \u00e0 face est le m\u00eame, et le r\u00e9sultat aussi. Berke \u00d6zer plonge \u00e0 sa gauche et arr\u00eate une nouvelle fois le tir d&rsquo;Artem Dovbyk. L&rsquo;exploit est d\u00e9j\u00e0 l\u00e0. Adorant le comique de r\u00e9p\u00e9tition, c&rsquo;est alors que l&rsquo;arbitre prend la d\u00e9cision de faire tirer une troisi\u00e8me fois ce m\u00eame penalty. L&rsquo;<strong>AS Rome change son fusil d&rsquo;\u00e9paule et c&rsquo;est\u00a0Mat\u00edas Soul\u00e9<\/strong> qui s&rsquo;\u00e9lance face au portier lillois. Ce dernier change de c\u00f4t\u00e9 pour plonger, un choix gagnant : troisi\u00e8me arr\u00eat cons\u00e9cutif, une folie pour climatiser le stade romain.<\/p>\n<p class=\"article-p mdl\">Dix minutes plus tard, l&rsquo;arbitre siffle &#8211; non pas un nouveau penalty &#8211; le coup de sifflet final de la rencontre, remport\u00e9e par le LOSC \u00e0 Rome, un des favoris de l&rsquo;<strong>Europa League<\/strong>. Et dans un match o\u00f9 les buts sont rest\u00e9s aux vestiaires, c&rsquo;est bien les prouesses Berke \u00d6zer qui ont marqu\u00e9 les esprits.<\/p>\n<p class=\"article-p mdl\">Gr\u00e2ce \u00e0 ces trois jaillissements sur sa ligne, le portier lillois fait ainsi vite oublier l&rsquo;excellent international fran\u00e7ais\u00a0<a class=\"link\" href=\"https:\/\/www.rtl.fr\/sport\/football\/psg-qui-est-lucas-chevalier-nouveau-gardien-du-club-et-futur-numero-1-de-l-equipe-de-france-7900526754\" target=\"_blank\" rel=\"noopener\">Lucas Chevalier<\/a>, parti rejoindre le Paris Saint-Germain durant l&rsquo;intersaison 2025. Il est certain qu&rsquo;\u00e0 sa prochaine apparition au stade Pierre Mauroy, le nouveau gardien lillois sera acclam\u00e9 comme il ne l&rsquo;a encore jamais \u00e9t\u00e9 depuis son arriv\u00e9e au LOSC cet \u00e9t\u00e9.<\/p>\n<p>    La r\u00e9daction vous recommande<\/p>\n<p class=\"s-newsletter__title\">\n                L\u2019actualit\u00e9 par la r\u00e9daction de RTL dans votre bo\u00eete mail.\n            <\/p>\n<p class=\"s-newsletter__subtitle\">\n                Gr\u00e2ce \u00e0 votre compte RTL abonnez-vous \u00e0 la newsletter RTL info pour suivre toute l&rsquo;actualit\u00e9 au quotidien\n            <\/p>\n<p>\n                                    Lire la suite\n                                <\/p>\n","protected":false},"excerpt":{"rendered":"Une soir\u00e9e qui restera dans les m\u00e9moires. Le gardien turc du LOSC, Berke \u00d6zer, a \u00e9t\u00e9 l&rsquo;auteur de&hellip;\n","protected":false},"author":2,"featured_media":437222,"comment_status":"","ping_status":"","sticky":false,"template":"","format":"standard","meta":{"footnotes":""},"categories":[2815],"tags":[1111,11,56075,1777,449,674,107,2619,63,1011,27,811,1307,2267,12,25],"class_list":{"0":"post-437221","1":"post","2":"type-post","3":"status-publish","4":"format-standard","5":"has-post-thumbnail","7":"category-lille","8":"tag-actu","9":"tag-actualites","10":"tag-as-rome","11":"tag-eu","12":"tag-europa-league","13":"tag-europe","14":"tag-fil-info","15":"tag-fil-sport","16":"tag-football","17":"tag-fr","18":"tag-france","19":"tag-hauts-de-france","20":"tag-lille","21":"tag-losc","22":"tag-news","23":"tag-republique-francaise"},"share_on_mastodon":{"url":"https:\/\/pubeurope.com\/@fr\/115312609450818353","error":""},"_links":{"self":[{"href":"https:\/\/www.europesays.com\/fr\/wp-json\/wp\/v2\/posts\/437221","targetHints":{"allow":["GET"]}}],"collection":[{"href":"https:\/\/www.europesays.com\/fr\/wp-json\/wp\/v2\/posts"}],"about":[{"href":"https:\/\/www.europesays.com\/fr\/wp-json\/wp\/v2\/types\/post"}],"author":[{"embeddable":true,"href":"https:\/\/www.europesays.com\/fr\/wp-json\/wp\/v2\/users\/2"}],"replies":[{"embeddable":true,"href":"https:\/\/www.europesays.com\/fr\/wp-json\/wp\/v2\/comments?post=437221"}],"version-history":[{"count":0,"href":"https:\/\/www.europesays.com\/fr\/wp-json\/wp\/v2\/posts\/437221\/revisions"}],"wp:featuredmedia":[{"embeddable":true,"href":"https:\/\/www.europesays.com\/fr\/wp-json\/wp\/v2\/media\/437222"}],"wp:attachment":[{"href":"https:\/\/www.europesays.com\/fr\/wp-json\/wp\/v2\/media?parent=437221"}],"wp:term":[{"taxonomy":"category","embeddable":true,"href":"https:\/\/www.europesays.com\/fr\/wp-json\/wp\/v2\/categories?post=437221"},{"taxonomy":"post_tag","embeddable":true,"href":"https:\/\/www.europesays.com\/fr\/wp-json\/wp\/v2\/tags?post=437221"}],"curies":[{"name":"wp","href":"https:\/\/api.w.org\/{rel}","templated":true}]}}