{"id":437223,"date":"2025-10-03T22:32:11","date_gmt":"2025-10-03T22:32:11","guid":{"rendered":"https:\/\/www.europesays.com\/fr\/437223\/"},"modified":"2025-10-03T22:32:11","modified_gmt":"2025-10-03T22:32:11","slug":"lun-de-ses-compagnons-de-palanquee-condamne-pour-non-assistance-a-personne-en-danger","status":"publish","type":"post","link":"https:\/\/www.europesays.com\/fr\/437223\/","title":{"rendered":"l\u2019un de ses compagnons de palanqu\u00e9e condamn\u00e9 pour non-assistance \u00e0 personne en danger"},"content":{"rendered":"<p>C\u2019est <a href=\"https:\/\/www.laprovence.com\/article\/region\/9826526663458914\/marseille-au-tribunal-le-combat-d-un-plongeur-blesse-contre-ses-compagnons-de-palanquee\" target=\"_blank\" rel=\"noopener\">une affaire qui, 15\u00a0ans plus tard, continue d\u2019alimenter de vifs d\u00e9bats<\/a>, sur les forums de passionn\u00e9s de la grande bleue autant qu\u2019en salle d\u2019audience. Le 29\u00a0septembre dernier, le tribunal correctionnel de <a href=\"https:\/\/www.laprovence.com\/bouches-du-rhone\/marseille-13055\" target=\"_blank\" rel=\"noopener\">Marseille<\/a> a condamn\u00e9 \u00e0 12 mois de prison avec sursis Martial R., le compagnon de palanqu\u00e9e de Patrick L., un plongeur bless\u00e9 par un accident de d\u00e9compression lors d\u2019une sortie en f\u00e9vrier\u00a02010 dans la rade phoc\u00e9enne.<\/p>\n<p>Les juges ont estim\u00e9 que Martial R., plus exp\u00e9riment\u00e9, aurait d\u00fb revenir \u00e0 la surface aider son camarade qui effectuait une remont\u00e9e incontr\u00f4l\u00e9e, brisant ses paliers de d\u00e9compression. Et ce, bien que Martial R. avait expliqu\u00e9 \u00eatre rest\u00e9 au fond pour respecter ses propres paliers, par crainte de g\u00e9n\u00e9rer un suraccident. Son avocat, Me Thomas Hugues, a annonc\u00e9 \u00e0 <a href=\"https:\/\/www.laprovence.com\/\" target=\"_blank\" rel=\"noopener\">La Provence<\/a> son intention d\u2019interjeter appel de cette d\u00e9cision.<\/p>\n<p>Le directeur du centre de plong\u00e9e relax\u00e9<\/p>\n<p>Les magistrats du si\u00e8ge ont en revanche relax\u00e9 C\u00e9dric C., le directeur du club de plong\u00e9e, qui \u00e9tait \u00e9galement poursuivi pour des n\u00e9gligences dans la formation dispens\u00e9e en amont au plongeur bless\u00e9, et le dispositif de s\u00e9curit\u00e9 mis en place le jour m\u00eame. Si des manquements ont \u00e9t\u00e9 retenus par le tribunal, ce&#8230;<\/p>\n","protected":false},"excerpt":{"rendered":"C\u2019est une affaire qui, 15\u00a0ans plus tard, continue d\u2019alimenter de vifs d\u00e9bats, sur les forums de passionn\u00e9s de&hellip;\n","protected":false},"author":2,"featured_media":437224,"comment_status":"","ping_status":"","sticky":false,"template":"","format":"standard","meta":{"footnotes":""},"categories":[2814],"tags":[17,1111,11,3916,8927,8652,1777,674,274,1011,27,884,12,56469,16992,882,25,3711],"class_list":{"0":"post-437223","1":"post","2":"type-post","3":"status-publish","4":"format-standard","5":"has-post-thumbnail","7":"category-marseille","8":"tag-17","9":"tag-actu","10":"tag-actualites","11":"tag-blesse","12":"tag-compagnon","13":"tag-condamne","14":"tag-eu","15":"tag-europe","16":"tag-faits-divers-justice","17":"tag-fr","18":"tag-france","19":"tag-marseille","20":"tag-news","21":"tag-palanquee","22":"tag-plongeur","23":"tag-provence-alpes-cote-dazur","24":"tag-republique-francaise","25":"tag-son"},"share_on_mastodon":{"url":"https:\/\/pubeurope.com\/@fr\/115312613373942947","error":""},"_links":{"self":[{"href":"https:\/\/www.europesays.com\/fr\/wp-json\/wp\/v2\/posts\/437223","targetHints":{"allow":["GET"]}}],"collection":[{"href":"https:\/\/www.europesays.com\/fr\/wp-json\/wp\/v2\/posts"}],"about":[{"href":"https:\/\/www.europesays.com\/fr\/wp-json\/wp\/v2\/types\/post"}],"author":[{"embeddable":true,"href":"https:\/\/www.europesays.com\/fr\/wp-json\/wp\/v2\/users\/2"}],"replies":[{"embeddable":true,"href":"https:\/\/www.europesays.com\/fr\/wp-json\/wp\/v2\/comments?post=437223"}],"version-history":[{"count":0,"href":"https:\/\/www.europesays.com\/fr\/wp-json\/wp\/v2\/posts\/437223\/revisions"}],"wp:featuredmedia":[{"embeddable":true,"href":"https:\/\/www.europesays.com\/fr\/wp-json\/wp\/v2\/media\/437224"}],"wp:attachment":[{"href":"https:\/\/www.europesays.com\/fr\/wp-json\/wp\/v2\/media?parent=437223"}],"wp:term":[{"taxonomy":"category","embeddable":true,"href":"https:\/\/www.europesays.com\/fr\/wp-json\/wp\/v2\/categories?post=437223"},{"taxonomy":"post_tag","embeddable":true,"href":"https:\/\/www.europesays.com\/fr\/wp-json\/wp\/v2\/tags?post=437223"}],"curies":[{"name":"wp","href":"https:\/\/api.w.org\/{rel}","templated":true}]}}