{"id":437237,"date":"2025-10-03T22:40:45","date_gmt":"2025-10-03T22:40:45","guid":{"rendered":"https:\/\/www.europesays.com\/fr\/437237\/"},"modified":"2025-10-03T22:40:45","modified_gmt":"2025-10-03T22:40:45","slug":"quinte-quinte-du-samedi-4-octobre-a-parislongchamp-celestial-un-bon-profil","status":"publish","type":"post","link":"https:\/\/www.europesays.com\/fr\/437237\/","title":{"rendered":"Quint\u00e9+: Quint\u00e9+ du samedi 4 octobre \u00e0 ParisLongchamp : Celestial, un bon profil"},"content":{"rendered":"<p><strong>Les partants du Quint\u00e9+ de ce samedi 4 octobre<\/strong><strong style=\"float: left;margin-left: 2%;\">QATAR PRIX DE LA PLACE DE LA CONCORDE<\/strong><strong style=\"float: right;margin-right: 2%;\">SAMEDI 04 OCTOBRE<\/strong><br \/>ParisLongchamp &#8211; 1600 METRES &#8211; \u00a0<img decoding=\"async\" alt=\"picto_galop\" class=\"img2\" src=\"https:\/\/static.equidia.fr\/equidia\/discipline\/galop.svg\"\/>D\u00c9PART : 15H15<\/p>\n<tr class=\"row1\" style=\"border: thin solid #020338; width: 50%; padding: 5px; background-color: #020338; color: #FFFFFF; text-align: left; line-height: 15px;\">N\u00b0\u00a0CHEVALCORDE\u00a0JOCKEYPOIDS\u00a0ENTRA\u00ceNEURVALEURGAINS<\/tr>\n<tr class=\"row2\" style=\"text-align: left; background-color: #FFFFFF; line-height: 15px;\">\n<td class=\"col1\" style=\"text-align: center; width: 65px;font-weight: bold;\">1<\/td>\n<td class=\"col2\"><a href=\"https:\/\/www.equidia.fr\/chevaux\/bullace?horse_uuid=1b083a3f-ff04-4bd6-8e48-128b73784bd8\" target=\"_blank\" rel=\"noopener\">BULLACE<\/a><\/td>\n<td class=\"col3\" style=\"text-align: center;\">9<\/td>\n<td class=\"col4\">C.SOUMILLON<\/td>\n<td class=\"col5\">60.5 kg<\/td>\n<td class=\"col6\">C&amp;Y.LERNER (S)<\/td>\n<td class=\"col7\" style=\"text-align: center;\">46.0<\/td>\n<td class=\"col8\" style=\"text-align: right;\">221192 \u20ac<\/td>\n<\/tr>\n<tr class=\"row3\" style=\"text-align: left; background-color: rgb(218, 218, 226); line-height: 15px;\">\n<td class=\"col1\" style=\"text-align: center; width: 65px;font-weight: bold;\">2<\/td>\n<td class=\"col2\"><a href=\"https:\/\/www.equidia.fr\/chevaux\/babakool?horse_uuid=19546bd3-1333-4a7d-a17e-462da26f0615\" target=\"_blank\" rel=\"noopener\">BABAKOOL<\/a><\/td>\n<td class=\"col3\" style=\"text-align: center;\">7<\/td>\n<td class=\"col4\">M.GUYON<\/td>\n<td class=\"col5\">59.0 kg<\/td>\n<td class=\"col6\">C.FERLAND (S)<\/td>\n<td class=\"col7\" style=\"text-align: center;\">44.5<\/td>\n<td class=\"col8\" style=\"text-align: right;\">72810 \u20ac<\/td>\n<\/tr>\n<tr class=\"row2\" style=\"text-align: left; background-color: #FFFFFF; line-height: 15px;\">\n<td class=\"col1\" style=\"text-align: center; width: 65px;font-weight: bold;\">3<\/td>\n<td class=\"col2\"><a href=\"https:\/\/www.equidia.fr\/chevaux\/lucky-wine?horse_uuid=22cbc2b2-2838-4432-a1f2-0f0714438345\" target=\"_blank\" rel=\"noopener\">LUCKY WINE<\/a><\/td>\n<td class=\"col3\" style=\"text-align: center;\">10<\/td>\n<td class=\"col4\">A.MADAMET<\/td>\n<td class=\"col5\">58.5 kg<\/td>\n<td class=\"col6\">C.FERLAND (S)<\/td>\n<td class=\"col7\" style=\"text-align: center;\">44.0<\/td>\n<td class=\"col8\" style=\"text-align: right;\">100640 \u20ac<\/td>\n<\/tr>\n<tr class=\"row3\" style=\"text-align: left; background-color: rgb(218, 218, 226); line-height: 15px;\">\n<td class=\"col1\" style=\"text-align: center; width: 65px;font-weight: bold;\">4<\/td>\n<td class=\"col2\"><a href=\"https:\/\/www.equidia.fr\/chevaux\/serines?horse_uuid=7f009725-fc41-44c9-931d-593455e1583c\" target=\"_blank\" rel=\"noopener\">SERINES<\/a><\/td>\n<td class=\"col3\" style=\"text-align: center;\">5<\/td>\n<td class=\"col4\">M.BARZALONA<\/td>\n<td class=\"col5\">56.0 kg<\/td>\n<td class=\"col6\">MME A.KARKOSA<\/td>\n<td class=\"col7\" style=\"text-align: center;\">41.5<\/td>\n<td class=\"col8\" style=\"text-align: right;\">54142 \u20ac<\/td>\n<\/tr>\n<tr class=\"row2\" style=\"text-align: left; background-color: #FFFFFF; line-height: 15px;\">\n<td class=\"col1\" style=\"text-align: center; width: 65px;font-weight: bold;\">5<\/td>\n<td class=\"col2\"><a href=\"https:\/\/www.equidia.fr\/chevaux\/divine-chrisnat?horse_uuid=0a060023-f6b3-4e2f-b96b-3932f1198123\" target=\"_blank\" rel=\"noopener\">DIVINE CHRISNAT<\/a><\/td>\n<td class=\"col3\" style=\"text-align: center;\">2<\/td>\n<td class=\"col4\">L.BOISSEAU<\/td>\n<td class=\"col5\">55.5 kg<\/td>\n<td class=\"col6\">CH.PLISSON (S)<\/td>\n<td class=\"col7\" style=\"text-align: center;\">41.0<\/td>\n<td class=\"col8\" style=\"text-align: right;\">122181 \u20ac<\/td>\n<\/tr>\n<tr class=\"row3\" style=\"text-align: left; background-color: rgb(218, 218, 226); line-height: 15px;\">\n<td class=\"col1\" style=\"text-align: center; width: 65px;font-weight: bold;\">6<\/td>\n<td class=\"col2\"><a href=\"https:\/\/www.equidia.fr\/chevaux\/kiaro?horse_uuid=d31a842e-5e20-4db5-91a3-8ed8e78dacb0\" target=\"_blank\" rel=\"noopener\">KIARO<\/a><\/td>\n<td class=\"col3\" style=\"text-align: center;\">1<\/td>\n<td class=\"col4\">T.PICCONE<\/td>\n<td class=\"col5\">55.5 kg<\/td>\n<td class=\"col6\">HA.PANTALL (S)<\/td>\n<td class=\"col7\" style=\"text-align: center;\">41.0<\/td>\n<td class=\"col8\" style=\"text-align: right;\">72221 \u20ac<\/td>\n<\/tr>\n<tr class=\"row2\" style=\"text-align: left; background-color: #FFFFFF; line-height: 15px;\">\n<td class=\"col1\" style=\"text-align: center; width: 65px;font-weight: bold;\">7<\/td>\n<td class=\"col2\"><a href=\"https:\/\/www.equidia.fr\/chevaux\/harper-1?horse_uuid=7c283867-c075-47c8-8943-e38265e60895\" target=\"_blank\" rel=\"noopener\">HARPER<\/a><\/td>\n<td class=\"col3\" style=\"text-align: center;\">3<\/td>\n<td class=\"col4\">CP.LEMAIRE<\/td>\n<td class=\"col5\">55.5 kg<\/td>\n<td class=\"col6\">G.MOSSE (S)<\/td>\n<td class=\"col7\" style=\"text-align: center;\">41.0<\/td>\n<td class=\"col8\" style=\"text-align: right;\">229750 \u20ac<\/td>\n<\/tr>\n<tr class=\"row3\" style=\"text-align: left; background-color: rgb(218, 218, 226); line-height: 15px;\">\n<td class=\"col1\" style=\"text-align: center; width: 65px;font-weight: bold;\">8<\/td>\n<td class=\"col2\"><a href=\"https:\/\/www.equidia.fr\/chevaux\/everstar?horse_uuid=30d15b8a-9dfb-480e-b0ae-b106fbf81044\" target=\"_blank\" rel=\"noopener\">EVERSTAR<\/a><\/td>\n<td class=\"col3\" style=\"text-align: center;\">17<\/td>\n<td class=\"col4\">T.BACHELOT<\/td>\n<td class=\"col5\">55.0 kg<\/td>\n<td class=\"col6\">L.GADBIN (S)<\/td>\n<td class=\"col7\" style=\"text-align: center;\">40.5<\/td>\n<td class=\"col8\" style=\"text-align: right;\">108415 \u20ac<\/td>\n<\/tr>\n<tr class=\"row2\" style=\"text-align: left; background-color: #FFFFFF; line-height: 15px;\">\n<td class=\"col1\" style=\"text-align: center; width: 65px;font-weight: bold;\">9<\/td>\n<td class=\"col2\"><a href=\"https:\/\/www.equidia.fr\/chevaux\/piquoiseau?horse_uuid=af36f3aa-9ed3-4aab-928b-c9e8afd5cf63\" target=\"_blank\" rel=\"noopener\">PIQUOISEAU<\/a><\/td>\n<td class=\"col3\" style=\"text-align: center;\">18<\/td>\n<td class=\"col4\">S.PASQUIER<\/td>\n<td class=\"col5\">54.0 kg<\/td>\n<td class=\"col6\">C.FERLAND (S)<\/td>\n<td class=\"col7\" style=\"text-align: center;\">41.0<\/td>\n<td class=\"col8\" style=\"text-align: right;\">27404 \u20ac<\/td>\n<\/tr>\n<tr class=\"row3\" style=\"text-align: left; background-color: rgb(218, 218, 226); line-height: 15px;\">\n<td class=\"col1\" style=\"text-align: center; width: 65px;font-weight: bold;\">10<\/td>\n<td class=\"col2\"><a href=\"https:\/\/www.equidia.fr\/chevaux\/lord-of-war-1?horse_uuid=a06bb854-5fd9-4248-960e-cd423cf145ba\" target=\"_blank\" rel=\"noopener\">LORD OF WAR<\/a><\/td>\n<td class=\"col3\" style=\"text-align: center;\">15<\/td>\n<td class=\"col4\">A.LEMAITRE<\/td>\n<td class=\"col5\">54.0 kg<\/td>\n<td class=\"col6\">N.PERRET (S)<\/td>\n<td class=\"col7\" style=\"text-align: center;\">39.5<\/td>\n<td class=\"col8\" style=\"text-align: right;\">82040 \u20ac<\/td>\n<\/tr>\n<tr class=\"row2\" style=\"text-align: left; background-color: #FFFFFF; line-height: 15px;\">\n<td class=\"col1\" style=\"text-align: center; width: 65px;font-weight: bold;\">11<\/td>\n<td class=\"col2\"><a href=\"https:\/\/www.equidia.fr\/chevaux\/no-limit-dream?horse_uuid=f0ae1c70-e02a-40db-bb77-709d7183ee29\" target=\"_blank\" rel=\"noopener\">NO LIMIT DREAM<\/a><\/td>\n<td class=\"col3\" style=\"text-align: center;\">8<\/td>\n<td class=\"col4\">I.MENDIZABAL<\/td>\n<td class=\"col5\">53.5 kg<\/td>\n<td class=\"col6\">G.MOSSE (S)<\/td>\n<td class=\"col7\" style=\"text-align: center;\">39.0<\/td>\n<td class=\"col8\" style=\"text-align: right;\">137520 \u20ac<\/td>\n<\/tr>\n<tr class=\"row3\" style=\"text-align: left; background-color: rgb(218, 218, 226); line-height: 15px;\">\n<td class=\"col1\" style=\"text-align: center; width: 65px;font-weight: bold;\">12<\/td>\n<td class=\"col2\"><a href=\"https:\/\/www.equidia.fr\/chevaux\/rooftop?horse_uuid=d723cfc3-d161-463f-b2da-f617034ea45e\" target=\"_blank\" rel=\"noopener\">ROOFTOP<\/a><\/td>\n<td class=\"col3\" style=\"text-align: center;\">14<\/td>\n<td class=\"col4\">B.MARIE<\/td>\n<td class=\"col5\">53.5 kg<\/td>\n<td class=\"col6\">Y.BONNEFOY (S)<\/td>\n<td class=\"col7\" style=\"text-align: center;\">39.0<\/td>\n<td class=\"col8\" style=\"text-align: right;\">74653 \u20ac<\/td>\n<\/tr>\n<tr class=\"row2\" style=\"text-align: left; background-color: #FFFFFF; line-height: 15px;\">\n<td class=\"col1\" style=\"text-align: center; width: 65px;font-weight: bold;\">13<\/td>\n<td class=\"col2\"><a href=\"https:\/\/www.equidia.fr\/chevaux\/celestial-1?horse_uuid=b87d142d-78f4-45c5-9879-63953a9985d5\" target=\"_blank\" rel=\"noopener\">CELESTIAL<\/a><\/td>\n<td class=\"col3\" style=\"text-align: center;\">4<\/td>\n<td class=\"col4\">A.POUCHIN<\/td>\n<td class=\"col5\">53.5 kg<\/td>\n<td class=\"col6\">S.WATTEL (S)<\/td>\n<td class=\"col7\" style=\"text-align: center;\">39.0<\/td>\n<td class=\"col8\" style=\"text-align: right;\">33581 \u20ac<\/td>\n<\/tr>\n<tr class=\"row3\" style=\"text-align: left; background-color: rgb(218, 218, 226); line-height: 15px;\">\n<td class=\"col1\" style=\"text-align: center; width: 65px;font-weight: bold;\">14<\/td>\n<td class=\"col2\"><a href=\"https:\/\/www.equidia.fr\/chevaux\/alva-1?horse_uuid=61c927e3-ee28-4832-8c59-956186fc85fd\" target=\"_blank\" rel=\"noopener\">ALVA<\/a><\/td>\n<td class=\"col3\" style=\"text-align: center;\">11<\/td>\n<td class=\"col4\">C.DEMURO<\/td>\n<td class=\"col5\">53.0 kg<\/td>\n<td class=\"col6\">F.CHAPPET (S)<\/td>\n<td class=\"col7\" style=\"text-align: center;\">38.5<\/td>\n<td class=\"col8\" style=\"text-align: right;\">118561 \u20ac<\/td>\n<\/tr>\n<tr class=\"row2\" style=\"text-align: left; background-color: #FFFFFF; line-height: 15px;\">\n<td class=\"col1\" style=\"text-align: center; width: 65px;font-weight: bold;\">15<\/td>\n<td class=\"col2\"><a href=\"https:\/\/www.equidia.fr\/chevaux\/gilded-dragon?horse_uuid=fa5eadbf-e662-418e-a2dc-74e9f925adfa\" target=\"_blank\" rel=\"noopener\">GILDED DRAGON<\/a><\/td>\n<td class=\"col3\" style=\"text-align: center;\">13<\/td>\n<td class=\"col4\">H.LEBOUC<\/td>\n<td class=\"col5\">53.0 kg<\/td>\n<td class=\"col6\">E.LIBAUD (S)<\/td>\n<td class=\"col7\" style=\"text-align: center;\">38.5<\/td>\n<td class=\"col8\" style=\"text-align: right;\">73160 \u20ac<\/td>\n<\/tr>\n<tr class=\"row3\" style=\"text-align: left; background-color: rgb(218, 218, 226); line-height: 15px;\">\n<td class=\"col1\" style=\"text-align: center; width: 65px;font-weight: bold;\">16<\/td>\n<td class=\"col2\"><a href=\"https:\/\/www.equidia.fr\/chevaux\/souvenir-decajeul?horse_uuid=9603f869-6a32-4c56-abec-2781d0a4f496\" target=\"_blank\" rel=\"noopener\">SOUVENIR D&rsquo;ECAJEUL<\/a><\/td>\n<td class=\"col3\" style=\"text-align: center;\">12<\/td>\n<td class=\"col4\">A.CRASTUS<\/td>\n<td class=\"col5\">51.5 kg<\/td>\n<td class=\"col6\">G.ARIZKORRETA ELOSEGUI<\/td>\n<td class=\"col7\" style=\"text-align: center;\">37.0<\/td>\n<td class=\"col8\" style=\"text-align: right;\">145421 \u20ac<\/td>\n<\/tr>\n<tr class=\"row2\" style=\"text-align: left; background-color: #FFFFFF; line-height: 15px;\">\n<td class=\"col1\" style=\"text-align: center; width: 65px;font-weight: bold;\">17<\/td>\n<td class=\"col2\"><a href=\"https:\/\/www.equidia.fr\/chevaux\/casares?horse_uuid=59de533d-6efa-465f-8a41-c7842a5ce4c3\" target=\"_blank\" rel=\"noopener\">CASARES<\/a><\/td>\n<td class=\"col3\" style=\"text-align: center;\">16<\/td>\n<td class=\"col4\">E.HARDOUIN<\/td>\n<td class=\"col5\">51.5 kg<\/td>\n<td class=\"col6\">M.DELCHER SANCHEZ<\/td>\n<td class=\"col7\" style=\"text-align: center;\">37.0<\/td>\n<td class=\"col8\" style=\"text-align: right;\">50968 \u20ac<\/td>\n<\/tr>\n<tr class=\"row3\" style=\"text-align: left; background-color: rgb(218, 218, 226); line-height: 15px;\">\n<td class=\"col1\" style=\"text-align: center; width: 65px;font-weight: bold;\">18<\/td>\n<td class=\"col2\"><a href=\"https:\/\/www.equidia.fr\/chevaux\/light-wakeup?horse_uuid=7894eed3-ea27-499d-9b26-9c0e34e85a01\" target=\"_blank\" rel=\"noopener\">LIGHT WAKEUP<\/a><\/td>\n<td class=\"col3\" style=\"text-align: center;\">6<\/td>\n<td class=\"col4\">D.SANTIAGO<\/td>\n<td class=\"col5\">51.0 kg<\/td>\n<td class=\"col6\">H.BOUJARDINE<\/td>\n<td class=\"col7\" style=\"text-align: center;\">35.0<\/td>\n<td class=\"col8\" style=\"text-align: right;\">176401 \u20ac<\/td>\n<\/tr>\n<p><strong>Les forces en pr\u00e9sence<\/strong><\/p>\n<p style=\"text-align: justify;\">Auteur d&rsquo;une rentr\u00e9e discr\u00e8te en mai, <a href=\"https:\/\/www.equidia.fr\/chevaux\/celestial-1?horse_uuid=b87d142d-78f4-45c5-9879-63953a9985d5\" target=\"_blank\" rel=\"noopener\">CELESTIAL (13)<\/a> \u00e9volue toutefois sur la montante et vient de tr\u00e8s bien se comporter dans la course de r\u00e9f\u00e9rence. Certainement amen\u00e9 au mieux pour cette \u00e9preuve, il pourrait bien mettre tout le monde d&rsquo;accord. <a href=\"https:\/\/www.equidia.fr\/chevaux\/serines?horse_uuid=7f009725-fc41-44c9-931d-593455e1583c\" target=\"_blank\" rel=\"noopener\">SERINES (4)<\/a> reste sur une belle victoire et repousse sans cesse ses limites. Elle conduira l&rsquo;opposition en compagnie de <a href=\"https:\/\/www.equidia.fr\/chevaux\/harper-1?horse_uuid=7c283867-c075-47c8-8943-e38265e60895\" target=\"_blank\" rel=\"noopener\">HARPER (7)<\/a>, en progr\u00e8s depuis sa r\u00e9apparition, et de <a href=\"https:\/\/www.equidia.fr\/chevaux\/souvenir-decajeul?horse_uuid=9603f869-6a32-4c56-abec-2781d0a4f496\" target=\"_blank\" rel=\"noopener\">SOUVENIR D&rsquo;ECAJEUL (16)<\/a>, qui conna\u00eet une belle r\u00e9ussite \u00e0 ce niveau de comp\u00e9tition. <a href=\"https:\/\/www.equidia.fr\/chevaux\/bullace?horse_uuid=1b083a3f-ff04-4bd6-8e48-128b73784bd8\" target=\"_blank\" rel=\"noopener\">BULLACE (1)<\/a> avait fait forte impression dans le Grand Handicap de Lamorlaye en juin et ambitionnera une place sur le podium, \u00e0 l&rsquo;instar de <a href=\"https:\/\/www.equidia.fr\/chevaux\/lucky-wine?horse_uuid=22cbc2b2-2838-4432-a1f2-0f0714438345\" target=\"_blank\" rel=\"noopener\">LUCKY WINE (3)<\/a>, qui fait preuve d&rsquo;une belle r\u00e9gularit\u00e9. <a href=\"https:\/\/www.equidia.fr\/chevaux\/babakool?horse_uuid=19546bd3-1333-4a7d-a17e-462da26f0615\" target=\"_blank\" rel=\"noopener\">BABAKOOL (2)<\/a> a des excuses \u00e0 faire valoir lors de son dernier \u00e9chec et m\u00e9rite une nouvelle chance. Enfin, <a href=\"https:\/\/www.equidia.fr\/chevaux\/no-limit-dream?horse_uuid=f0ae1c70-e02a-40db-bb77-709d7183ee29\" target=\"_blank\" rel=\"noopener\">NO LIMIT DREAM (11)<\/a> avait r\u00e9alis\u00e9 une rentr\u00e9e encourageante l&rsquo;avant-derni\u00e8re fois et pourrait bien refaire parler de lui.<\/p>\n<p><strong>Le prono de FREDDY BOERSCH<\/strong><\/p>\n<tr cellpadding=\"0\" cellspacing=\"10\" class=\"row5\" style=\"text-align: left; background-color: #FFFFFF; font-size: 130%;\">\n<td style=\"text-align: center;\">13<\/td>\n<td style=\"text-align: center;\">4<\/td>\n<td style=\"text-align: center;\">7<\/td>\n<td style=\"text-align: center;\">16<\/td>\n<td style=\"text-align: center;\">1<\/td>\n<td style=\"text-align: center;\">3<\/td>\n<td style=\"text-align: center;\">2<\/td>\n<td style=\"text-align: center;\">11<\/td>\n<\/tr>\n<tr class=\"row6\" style=\"text-align: center; background-color: #FFFFFF; column-width: 6rem;\">\n<td class=\"col13\"><img decoding=\"async\" alt=\"casaque_CELESTIAL\" class=\"cas\" src=\"https:\/\/www.europesays.com\/fr\/wp-content\/uploads\/2025\/10\/20251004-r1c4p13-png.png\" style=\" width: 70%;\"\/><\/p>\n<p class=\"col10\" style=\"font-size: x-small; line-height: 11px;;\">CELESTIAL<\/p>\n<\/td>\n<td class=\"col4\"><img decoding=\"async\" alt=\"casaque_SERINES\" class=\"cas\" src=\"https:\/\/www.europesays.com\/fr\/wp-content\/uploads\/2025\/10\/20251004-r1c4p4-png.png\" style=\" width: 70%;\"\/><\/p>\n<p class=\"col10\" style=\"font-size: x-small; line-height: 11px;;\">SERINES<\/p>\n<\/td>\n<td class=\"col7\"><img decoding=\"async\" alt=\"casaque_HARPER\" class=\"cas\" src=\"https:\/\/www.europesays.com\/fr\/wp-content\/uploads\/2025\/10\/20251004-r1c4p7-png.png\" style=\" width: 70%;\"\/><\/p>\n<p class=\"col10\" style=\"font-size: x-small; line-height: 11px;;\">HARPER<\/p>\n<\/td>\n<td class=\"col16\"><img decoding=\"async\" alt=\"casaque_SOUVENIR D'ECAJEUL\" class=\"cas\" src=\"https:\/\/www.europesays.com\/fr\/wp-content\/uploads\/2025\/10\/20251004-r1c4p16-png.png\" style=\" width: 70%;\"\/><\/p>\n<p class=\"col10\" style=\"font-size: x-small; line-height: 11px;;\">SOUVENIR D&rsquo;ECAJEUL<\/p>\n<\/td>\n<td class=\"col1\"><img decoding=\"async\" alt=\"casaque_BULLACE\" class=\"cas\" src=\"https:\/\/www.europesays.com\/fr\/wp-content\/uploads\/2025\/10\/20251004-r1c4p1-png.png\" style=\" width: 70%;\"\/><\/p>\n<p class=\"col10\" style=\"font-size: x-small; line-height: 11px;;\">BULLACE<\/p>\n<\/td>\n<td class=\"col3\"><img decoding=\"async\" alt=\"casaque_LUCKY WINE\" class=\"cas\" src=\"https:\/\/www.europesays.com\/fr\/wp-content\/uploads\/2025\/10\/20251004-r1c4p3-png.png\" style=\" width: 70%;\"\/><\/p>\n<p class=\"col10\" style=\"font-size: x-small; line-height: 11px;;\">LUCKY WINE<\/p>\n<\/td>\n<td class=\"col2\"><img decoding=\"async\" alt=\"casaque_BABAKOOL\" class=\"cas\" src=\"https:\/\/www.europesays.com\/fr\/wp-content\/uploads\/2025\/10\/20251004-r1c4p2-png.png\" style=\" width: 70%;\"\/><\/p>\n<p class=\"col10\" style=\"font-size: x-small; line-height: 11px;;\">BABAKOOL<\/p>\n<\/td>\n<td class=\"col11\"><img decoding=\"async\" alt=\"casaque_NO LIMIT DREAM\" class=\"cas\" src=\"https:\/\/www.europesays.com\/fr\/wp-content\/uploads\/2025\/10\/20251004-r1c4p11-png.png\" style=\" width: 70%;\"\/><\/p>\n<p class=\"col10\" style=\"font-size: x-small; line-height: 11px;;\">NO LIMIT DREAM<\/p>\n<\/td>\n<\/tr>\n<p><a href=\"https:\/\/servedby.revive-adserver.net\/ck.php?n=a3265498&amp;cb=1234\" target=\"_blank\" rel=\"noopener\"><img decoding=\"async\" alt=\"\" border=\"0\" src=\"https:\/\/www.europesays.com\/fr\/wp-content\/uploads\/2025\/10\/avw\"\/><\/a><\/p>\n<p><strong>Les partants en d\u00e9tail (par F. BOERSCH) et l&rsquo;avis des pros (par J. QUONIAM)<\/strong><\/p>\n<p id=\"ch_BULLACE\" style=\"margin-bottom: 1%;\"><a href=\"https:\/\/www.equidia.fr\/chevaux\/bullace?horse_uuid=1b083a3f-ff04-4bd6-8e48-128b73784bd8\" target=\"_blank\" rel=\"noopener\">1 &#8211; \u00a0<img decoding=\"async\" alt=\"casaque_BULLACE\" src=\"https:\/\/www.europesays.com\/fr\/wp-content\/uploads\/2025\/10\/1759531226_739_20251004-r1c4p1-png.png\" style=\"width: 4.5%; margin :0; vertical-align : middle;\"\/>\u00a0\u00a0BULLACE<\/a><\/p>\n<p style=\"text-align: justify;\">Impressionnant dans le Grand Handicap de Lamorlaye, le 15 juin, il a confirm\u00e9 ensuite dans une Listed \u00e0 Vichy. Pour son retour dans cette cat\u00e9gorie, il a d\u00e9croch\u00e9 une honorable sixi\u00e8me place. Il n&rsquo;a bien s\u00fbr plus la moindre marge de man\u0153uvre \u00e0 ce niveau, mais conserve des pr\u00e9tentions pour les places.<\/p>\n<p><strong>Yann Lerner, entraineur : <\/strong><\/p>\n<p style=\"text-align: justify;\">\u00ab Bullace (1) s&rsquo;est tr\u00e8s bien d\u00e9fendu dans le Grand Handicap de Deauville, o\u00f9 il n&rsquo;a craqu\u00e9 qu&rsquo;\u00e0 la fin. Son jockey pense qu&rsquo;il \u00e9tait l\u00e9g\u00e8rement d\u00e9fra\u00eechi apr\u00e8s le voyage \u00e0 Vichy. Nous lui avons laiss\u00e9 le temps de r\u00e9cup\u00e9rer, et il me semble en tr\u00e8s bonne condition physique. Il r\u00e9ussit tr\u00e8s bien \u00e0 Longchamp, et le terrain souple ne le d\u00e9range pas. Il devrait encore bien se d\u00e9fendre. \u00bb<\/p>\n<p id=\"ch_BABAKOOL\" style=\"margin-bottom: 1%;\"><a href=\"https:\/\/www.equidia.fr\/chevaux\/babakool?horse_uuid=19546bd3-1333-4a7d-a17e-462da26f0615\" target=\"_blank\" rel=\"noopener\">2 &#8211; \u00a0<img decoding=\"async\" alt=\"casaque_BABAKOOL\" src=\"https:\/\/www.europesays.com\/fr\/wp-content\/uploads\/2025\/10\/1759531226_238_20251004-r1c4p2-png.png\" style=\"width: 4.5%; margin :0; vertical-align : middle;\"\/>\u00a0\u00a0BABAKOOL<\/a><\/p>\n<p style=\"text-align: justify;\">Sixi\u00e8me du Prix Daniel Wildenstein l&rsquo;an pass\u00e9 \u00e0 pareille \u00e9poque, ce concurrent des fr\u00e8res Wertheimer a depuis quelque peu d\u00e9\u00e7u, notamment au niveau Listed. Pour son retour dans les handicaps, il a \u00e9t\u00e9 largement domin\u00e9, mais n&rsquo;a pas b\u00e9n\u00e9fici\u00e9 du meilleur des parcours. Il aurait aussi pr\u00e9f\u00e9r\u00e9 un terrain plus profond, mais peut tout de m\u00eame se r\u00e9habiliter.<\/p>\n<p><strong>Christophe Ferland, entraineur : <\/strong><\/p>\n<p style=\"text-align: justify;\">\u00ab Babakool (2) est en bonne condition physique et a bien travaill\u00e9. Sa performance \u00e0 Deauville ne s&rsquo;est pas tr\u00e8s bien pass\u00e9e, mais cela fait partie des impond\u00e9rables dans ce genre d&rsquo;\u00e9preuves. Il manque d&rsquo;exp\u00e9rience dans les gros handicaps, mais je le pense comp\u00e9titif. \u00bb<\/p>\n<p id=\"ch_LUCKY WINE\" style=\"margin-bottom: 1%;\"><a href=\"https:\/\/www.equidia.fr\/chevaux\/lucky-wine?horse_uuid=22cbc2b2-2838-4432-a1f2-0f0714438345\" target=\"_blank\" rel=\"noopener\">3 &#8211; \u00a0<img decoding=\"async\" alt=\"casaque_LUCKY WINE\" src=\"https:\/\/www.europesays.com\/fr\/wp-content\/uploads\/2025\/10\/1759531227_88_20251004-r1c4p3-png.png\" style=\"width: 4.5%; margin :0; vertical-align : middle;\"\/>\u00a0\u00a0LUCKY WINE<\/a><\/p>\n<p style=\"text-align: justify;\">Quatri\u00e8me du Super Handicap de R\u00e9ouverture face \u00e0 ses contemporains, ce pensionnaire de Christophe Ferland a ensuite prouv\u00e9 qu&rsquo;il pouvait \u00e9galement s&rsquo;illustrer sur le mile. Tr\u00e8s r\u00e9gulier, il ambitionnera une place dans le Quint\u00e9+.<\/p>\n<p><strong>Christophe Ferland, entraineur : <\/strong><\/p>\n<p style=\"text-align: justify;\">\u00ab Lucky Wine (3) n&rsquo;a pas \u00e9t\u00e9 revu depuis fin juillet, volontairement, car il n&rsquo;appr\u00e9cie pas les pistes rapides et nous voulions le pr\u00e9server. C&rsquo;est une petite rentr\u00e9e, mais il est en bonne condition. Il \u00e9tait aussi engag\u00e9 dans le handicap sur 1 400 m\u00e8tres, mais je le trouvais l\u00e9g\u00e8rement plus relev\u00e9. Sa t\u00e2che sera peut-\u00eatre un peu plus facile cette fois. \u00bb<\/p>\n<p id=\"ch_SERINES\" style=\"margin-bottom: 1%;\"><a href=\"https:\/\/www.equidia.fr\/chevaux\/serines?horse_uuid=7f009725-fc41-44c9-931d-593455e1583c\" target=\"_blank\" rel=\"noopener\">4 &#8211; \u00a0<img decoding=\"async\" alt=\"casaque_SERINES\" src=\"https:\/\/www.europesays.com\/fr\/wp-content\/uploads\/2025\/10\/1759531228_121_20251004-r1c4p4-png.png\" style=\"width: 4.5%; margin :0; vertical-align : middle;\"\/>\u00a0\u00a0SERINES<\/a><\/p>\n<p style=\"text-align: justify;\">Cette pensionnaire d&rsquo;Alicja Karkosa a franchi un cap au printemps et vient de s&rsquo;imposer plaisamment dans un Quint\u00e9+ \u00e0 Chantilly, en dominant bon nombre d&rsquo;adversaires qu&rsquo;elle retrouvera samedi. Elle ne cesse de repousser ses limites et pourrait bien s&rsquo;illustrer une nouvelle fois, malgr\u00e9 les huit livres de surcharge. Confirmation attendue !<\/p>\n<p><strong>Alicja Karkosa, entraineur : <\/strong><\/p>\n<p style=\"text-align: justify;\">\u00ab Serines (4) est rest\u00e9e en tr\u00e8s bonne forme. Elle va \u00e9voluer sur sa distance et sur son terrain pr\u00e9f\u00e9r\u00e9. Son jockey s&rsquo;en sert parfaitement. Elle a \u00e9t\u00e9 p\u00e9nalis\u00e9e, mais elle est d\u00e9sormais prise \u00e0 sa vraie valeur selon moi. Elle est bien plac\u00e9e dans les stalles, et j&rsquo;en attends une confirmation. \u00bb<\/p>\n<p id=\"ch_DIVINE CHRISNAT\" style=\"margin-bottom: 1%;\"><a href=\"https:\/\/www.equidia.fr\/chevaux\/divine-chrisnat?horse_uuid=0a060023-f6b3-4e2f-b96b-3932f1198123\" target=\"_blank\" rel=\"noopener\">5 &#8211; \u00a0<img decoding=\"async\" alt=\"casaque_DIVINE CHRISNAT\" src=\"https:\/\/www.europesays.com\/fr\/wp-content\/uploads\/2025\/10\/20251004-r1c4p5-png.png\" style=\"width: 4.5%; margin :0; vertical-align : middle;\"\/>\u00a0\u00a0DIVINE CHRISNAT<\/a><\/p>\n<p style=\"text-align: justify;\">Cette concurrente s&rsquo;est impos\u00e9e \u00e0 Angers dans un handicap nettement moins relev\u00e9, en b\u00e9n\u00e9ficiant d&rsquo;une d\u00e9charge. Elle n&rsquo;a depuis plus aucune marge de man\u0153uvre \u00e0 la valeur 41 et a \u00e9t\u00e9 nettement domin\u00e9e dans une Classe 2 \u00e0 Saint-Cloud. Pour son retour dans les Quint\u00e9+, elle viendra dans un second choix.<\/p>\n<p><strong>L&rsquo;avis du reporter : <\/strong><\/p>\n<p style=\"text-align: justify;\">\u00ab Prise \u00e0 une valeur tr\u00e8s limite depuis son succ\u00e8s angevin en mai, Divine Chrisnat (5) semble s&rsquo;attaquer \u00e0 tr\u00e8s forte partie dans cette \u00e9preuve. Elle a certes tir\u00e9 un bon num\u00e9ro dans les stalles et le terrain devrait lui convenir, mais il y a d&rsquo;autres priorit\u00e9s. \u00bb<\/p>\n<p id=\"ch_KIARO\" style=\"margin-bottom: 1%;\"><a href=\"https:\/\/www.equidia.fr\/chevaux\/kiaro?horse_uuid=d31a842e-5e20-4db5-91a3-8ed8e78dacb0\" target=\"_blank\" rel=\"noopener\">6 &#8211; \u00a0<img decoding=\"async\" alt=\"casaque_KIARO\" src=\"https:\/\/www.europesays.com\/fr\/wp-content\/uploads\/2025\/10\/20251004-r1c4p6-png.png\" style=\"width: 4.5%; margin :0; vertical-align : middle;\"\/>\u00a0\u00a0KIARO<\/a><\/p>\n<p style=\"text-align: justify;\">Vainqueur d&rsquo;un handicap nettement moins relev\u00e9 au printemps \u00e0 Toulouse, ce prot\u00e9g\u00e9 de Laurent Albouy s&rsquo;est ensuite honorablement comport\u00e9 dans des Quint\u00e9+, tout en montrant qu&rsquo;il n&rsquo;avait plus la moindre marge de man\u0153uvre. Il ne devrait pas \u00eatre g\u00ean\u00e9 par un retour sur 1 600 m\u00e8tres et peut malgr\u00e9 tout se placer. Un regret.<\/p>\n<p><strong>Henri-Alex Pantall, entra\u00eeneur : <\/strong><\/p>\n<p style=\"text-align: justify;\">\u00ab Kiaro (6) est un \u00e9l\u00e9ment bien connu \u00e0 ce niveau. Il a tir\u00e9 un meilleur num\u00e9ro dans les stalles et le retour sur le mile ne devrait pas le d\u00e9ranger. Il est en bonne condition physique. Il d\u00e9tient une chance r\u00e9guli\u00e8re. \u00bb<\/p>\n<p id=\"ch_HARPER\" style=\"margin-bottom: 1%;\"><a href=\"https:\/\/www.equidia.fr\/chevaux\/harper-1?horse_uuid=7c283867-c075-47c8-8943-e38265e60895\" target=\"_blank\" rel=\"noopener\">7 &#8211; \u00a0<img decoding=\"async\" alt=\"casaque_HARPER\" src=\"https:\/\/www.europesays.com\/fr\/wp-content\/uploads\/2025\/10\/1759531230_762_20251004-r1c4p7-png.png\" style=\"width: 4.5%; margin :0; vertical-align : middle;\"\/>\u00a0\u00a0HARPER<\/a><\/p>\n<p style=\"text-align: justify;\">Apr\u00e8s une rentr\u00e9e n\u00e9cessaire \u00e0 Dieppe, ce pensionnaire de G\u00e9rald Moss\u00e9 a brillamment renou\u00e9 avec la victoire \u00e0 Fontainebleau. Il aurait certainement pr\u00e9f\u00e9r\u00e9 un terrain plus profond, mais il \u00e9volue assur\u00e9ment sur la montante et a d\u00e9j\u00e0 affich\u00e9 d&rsquo;autres ambitions par le pass\u00e9. \u00c0 surveiller de tr\u00e8s pr\u00e8s !<\/p>\n<p><strong>G\u00e9rald Moss\u00e9, entraineur : <\/strong><\/p>\n<p style=\"text-align: justify;\">\u00ab Harper (7) est un cheval qui vient de faire une bonne rentr\u00e9e en gagnant \u00e0 Fontainebleau. Il est sur sa distance et la piste devrait \u00eatre souple, ce qui lui conviendra parfaitement. Il est en tr\u00e8s bonne condition et a bien \u00e9volu\u00e9 sur sa derni\u00e8re course. Je suis persuad\u00e9 qu&rsquo;il devrait bien se comporter. \u00bb<\/p>\n<p id=\"ch_EVERSTAR\" style=\"margin-bottom: 1%;\"><a href=\"https:\/\/www.equidia.fr\/chevaux\/everstar?horse_uuid=30d15b8a-9dfb-480e-b0ae-b106fbf81044\" target=\"_blank\" rel=\"noopener\">8 &#8211; \u00a0<img decoding=\"async\" alt=\"casaque_EVERSTAR\" src=\"https:\/\/www.europesays.com\/fr\/wp-content\/uploads\/2025\/10\/20251004-r1c4p8-png.png\" style=\"width: 4.5%; margin :0; vertical-align : middle;\"\/>\u00a0\u00a0EVERSTAR<\/a><\/p>\n<p style=\"text-align: justify;\">Ce concurrent des \u00e9poux Gadbin a remport\u00e9 le Quint\u00e9+ du 21 ao\u00fbt sur la piste en sable fibr\u00e9 de Deauville, aux d\u00e9pens de Chaldero, qui a r\u00e9p\u00e9t\u00e9 ensuite. Il n&rsquo;a toutefois pas pu confirmer lors de sa sortie suivante avec les huit livres de surcharge, se classant seulement huiti\u00e8me. De plus, il a h\u00e9rit\u00e9 de la corde 17, ce qui complique s\u00e9rieusement sa t\u00e2che.<\/p>\n<p><strong>Ludovic Gadbin, entraineur : <\/strong><\/p>\n<p style=\"text-align: justify;\">\u00ab Everstar (8) a \u00e9chou\u00e9 de peu \u00e0 Chantilly. Il nous montrait \u00e0 cette occasion qu&rsquo;il restait comp\u00e9titif \u00e0 ce niveau. Il va falloir voir avec son num\u00e9ro en dehors, mais le cheval est rest\u00e9 tr\u00e8s bien. \u00bb<\/p>\n<p id=\"ch_PIQUOISEAU\" style=\"margin-bottom: 1%;\"><a href=\"https:\/\/www.equidia.fr\/chevaux\/piquoiseau?horse_uuid=af36f3aa-9ed3-4aab-928b-c9e8afd5cf63\" target=\"_blank\" rel=\"noopener\">9 &#8211; \u00a0<img decoding=\"async\" alt=\"casaque_PIQUOISEAU\" src=\"https:\/\/www.europesays.com\/fr\/wp-content\/uploads\/2025\/10\/20251004-r1c4p9-png.png\" style=\"width: 4.5%; margin :0; vertical-align : middle;\"\/>\u00a0\u00a0PIQUOISEAU<\/a><\/p>\n<p style=\"text-align: justify;\">Ce concurrent de Christophe Ferland a \u00e9volu\u00e9 dans des lots d&rsquo;un bon niveau depuis ses d\u00e9buts et fait preuve d&rsquo;une louable r\u00e9gularit\u00e9 : ses quatre sorties de l&rsquo;ann\u00e9e se sont d&rsquo;ailleurs toutes sold\u00e9es par une quatri\u00e8me place. Il est toutefois le seul 3 ans au d\u00e9part et a h\u00e9rit\u00e9 d&rsquo;un num\u00e9ro ex\u00e9crable. Pas simple !<\/p>\n<p><strong>Christophe Ferland, entraineur : <\/strong><\/p>\n<p style=\"text-align: justify;\">\u00ab Piquoiseau (9) affronte ses ain\u00e9s et d\u00e9bute dans les handicaps. Il a de la qualit\u00e9, mais son num\u00e9ro 18 complique tr\u00e8s s\u00e9rieusement sa t\u00e2che. Il va falloir un grand St\u00e9phane Pasquier ! \u00bb<\/p>\n<p id=\"ch_LORD OF WAR\" style=\"margin-bottom: 1%;\"><a href=\"https:\/\/www.equidia.fr\/chevaux\/lord-of-war-1?horse_uuid=a06bb854-5fd9-4248-960e-cd423cf145ba\" target=\"_blank\" rel=\"noopener\">10 &#8211; \u00a0<img decoding=\"async\" alt=\"casaque_LORD OF WAR\" src=\"https:\/\/www.europesays.com\/fr\/wp-content\/uploads\/2025\/10\/20251004-r1c4p10-png.png\" style=\"width: 4.5%; margin :0; vertical-align : middle;\"\/>\u00a0\u00a0LORD OF WAR<\/a><\/p>\n<p style=\"text-align: justify;\">Alors qu&rsquo;il b\u00e9n\u00e9ficiait d&rsquo;un bon num\u00e9ro de corde, ce concurrent de Jonathan Temam n&rsquo;a pu faire mieux que douzi\u00e8me dans le Quint\u00e9+ de r\u00e9f\u00e9rence, remport\u00e9 par SERINES (4). Cette fois, il devra s&rsquo;\u00e9lancer en dehors. Ses derni\u00e8res performances ne suscitent pas l&rsquo;optimisme et il devra avant tout rassurer son entourage.<\/p>\n<p><strong>L&rsquo;avis du reporter : <\/strong><\/p>\n<p style=\"text-align: justify;\">\u00ab Lord of War (10) avait remport\u00e9 une \u00e9preuve similaire sur ce parcours l&rsquo;an pass\u00e9, avant de connaitre des fortunes diverses. Sa valeur a \u00e9t\u00e9 l\u00e9g\u00e8rement revue \u00e0 la baisse, mais cela risque de ne pas \u00eatre suffisant, d&rsquo;autant qu&rsquo;il a tir\u00e9 un num\u00e9ro compliqu\u00e9 \u00e0 g\u00e9rer dans les stalles. \u00bb<\/p>\n<p id=\"ch_NO LIMIT DREAM\" style=\"margin-bottom: 1%;\"><a href=\"https:\/\/www.equidia.fr\/chevaux\/no-limit-dream?horse_uuid=f0ae1c70-e02a-40db-bb77-709d7183ee29\" target=\"_blank\" rel=\"noopener\">11 &#8211; \u00a0<img decoding=\"async\" alt=\"casaque_NO LIMIT DREAM\" src=\"https:\/\/www.europesays.com\/fr\/wp-content\/uploads\/2025\/10\/1759531232_813_20251004-r1c4p11-png.png\" style=\"width: 4.5%; margin :0; vertical-align : middle;\"\/>\u00a0\u00a0NO LIMIT DREAM<\/a><\/p>\n<p style=\"text-align: justify;\">Vainqueur d&rsquo;un Quint\u00e9+ en avril, ce pensionnaire de G\u00e9rald Moss\u00e9 a b\u00e9n\u00e9fici\u00e9 d&rsquo;un break entre mai et septembre. Le jour de sa rentr\u00e9e, dans un gros handicap, il n&rsquo;a jamais trouv\u00e9 l&rsquo;ouverture c\u00f4t\u00e9 corde et a conclu avec des ressources. Il n&rsquo;a toutefois pas pu confirmer sur 1 900 m\u00e8tres. Il devrait appr\u00e9cier le retour sur le mile et fait partie des plac\u00e9s potentiels.<\/p>\n<p><strong>G\u00e9rald Moss\u00e9, entraineur : <\/strong><\/p>\n<p style=\"text-align: justify;\">\u00ab No Limit Dream (11) \u00e9tait rallong\u00e9 derni\u00e8rement et n&rsquo;a pu acc\u00e9l\u00e9rer comme il en a l&rsquo;habitude, dans une \u00e9preuve s\u00e9lective. On revient sur le gazon, je suis persuad\u00e9 qu&rsquo;il va \u00eatre beaucoup plus performant sur cette distance l\u00e0. Je n&rsquo;aimerais toutefois pas que la piste soit trop profonde. \u00bb<\/p>\n<p id=\"ch_ROOFTOP\" style=\"margin-bottom: 1%;\"><a href=\"https:\/\/www.equidia.fr\/chevaux\/rooftop?horse_uuid=d723cfc3-d161-463f-b2da-f617034ea45e\" target=\"_blank\" rel=\"noopener\">12 &#8211; \u00a0<img decoding=\"async\" alt=\"casaque_ROOFTOP\" src=\"https:\/\/www.europesays.com\/fr\/wp-content\/uploads\/2025\/10\/20251004-r1c4p12-png.png\" style=\"width: 4.5%; margin :0; vertical-align : middle;\"\/>\u00a0\u00a0ROOFTOP<\/a><\/p>\n<p style=\"text-align: justify;\">Vainqueur avec autorit\u00e9 dans le Quint\u00e9+ du 24 juillet \u00e0 Compi\u00e8gne, ce repr\u00e9sentant de l&rsquo;\u00e9curie Stars of Fortune a toutefois \u00e9t\u00e9 p\u00e9nalis\u00e9 de trois kilos et n&rsquo;a pu faire mieux que septi\u00e8me dans la course de r\u00e9f\u00e9rence, remport\u00e9e par SERINES (4). Il n&rsquo;a encore jamais perform\u00e9 \u00e0 une valeur aussi \u00e9lev\u00e9e et est nettement plus performant en terrain lourd.<\/p>\n<p><strong>Benjamin Marie, jockey : <\/strong><\/p>\n<p style=\"text-align: justify;\">\u00ab Rooftop (12) est bien. Il est pr\u00eat \u00e0 faire une bonne valeur. Le seul point n\u00e9gatif est le num\u00e9ro de corde, mais avec un d\u00e9roulement de course favorable, il a le droit de faire l&rsquo;arriv\u00e9e, surtout sur une piste bien souple. \u00bb<\/p>\n<p id=\"ch_CELESTIAL\" style=\"margin-bottom: 1%;\"><a href=\"https:\/\/www.equidia.fr\/chevaux\/celestial-1?horse_uuid=b87d142d-78f4-45c5-9879-63953a9985d5\" target=\"_blank\" rel=\"noopener\">13 &#8211; \u00a0<img decoding=\"async\" alt=\"casaque_CELESTIAL\" src=\"https:\/\/www.europesays.com\/fr\/wp-content\/uploads\/2025\/10\/1759531233_812_20251004-r1c4p13-png.png\" style=\"width: 4.5%; margin :0; vertical-align : middle;\"\/>\u00a0\u00a0CELESTIAL<\/a><\/p>\n<p style=\"text-align: justify;\">Plaisant vainqueur de ses deux premi\u00e8res courses, \u00e0 2 et 3 ans, ce repr\u00e9sentant de l&rsquo;\u00e9curie Amis du Monde Entier \u00e9volue assur\u00e9ment sur la montante et a \u00e9t\u00e9 soigneusement pr\u00e9par\u00e9 pour cette \u00e9preuve. Cheval de classe, il a, de plus, h\u00e9rit\u00e9 d&rsquo;un bon num\u00e9ro de corde et pourrait bien mettre tout le monde d&rsquo;accord.<\/p>\n<p><strong>St\u00e9phane Wattel, entraineur : <\/strong><\/p>\n<p style=\"text-align: justify;\">\u00ab Celestial (13) nous a montr\u00e9 la derni\u00e8re fois qu&rsquo;il avait retrouv\u00e9 une bonne partie de ses moyens. Il est rest\u00e9 tr\u00e8s bien et a tir\u00e9 un bon num\u00e9ro de corde. J&rsquo;esp\u00e8re en revanche que la piste ne sera pas trop profonde, car cela pourrait le contrarier. \u00bb<\/p>\n<p id=\"ch_ALVA\" style=\"margin-bottom: 1%;\"><a href=\"https:\/\/www.equidia.fr\/chevaux\/alva-1?horse_uuid=61c927e3-ee28-4832-8c59-956186fc85fd\" target=\"_blank\" rel=\"noopener\">14 &#8211; \u00a0<img decoding=\"async\" alt=\"casaque_ALVA\" src=\"https:\/\/www.europesays.com\/fr\/wp-content\/uploads\/2025\/10\/20251004-r1c4p14-png.png\" style=\"width: 4.5%; margin :0; vertical-align : middle;\"\/>\u00a0\u00a0ALVA<\/a><\/p>\n<p style=\"text-align: justify;\">Cette concurrente d&rsquo;Antoine Gilibert vient de se classer deuxi\u00e8me d&rsquo;un Quint\u00e9+ en ligne droite face aux seules femelles. M\u00eame si elle a prouv\u00e9 sa comp\u00e9titivit\u00e9 dans les handicaps, elle monte tout de m\u00eame de cat\u00e9gorie et devra affronter les m\u00e2les. Deuxi\u00e8me pour son seul essai sur le parcours, elle luttera pour les places, comme d&rsquo;autres.<\/p>\n<p><strong>L&rsquo;avis du reporter : <\/strong><\/p>\n<p style=\"text-align: justify;\">\u00ab Alva (14) n&rsquo;a pas \u00e9t\u00e9 revue depuis sa bonne deuxi\u00e8me place dans un Quint\u00e9+ pour femelles \u00e0 Deauville. Sa pointe de vitesse est tr\u00e8s ac\u00e9r\u00e9e et elle a d\u00e9j\u00e0 fait ses preuves sur le mile, mais elle est meilleure en bon terrain et le lot est plus relev\u00e9 cette fois. Affaire d&rsquo;impression. \u00bb<\/p>\n<p id=\"ch_GILDED DRAGON\" style=\"margin-bottom: 1%;\"><a href=\"https:\/\/www.equidia.fr\/chevaux\/gilded-dragon?horse_uuid=fa5eadbf-e662-418e-a2dc-74e9f925adfa\" target=\"_blank\" rel=\"noopener\">15 &#8211; \u00a0<img decoding=\"async\" alt=\"casaque_GILDED DRAGON\" src=\"https:\/\/www.europesays.com\/fr\/wp-content\/uploads\/2025\/10\/20251004-r1c4p15-png.png\" style=\"width: 4.5%; margin :0; vertical-align : middle;\"\/>\u00a0\u00a0GILDED DRAGON<\/a><\/p>\n<p style=\"text-align: justify;\">Vainqueur d&rsquo;un Quint\u00e9+ en terrain tr\u00e8s lourd l&rsquo;an pass\u00e9 \u00e0 Saint-Cloud, ce fils de Siyouni n&rsquo;a toutefois jamais pu r\u00e9p\u00e9ter cette performance. Une fois de plus, il n&rsquo;aura pas son terrain de pr\u00e9dilection. M\u00eame si son entourage tente un coup en lui mettant les \u0153ill\u00e8res australiennes, nous pr\u00e9f\u00e9rons nous tourner vers d&rsquo;autres.<\/p>\n<p><strong>Eric Libaud, entraineur : <\/strong><\/p>\n<p style=\"text-align: justify;\">\u00ab Il faut oublier la derni\u00e8re sortie de Gilded Dragon (15), cela s&rsquo;est mal pass\u00e9. Il n&rsquo;a pas une marge \u00e9norme au poids, mais il adore le terrain souple. Il avait gagn\u00e9 un Quint\u00e9+ l&rsquo;an pass\u00e9 sur une piste tr\u00e8s profonde. Il n&rsquo;a pas de gros changement de vitesse, cela l&rsquo;avantage donc beaucoup. Il ne doit pas \u00eatre mont\u00e9 trop pr\u00e8s de la t\u00eate, donc son num\u00e9ro ne m&#8217;emb\u00eate pas. Si tout se passe bien, il n&rsquo;est pas hors d&rsquo;affaire pour une place. \u00bb<\/p>\n<p id=\"ch_SOUVENIR D'ECAJEUL\" style=\"margin-bottom: 1%;\"><a href=\"https:\/\/www.equidia.fr\/chevaux\/souvenir-decajeul?horse_uuid=9603f869-6a32-4c56-abec-2781d0a4f496\" target=\"_blank\" rel=\"noopener\">16 &#8211; \u00a0<img decoding=\"async\" alt=\"casaque_SOUVENIR D'ECAJEUL\" src=\"https:\/\/www.europesays.com\/fr\/wp-content\/uploads\/2025\/10\/1759531235_900_20251004-r1c4p16-png.png\" style=\"width: 4.5%; margin :0; vertical-align : middle;\"\/>\u00a0\u00a0SOUVENIR D&rsquo;ECAJEUL<\/a><\/p>\n<p style=\"text-align: justify;\">En six participations dans des Quint\u00e9+, ce repr\u00e9sentant de l&rsquo;\u00e9curie Horse &amp; Berries a termin\u00e9 \u00e0 cinq reprises parmi les cinq premiers. Il reste d&rsquo;ailleurs sur une bonne deuxi\u00e8me place dans la course de r\u00e9f\u00e9rence, remport\u00e9e par SERINES (4). M\u00eame s&rsquo;il a h\u00e9rit\u00e9 cette fois d&rsquo;un num\u00e9ro en dehors, il devrait encore batailler pour les accessits.<\/p>\n<p><strong>Guillermo Arrizkorreta Elosegui, entraineur : <\/strong><\/p>\n<p style=\"text-align: justify;\">\u00ab Souvenir d&rsquo;Ecajeul (16) a r\u00e9alis\u00e9 une belle ann\u00e9e dans les Quint\u00e9+, sans parvenir \u00e0 en gagner un. Il connait l&rsquo;hippodrome et a montr\u00e9 qu&rsquo;il \u00e9tait comp\u00e9titif \u00e0 cette valeur. Il y a de bons chevaux au d\u00e9part, mais il devrait encore donner son maximum. J&rsquo;en attends un bon comportement. \u00bb<\/p>\n<p id=\"ch_CASARES\" style=\"margin-bottom: 1%;\"><a href=\"https:\/\/www.equidia.fr\/chevaux\/casares?horse_uuid=59de533d-6efa-465f-8a41-c7842a5ce4c3\" target=\"_blank\" rel=\"noopener\">17 &#8211; \u00a0<img decoding=\"async\" alt=\"casaque_CASARES\" src=\"https:\/\/www.europesays.com\/fr\/wp-content\/uploads\/2025\/10\/20251004-r1c4p17-png.png\" style=\"width: 4.5%; margin :0; vertical-align : middle;\"\/>\u00a0\u00a0CASARES<\/a><\/p>\n<p style=\"text-align: justify;\">Apr\u00e8s une courageuse troisi\u00e8me place dans un Quint\u00e9+ \u00e0 Clairefontaine, ce repr\u00e9sentant de l&rsquo;\u00e9curie Mediterraneo s&rsquo;est ensuite impos\u00e9 facilement dans une deuxi\u00e8me \u00e9preuve \u00e0 Chantilly. Il va toutefois devoir composer avec trois kilos de surcharge et monte nettement de cat\u00e9gorie. Malchanceux au tirage au sort, il s&rsquo;\u00e9lancera en dehors et aura des ambitions limit\u00e9es.<\/p>\n<p><strong>L&rsquo;avis du reporter : <\/strong><\/p>\n<p style=\"text-align: justify;\">\u00ab Casares (17) vient de s&rsquo;imposer dans un excellent style \u00e0 Chantilly, malgr\u00e9 un parcours en \u00e9paisseur. Il a \u00e9t\u00e9 p\u00e9nalis\u00e9 de trois kilos mais semble d\u00e9tenir un peu de marge. En revanche, le lot est plus relev\u00e9 et il n&rsquo;a pas \u00e9t\u00e9 g\u00e2t\u00e9 par le tirage au sort. Sa t\u00e2che s&rsquo;annonce compliqu\u00e9e. \u00bb<\/p>\n<p id=\"ch_LIGHT WAKEUP\" style=\"margin-bottom: 1%;\"><a href=\"https:\/\/www.equidia.fr\/chevaux\/light-wakeup?horse_uuid=7894eed3-ea27-499d-9b26-9c0e34e85a01\" target=\"_blank\" rel=\"noopener\">18 &#8211; \u00a0<img decoding=\"async\" alt=\"casaque_LIGHT WAKEUP\" src=\"https:\/\/www.europesays.com\/fr\/wp-content\/uploads\/2025\/10\/20251004-r1c4p18-png.png\" style=\"width: 4.5%; margin :0; vertical-align : middle;\"\/>\u00a0\u00a0LIGHT WAKEUP<\/a><\/p>\n<p style=\"text-align: justify;\">Ce prot\u00e9g\u00e9 d&rsquo;Helmi Boujardine traverse une belle p\u00e9riode de forme, comme le montre sa r\u00e9cente victoire au Lion d&rsquo;Angers. Il va devoir composer avec cinq livres de surcharge et n&rsquo;a encore jamais r\u00e9ussi \u00e0 s&rsquo;illustrer sur la grande piste de ParisLongchamp. Pas mieux que dixi\u00e8me lors de ses six derniers Quint\u00e9+, nous en pr\u00e9f\u00e9rons d&rsquo;autres.<\/p>\n<p><strong>Helmi Boujardine, entraineur : <\/strong><\/p>\n<p style=\"text-align: justify;\">\u00ab Light Wakeup (18) m&rsquo;a beaucoup plu lors de son succ\u00e8s au Lion d&rsquo;Angers. C&rsquo;\u00e9tait sur 1.400 m\u00e8tres, mais il finissait comme un vrai miler. Cette victoire lui a donn\u00e9 beaucoup de moral, je le trouve tr\u00e8s fort actuellement. Je ne pensais pas rentrer en bas de tableau, mais je suis tr\u00e8s content de le voir courir. L&rsquo;opposition est tr\u00e8s forte, mais je le crois capable de cr\u00e9er la surprise. \u00bb<\/p>\n<p><strong>Les favoris de la presse<\/strong><\/p>\n<p class=\"synthese\"><strong>SYNTH\u00c8SE \u00a0\u00a0\u00a0\u00a016\u00a0\u00a0&#8211;\u00a0\u00a014\u00a0\u00a0&#8211;\u00a0\u00a03\u00a0\u00a0&#8211;\u00a0\u00a013\u00a0\u00a0&#8211;\u00a0\u00a07\u00a0\u00a0&#8211;\u00a0\u00a01\u00a0\u00a0&#8211;\u00a0\u00a04\u00a0\u00a0&#8211;\u00a0\u00a09<\/strong><\/p>\n<p><a href=\"https:\/\/servedby.revive-adserver.net\/ck.php?n=aa10a822&amp;cb=1234\" target=\"_blank\" rel=\"noopener\"><img decoding=\"async\" alt=\"\" border=\"0\" src=\"https:\/\/www.europesays.com\/fr\/wp-content\/uploads\/2025\/10\/1759531238_387_avw\"\/><\/a><\/p>\n<p><strong>Les stats du jour<\/strong><\/p>\n<p><img decoding=\"async\" src=\"https:\/\/www.europesays.com\/fr\/wp-content\/uploads\/2025\/10\/1004_stats-web_2025-jpg\"\/><\/p>\n<p><strong>Nos \u00e9missions de pronos<\/strong><a href=\"https:\/\/www.equidia.fr\/emissions\/3-mn-q-2023\" target=\"_blank\" rel=\"noopener\"><img decoding=\"async\" alt=\"3min-pronos\" class=\"img_prono\" src=\"https:\/\/www.europesays.com\/fr\/wp-content\/uploads\/2025\/04\/vignette-article-3min-pronos-jpg-1.jpeg\"\/><\/a>3 mn PRONOS du 04\/10<br \/>(Disponible vendredi 03 octobre 2025, \u00e0 partir de 20h25)<a href=\"https:\/\/www.equidia.fr\/emissions\/ticket-gagnant-2023\" target=\"_blank\" rel=\"noopener\"><img decoding=\"async\" alt=\"ticket-gagnant\" class=\"img_prono\" src=\"https:\/\/www.europesays.com\/fr\/wp-content\/uploads\/2025\/04\/vignette-article-ticket-gagnant-jpg-1.jpeg\"\/><\/a>TICKET GAGNANT du 04\/10<br \/>(Disponible vendredi 03 octobre 2025, \u00e0 partir de 20h30)<\/p>\n<tr class=\"row2\" style=\"padding: 5px; background-color: #020338; color: #FFFFFF; line-height: 15px;\">\n<td class=\"col1\" style=\"width: 400px;\"><img decoding=\"async\" alt=\"le-parisien_blanc\" src=\"https:\/\/www.europesays.com\/fr\/wp-content\/uploads\/2025\/10\/le-parisien_blanc-png-1\" style=\"width: 150px; text-align: center; padding :0 ; margin:0;\"\/><\/td>\n<td class=\"col2\" style=\"width: 150px;\">13<\/td>\n<td class=\"col3\" style=\"width: 150px;\">16<\/td>\n<td class=\"col4\" style=\"width: 150px;\">14<\/td>\n<td class=\"col5\" style=\"width: 150px;\">1<\/td>\n<td class=\"col6\" style=\"width: 150px;\">9<\/td>\n<td class=\"col7\" style=\"width: 150px;\">3<\/td>\n<td class=\"col8\" style=\"width: 150px;\">4<\/td>\n<\/tr>\n<tr class=\"row3\" style=\"padding: 5px; background-color: #FFFFFF; line-height: 15px;\">\n<td class=\"col1\" style=\"width: 400px;\"><img decoding=\"async\" alt=\"zone-turf-fr_bleu\" src=\"https:\/\/www.europesays.com\/fr\/wp-content\/uploads\/2025\/10\/zone-turf-fr_bleu-png-1\" style=\"width: 113px; text-align: center; padding :0 ; margin:0;\"\/><\/td>\n<td class=\"col2\" style=\"width: 150px;\">1<\/td>\n<td class=\"col3\" style=\"width: 150px;\">16<\/td>\n<td class=\"col4\" style=\"width: 150px;\">3<\/td>\n<td class=\"col5\" style=\"width: 150px;\">7<\/td>\n<td class=\"col6\" style=\"width: 150px;\">13<\/td>\n<td class=\"col7\" style=\"width: 150px;\">14<\/td>\n<td class=\"col8\" style=\"width: 150px;\">6<\/td>\n<\/tr>\n<tr class=\"row4\" style=\"padding: 5px; background-color: #020338; color: #FFFFFF; line-height: 15px;\">\n<td class=\"col1\" style=\"width: 400px;\"><img decoding=\"async\" alt=\"l-alsace_blanc\" src=\"https:\/\/www.europesays.com\/fr\/wp-content\/uploads\/2025\/04\/l-alsace_blanc-png-1\" style=\"width: 205px; text-align: center; padding :0 ; margin:0;\"\/><\/td>\n<td class=\"col2\" style=\"width: 150px;\">7<\/td>\n<td class=\"col3\" style=\"width: 150px;\">16<\/td>\n<td class=\"col4\" style=\"width: 150px;\">4<\/td>\n<td class=\"col5\" style=\"width: 150px;\">17<\/td>\n<td class=\"col6\" style=\"width: 150px;\">14<\/td>\n<td class=\"col7\" style=\"width: 150px;\">18<\/td>\n<td class=\"col8\" style=\"width: 150px;\">8<\/td>\n<\/tr>\n<tr class=\"row7\" style=\"padding: 5px; background-color: #FFFFFF; line-height: 15px;\">\n<td class=\"col1\" style=\"width: 400px;\"><img decoding=\"async\" alt=\"turfomania_bleu\" src=\"https:\/\/www.europesays.com\/fr\/wp-content\/uploads\/2025\/10\/turfomania_bleu-png-1\" style=\"width: 125px; text-align: center; padding :0 ; margin:0;\"\/><\/td>\n<td class=\"col2\" style=\"width: 150px;\">16<\/td>\n<td class=\"col3\" style=\"width: 150px;\">9<\/td>\n<td class=\"col4\" style=\"width: 150px;\">14<\/td>\n<td class=\"col5\" style=\"width: 150px;\">3<\/td>\n<td class=\"col6\" style=\"width: 150px;\">4<\/td>\n<td class=\"col7\" style=\"width: 150px;\">8<\/td>\n<td class=\"col8\" style=\"width: 150px;\">13<\/td>\n<\/tr>\n","protected":false},"excerpt":{"rendered":"Les partants du Quint\u00e9+ de ce samedi 4 octobreQATAR PRIX DE LA PLACE DE LA CONCORDESAMEDI 04 OCTOBREParisLongchamp&hellip;\n","protected":false},"author":2,"featured_media":437238,"comment_status":"","ping_status":"","sticky":false,"template":"","format":"standard","meta":{"footnotes":""},"categories":[1888],"tags":[11,1777,674,1011,27,3014,12,626,3016,1821,3015,25],"class_list":{"0":"post-437237","1":"post","2":"type-post","3":"status-publish","4":"format-standard","5":"has-post-thumbnail","7":"category-paris","8":"tag-actualites","9":"tag-eu","10":"tag-europe","11":"tag-fr","12":"tag-france","13":"tag-galop","14":"tag-news","15":"tag-paris","16":"tag-plat","17":"tag-pronostics","18":"tag-qrcode","19":"tag-republique-francaise"},"share_on_mastodon":{"url":"https:\/\/pubeurope.com\/@fr\/115312646356928585","error":""},"_links":{"self":[{"href":"https:\/\/www.europesays.com\/fr\/wp-json\/wp\/v2\/posts\/437237","targetHints":{"allow":["GET"]}}],"collection":[{"href":"https:\/\/www.europesays.com\/fr\/wp-json\/wp\/v2\/posts"}],"about":[{"href":"https:\/\/www.europesays.com\/fr\/wp-json\/wp\/v2\/types\/post"}],"author":[{"embeddable":true,"href":"https:\/\/www.europesays.com\/fr\/wp-json\/wp\/v2\/users\/2"}],"replies":[{"embeddable":true,"href":"https:\/\/www.europesays.com\/fr\/wp-json\/wp\/v2\/comments?post=437237"}],"version-history":[{"count":0,"href":"https:\/\/www.europesays.com\/fr\/wp-json\/wp\/v2\/posts\/437237\/revisions"}],"wp:featuredmedia":[{"embeddable":true,"href":"https:\/\/www.europesays.com\/fr\/wp-json\/wp\/v2\/media\/437238"}],"wp:attachment":[{"href":"https:\/\/www.europesays.com\/fr\/wp-json\/wp\/v2\/media?parent=437237"}],"wp:term":[{"taxonomy":"category","embeddable":true,"href":"https:\/\/www.europesays.com\/fr\/wp-json\/wp\/v2\/categories?post=437237"},{"taxonomy":"post_tag","embeddable":true,"href":"https:\/\/www.europesays.com\/fr\/wp-json\/wp\/v2\/tags?post=437237"}],"curies":[{"name":"wp","href":"https:\/\/api.w.org\/{rel}","templated":true}]}}