{"id":437241,"date":"2025-10-03T22:42:13","date_gmt":"2025-10-03T22:42:13","guid":{"rendered":"https:\/\/www.europesays.com\/fr\/437241\/"},"modified":"2025-10-03T22:42:13","modified_gmt":"2025-10-03T22:42:13","slug":"quel-est-vraiment-linteret-de-la-russie-a-envoyer-des-drones-en-europe","status":"publish","type":"post","link":"https:\/\/www.europesays.com\/fr\/437241\/","title":{"rendered":"quel est vraiment l&rsquo;int\u00e9r\u00eat de la Russie \u00e0 envoyer des drones en Europe\u00a0?"},"content":{"rendered":"<p>            Par<br \/>\n        <strong><br \/>\n            <a href=\"https:\/\/actu.fr\/auteur\/emma-derome\" title=\"Consulter tous les articles de Emma Derome\" rel=\"nofollow noopener\" target=\"_blank\">Emma Derome<\/a><br \/>\n        <\/strong><\/p>\n<p>        Publi\u00e9 le<\/p>\n<p>            3 oct. 2025 \u00e0 19h44        <\/p>\n<p>La <strong>Russie<\/strong> cherche \u00ab\u2009l\u2019escalade\u2009\u00bb\u2009: c\u2019est ce qu\u2019assure le pr\u00e9sident ukrainien Volodymyr Zelensky <strong>apr\u00e8s les <a href=\"https:\/\/actu.fr\/monde\/des-drones-d-origine-inconnue-survolent-l-aeroport-de-munich-le-trafic-aerien-suspendu-toute-la-nuit_63248988.html\" rel=\"nofollow noopener\" target=\"_blank\">multiples survols de drones<\/a><\/strong> rep\u00e9r\u00e9s au-dessus de<strong> plusieurs a\u00e9roports europ\u00e9ens,<\/strong> dont ceux de <strong><a href=\"https:\/\/actu.fr\/monde\/danemark-des-drones-non-identifies-de-nouveau-reperes-au-dessus-de-plusieurs-aeroports-du-pays_63210572.html\" rel=\"nofollow noopener\" target=\"_blank\">Copenhague<\/a>, d\u2019Oslo<\/strong> ou encore de <strong>Munich<\/strong> jeudi 2\u00a0octobre. Ces engins n\u2019ont pas pu \u00eatre intercept\u00e9s, et on ignore donc leur provenance. Mais <strong>les pays de l\u2019Union europ\u00e9enne soup\u00e7onnent bien la Russie d\u2019\u00eatre derri\u00e8re tout \u00e7a.<\/strong><\/p>\n<p class=\" wall-content\">Mais pour quoi faire\u2009? Nous avons demand\u00e9 \u00e0 deux experts de la strat\u00e9gie militaire, \u00e0 savoir l\u2019ancien g\u00e9n\u00e9ral de l\u2019arm\u00e9e de terre Vincent Desportes, ex-conseiller au secr\u00e9tariat g\u00e9n\u00e9ral de la D\u00e9fense nationale et professeur en strat\u00e9gie militaire \u00e0 Sciences Po et \u00e0 HEC, et \u00e0 Yves Boyer, ex-directeur adjoint de la Fondation pour la recherche strat\u00e9gique et professeur \u00e0 l\u2019Ecole polytechnique, \u00e0 Saint-Cyr ou \u00e0 l\u2019ENA.<\/p>\n<p>\u00c7a sert \u00e0 quoi, d\u2019envoyer des drones au-dessus du sol europ\u00e9en\u2009?<\/p>\n<p class=\" wall-content\">Selon l\u2019ancien g\u00e9n\u00e9ral, \u00ab\u2009on peut poser la question de pourquoi, mais on peut aussi se poser la question de qui. Ou plut\u00f4t, de <strong>qui d\u2019autre que Poutine et ses proxys<\/strong> (des tiers alli\u00e9s ou sous ordre, NDLR) a <strong>un int\u00e9r\u00eat \u00e0 s\u2019amuser avec des drones<\/strong> au-dessus de zones sensibles en Europe\u2009?\u2009\u00bb<\/p>\n<p class=\" wall-content\">Les deux experts s\u2019accordent sur le fait qu<strong>\u2019il ne s\u2019agit probablement pas de missions de reconnaissance<\/strong>, ou de collecte d\u2019informations sur les zones survol\u00e9es. Ces myst\u00e9rieux drones se sont pourtant aventur\u00e9s au-dessus de <strong>nombreuses zones danoises<\/strong> (plusieurs a\u00e9roports civils, notamment celui de la capitale Copenhague et deux bases militaires a\u00e9riennes importantes) <strong>quelques jours avant un important sommet europ\u00e9en<\/strong>, qui avait justement pour but de <strong>renforcer la d\u00e9fense de l\u2019UE<\/strong> contre la menace russe.<\/p>\n<blockquote class=\"ac-article-quote wall-content\">\n<p>Toutes ces informations, Vladimir Poutine les a d\u00e9j\u00e0 par son r\u00e9seau de satellites. Il sait bien comment fonctionnent les a\u00e9roports. Il conna\u00eet parfaitement nos bases militaires.<\/p>\n<p>    <strong>Vincent Desportes, <\/strong><br \/>\n        Ex-g\u00e9n\u00e9ral de l&rsquo;arm\u00e9e de terre    <\/p><\/blockquote>\n<p class=\" wall-content\">\u00ab\u2009Les Russes n\u2019ont <strong>pas besoin<\/strong> d\u2019envoyer des drones, surtout au-dessus d\u2019un a\u00e9roport civil, \u00e7a n\u2019a <strong>pas tellement de sens<\/strong>\u2009\u00bb, militairement parlant, ajoute Yves Boyer.<\/p>\n<p>Est-ce une provocation, ou une d\u00e9stabilisation, de la part de Vladimir Poutine\u2009?<\/p>\n<p class=\" wall-content\">Non, pour l\u2019ex-militaire, il s\u2019agit d\u2019<strong>une man\u0153uvre d\u2019intimidation et\/ou de d\u00e9stabilisation<\/strong> des Europ\u00e9ens. \u00ab\u2009\u00c7a pourrait \u00eatre de l\u2019intimidation parce que la Russie nous dit\u2009: \u2018Ne pensez pas que vous \u00eates invuln\u00e9rables. On peut envoyer des engins au-dessus des zones tout \u00e0 fait importantes pour vous, et vous \u00eates incapables de les d\u00e9truire.\u2019\u00a0Ce qui peut signifier, en particulier\u2009: \u2018Si vous continuez \u00e0 soutenir Kiev, on est capables de vous faire mal\u2019. Et effectivement, il y a <strong>un \u00e9norme trou dans la raquette<\/strong>.\u2009\u00bb<\/p>\n<p>Votre r\u00e9gion, votre actu !<\/p>\n<p>Recevez chaque jour les infos qui comptent pour vous.<\/p>\n<p>\t<a href=\"https:\/\/actu.fr\/newsletter\" class=\"ac-btn ac-btn--corner ac-btn--medium ac-btn--blue800\" rel=\"nofollow noopener\" target=\"_blank\">S&rsquo;incrire<\/a><\/p>\n<p class=\" wall-content\">Mais il pourrait \u00e9galement s\u2019agir d\u2019une man\u0153uvre de d\u00e9stabilisation, qui viserait \u00e0 <strong>amener de la division<\/strong> chez les Europ\u00e9ens, au m\u00eame titre que dans <a href=\"https:\/\/actu.fr\/ile-de-france\/paris_75056\/tetes-de-cochon-deposees-devant-des-mosquees-a-paris-et-en-petite-couronne-11-interpellations-en-serbie_63229507.html\" rel=\"nofollow noopener\" target=\"_blank\">l\u2019affaire des t\u00eates de cochon<\/a> plant\u00e9es devant des mosqu\u00e9es fran\u00e7aises et allemandes, dans laquelle le minist\u00e8re de l\u2019Int\u00e9rieur soup\u00e7onne\u00a0<strong>une ing\u00e9rence \u00e9trang\u00e8re venue d\u2019Europe de l\u2019Est<\/strong>, comme dans celles des <a href=\"https:\/\/actu.fr\/ile-de-france\/paris_75056\/etoiles-de-david-taguees-a-paris-et-en-banlieue-la-justice-soupconne-une-seule-et-meme-equipe_60298430.html\" rel=\"nofollow noopener\" target=\"_blank\">\u00e9toiles de David tagu\u00e9es \u00e0 Paris<\/a>, ou des <a href=\"https:\/\/actu.fr\/ile-de-france\/paris_75056\/memorial-de-la-shoah-tague-a-paris-quatre-hommes-de-nationalite-bulgare-juges-a-l-automne_62961760.html\" rel=\"nofollow noopener\" target=\"_blank\">mains rouges<\/a> sur le m\u00e9morial de la Shoah.<\/p>\n<blockquote class=\"ac-article-quote wall-content\">\n<p>Ce qui int\u00e9resse Poutine, c&rsquo;est de nous emb\u00eater. Ces drones, ce sont comme des piq\u00fbres de moustiques qui nous d\u00e9stabiliseraient. On regarde partout, mais on ne sait pas vraiment o\u00f9 ils sont, et \u00e7a nous agace.<\/p>\n<p>    <strong>Vincent Desportes, <\/strong><br \/>\n        Ex-g\u00e9n\u00e9ral de l&rsquo;arm\u00e9e de terre    <\/p><\/blockquote>\n<p>Sait-on de quel type de drone il s\u2019agit\u2009?<\/p>\n<p class=\" wall-content\">De son c\u00f4t\u00e9, le professeur Yves Boyer se montre tr\u00e8s prudent face \u00e0 cette hypoth\u00e8se. \u00ab\u2009Tout \u00e7a est <strong>bien myst\u00e9rieux<\/strong>. Tant qu\u2019<strong>on n\u2019a pas identifi\u00e9 clairement ces drones<\/strong>, on peut continuer \u00e0 accuser la Russie, mais on n\u2019a <strong>pas de preuve objective.<\/strong>\u2009\u00bb<\/p>\n<p class=\" wall-content\">Si ces drones ont effectivement \u00e9t\u00e9 rep\u00e9r\u00e9s, aucun ne semble avoir pu \u00eatre suivi. <strong>On ne conna\u00eet pas leur taille, leur type<\/strong>. \u00ab\u2009\u00c7a peut \u00eatre une grosse machine de 2\u00a0m\u00e8tres, comme \u00e7a peut \u00eatre de petites choses qui tiennent sur un bureau\u2026 Il y a des drones d\u2019attaque, il y a des drones de surveillance, il y a des drones de leurre, <a href=\"https:\/\/actu.fr\/monde\/drones-russes-abattus-en-pologne-c-est-quoi-cet-article-4-de-l-otan-qui-pourrait-etre-active_63141484.html\" rel=\"nofollow noopener\" target=\"_blank\">comme ceux qui ont atterri en Pologne<\/a>\u2009\u00bb, liste l\u2019expert.<\/p>\n<p class=\" wall-content\">\u00ab\u2009Les Russes sont ce qu\u2019ils sont, mais ils ont une forme de rationalit\u00e9, et l\u2019int\u00e9r\u00eat des Russes d\u2019envoyer de tels engins, il est nul.\u2009\u00bb Lorsqu\u2019on mentionne le survol de l\u2019a\u00e9roport de Munich, l\u2019analyste pense davantage \u00e0 l\u2019\u0153uvre d\u2019un \u00ab\u2009farfelu\u2009\u00bb. \u00ab\u2009Mais je peux me tromper.\u2009\u00bb<\/p>\n<blockquote class=\"ac-article-quote wall-content\">\n<p>Un drone qui ferait, admettons, un m\u00e8tre d&rsquo;envergure, \u00e7a ne fait pas beaucoup de bruit. Ca monte, \u00e7a descend, \u00e7a fait des zigzags, c&rsquo;est extr\u00eamement mobile, c&rsquo;est comme une mouche. Si vous essayez d&rsquo;attraper une mouche avec votre main, vous aurez beaucoup de difficult\u00e9s.<\/p>\n<p>    <strong>Yves Boyer,<\/strong><br \/>\n        professeur en strat\u00e9gie militaire    <\/p><\/blockquote>\n<p>Y a-t-il une psychose, ou de vraies raisons de s\u2019inqui\u00e9ter\u2009?<\/p>\n<p class=\" wall-content\">Ces incursions ont en tout cas fait r\u00e9agir les 27 et attis\u00e9 les tensions avec la Russie. \u00ab\u2009Les drones qui violent l\u2019espace a\u00e9rien europ\u00e9en peuvent \u00eatre d\u00e9truits. Point final\u2009\u00bb, a d\u00e9clar\u00e9 le pr\u00e9sident fran\u00e7ais Emmanuel Macron ce jeudi, tandis qu\u2019<a href=\"https:\/\/actu.fr\/pays-de-la-loire\/saint-nazaire_44184\/petrolier-fantome-russe-au-large-de-saint-nazaire-la-garde-a-vue-des-deux-membres-dequipage-prolongee_63245474.html\" rel=\"nofollow noopener\" target=\"_blank\">il venait de faire arraisonner un p\u00e9trolier de la flotte fant\u00f4me russe<\/a> au large des c\u00f4tes fran\u00e7aises. Bruxelles a \u00e9galement propos\u00e9 de <a href=\"https:\/\/actu.fr\/monde\/face-a-la-russie-l-europe-veut-batir-un-mur-anti-drones-inedit-voici-les-primieres-pistes-du-projet_63216354.html\" rel=\"nofollow noopener\" target=\"_blank\">mettre en \u0153uvre un \u00ab\u2009mur\u2009\u00bb antidrones<\/a>\u00a0face aux diff\u00e9rentes <a href=\"https:\/\/actu.fr\/monde\/une-provocation-extremement-dangereuse-ce-que-l-on-sait-du-survol-de-l-estonie-par-trois-avions-russes_63190004.html\" rel=\"nofollow noopener\" target=\"_blank\">violations de l\u2019espace a\u00e9rien<\/a> europ\u00e9en.<\/p>\n<p class=\" wall-content\">\u00ab\u2009Il n\u2019est pas impossible que <strong>chacun ne voie des drones partout<\/strong>, comme dans <strong>l\u2019affaire des soucoupes volantes<\/strong> de 1960\u2009\u00bb, nuance Vincent Desportes. \u00ab\u2009C\u2019est le jeu de Poutine. \u2018J\u2019en fais un peu, ils en envoient 10\u00a0fois plus.\u2019 \u00c7a marche bien. \u00c7a provoque <strong>une certaine psychose<\/strong>, mais \u00e7a peut faire partie d\u2019<strong>une strat\u00e9gie de la peur qui fonctionne<\/strong>.\u2009\u00bb<\/p>\n<p class=\" wall-content\">Pour autant, cette probable psychose \u00e0 l\u2019origine du r\u00e9veil europ\u00e9en est <strong>salutaire<\/strong>, selon l\u2019ancien grad\u00e9, car il faudrait que les Europ\u00e9ens tiennent davantage t\u00eate \u00e0 la Russie.<\/p>\n<blockquote class=\"ac-article-quote wall-content\">\n<p>Il y a une menace av\u00e9r\u00e9e que tous les pays europ\u00e9ens, que tous les services secrets, connaissent. Ce qui ne veut pas dire que Poutine va attaquer l&rsquo;Europe. Mais il y a \u00e9videmment des raisons d&rsquo;avoir compris depuis longtemps que si Poutine n&rsquo;\u00e9tait pas arr\u00eat\u00e9, il poursuivrait son agression. Pas forc\u00e9ment frontalement, mais un peu par ici, un peu par l\u00e0. Malgr\u00e9 tout cela, on est incapables de se mettre d&rsquo;accord, incapables d&rsquo;avoir une v\u00e9ritable strat\u00e9gie vis-\u00e0-vis de Poutine.\u00a0<\/p>\n<p>    <strong>Vincent Desportes<\/strong><br \/>\n        Professeur en strat\u00e9gie militaire    <\/p><\/blockquote>\n<p class=\" wall-content\">Pour le moment, malgr\u00e9 les d\u00e9clarations des pays europ\u00e9ens comme la France, aucun accord n\u2019a \u00e9t\u00e9 trouv\u00e9 entre les 27 pays membres \u00e0 Copenhague.<\/p>\n<p class=\" wall-content\"><strong>Ces drones auraient-ils d\u00fb \u00eatre abattus\u2009?<\/strong><\/p>\n<p class=\" wall-content\">Les deux experts s\u2019accordent pour dire qu\u2019<strong>abattre un drone au-dessus d\u2019une ville ou d\u2019un a\u00e9roport<\/strong>, ce n\u2019est <strong>pas une option raisonnable<\/strong>, \u00e9tant donn\u00e9 les d\u00e9g\u00e2ts potentiels au sol. \u00ab\u2009On ne va pas envoyer des missiles contre ces drones, \u00e7a n\u2019a aucun sens. Mais effectivement, \u00e7a interrompt la circulation a\u00e9rienne, parce qu\u2019il y a un<strong> v\u00e9ritable risque de collision avec les avions<\/strong>\u2009\u00bb, indique Yves Boyer, pour qui les risques sont avant tout s\u00e9curitaires pour les personnes, et \u00e9conomiques pour les compagnies a\u00e9riennes.<\/p>\n<blockquote class=\"ac-article-quote wall-content\">\n<p>On n&rsquo;a pas vraiment de moyens d&rsquo;interception, ceux que l&rsquo;on a, ils sont de nature \u00e9lectronique. Ils peuvent \u00eatre utilis\u00e9s lors d&rsquo;importants sommets internationaux, comme au G7 par exemple, mais si vous les utilisez au-dessus d&rsquo;un a\u00e9roport, vous risquez de perturber les communications entre les tours de contr\u00f4le, les avions, etc.<\/p>\n<p>    <strong>Vincent Desportes<\/strong>\n            <\/p><\/blockquote>\n<p class=\" wall-content\">L\u2019espace a\u00e9rien europ\u00e9en va en tout cas continuer d\u2019\u00eatre scrut\u00e9, et en particulier \u00e0 la fronti\u00e8re russe. De son c\u00f4t\u00e9, le pr\u00e9sident roumain Nicusor Dan, dont le pays a \u00e9t\u00e9, lui aussi survol\u00e9 par des drones (militaires) russes, a averti jeudi que ses forces abattront le prochain qui violera son espace a\u00e9rien. Ce qui pourrait \u00eatre consid\u00e9r\u00e9 comme un acte de guerre par la Russie.<\/p>\n<p class=\" wall-content\">Personnalisez votre actualit\u00e9 en ajoutant vos villes et m\u00e9dias en favori avec <a href=\"https:\/\/moncompte.actu.fr\" title=\"D\u00e9couvez Mon Actu\" rel=\"nofollow noopener\" data-trk=\"{&quot;cta&quot;:{&quot;action&quot;:&quot;https:\\\/\\\/moncompte.actu.fr&quot;,&quot;category&quot;:&quot;mon compte&quot;,&quot;from&quot;:&quot;article footer&quot;,&quot;name&quot;:&quot;Mon actu&quot;,&quot;type&quot;:&quot;cta&quot;}}\" target=\"_blank\">Mon Actu<\/a>.<\/p>\n","protected":false},"excerpt":{"rendered":"Par Emma Derome Publi\u00e9 le 3 oct. 2025 \u00e0 19h44 La Russie cherche \u00ab\u2009l\u2019escalade\u2009\u00bb\u2009: c\u2019est ce qu\u2019assure le&hellip;\n","protected":false},"author":2,"featured_media":437242,"comment_status":"","ping_status":"","sticky":false,"template":"","format":"standard","meta":{"footnotes":""},"categories":[1591],"tags":[11,1813,1887,131,74,12,1885,1886,132],"class_list":{"0":"post-437241","1":"post","2":"type-post","3":"status-publish","4":"format-standard","5":"has-post-thumbnail","7":"category-russie","8":"tag-actualites","9":"tag-armee","10":"tag-federation-de-russie","11":"tag-guerre-en-ukraine","12":"tag-monde","13":"tag-news","14":"tag-russia","15":"tag-russian-federation","16":"tag-russie"},"share_on_mastodon":{"url":"https:\/\/pubeurope.com\/@fr\/115312652749710282","error":""},"_links":{"self":[{"href":"https:\/\/www.europesays.com\/fr\/wp-json\/wp\/v2\/posts\/437241","targetHints":{"allow":["GET"]}}],"collection":[{"href":"https:\/\/www.europesays.com\/fr\/wp-json\/wp\/v2\/posts"}],"about":[{"href":"https:\/\/www.europesays.com\/fr\/wp-json\/wp\/v2\/types\/post"}],"author":[{"embeddable":true,"href":"https:\/\/www.europesays.com\/fr\/wp-json\/wp\/v2\/users\/2"}],"replies":[{"embeddable":true,"href":"https:\/\/www.europesays.com\/fr\/wp-json\/wp\/v2\/comments?post=437241"}],"version-history":[{"count":0,"href":"https:\/\/www.europesays.com\/fr\/wp-json\/wp\/v2\/posts\/437241\/revisions"}],"wp:featuredmedia":[{"embeddable":true,"href":"https:\/\/www.europesays.com\/fr\/wp-json\/wp\/v2\/media\/437242"}],"wp:attachment":[{"href":"https:\/\/www.europesays.com\/fr\/wp-json\/wp\/v2\/media?parent=437241"}],"wp:term":[{"taxonomy":"category","embeddable":true,"href":"https:\/\/www.europesays.com\/fr\/wp-json\/wp\/v2\/categories?post=437241"},{"taxonomy":"post_tag","embeddable":true,"href":"https:\/\/www.europesays.com\/fr\/wp-json\/wp\/v2\/tags?post=437241"}],"curies":[{"name":"wp","href":"https:\/\/api.w.org\/{rel}","templated":true}]}}