{"id":437248,"date":"2025-10-03T22:46:17","date_gmt":"2025-10-03T22:46:17","guid":{"rendered":"https:\/\/www.europesays.com\/fr\/437248\/"},"modified":"2025-10-03T22:46:17","modified_gmt":"2025-10-03T22:46:17","slug":"allemagne-laeroport-de-munich-ferme-temporairement-suite-a-un-survol-de-drones","status":"publish","type":"post","link":"https:\/\/www.europesays.com\/fr\/437248\/","title":{"rendered":"Allemagne: l&rsquo;a\u00e9roport de Munich ferm\u00e9 temporairement suite \u00e0 un survol de drones"},"content":{"rendered":"<p>\n                                                Ce qui fait la Une de l&rsquo;actualit\u00e9, c&rsquo;est l&rsquo;Europe dont la s\u00e9curit\u00e9 est test\u00e9e avec des survols de drones comme \u00e7a a \u00e9t\u00e9 le cas, hier soir, le jeudi 2 octobre 2025, dans le sud de l&rsquo;Allemagne. D&rsquo;ailleurs, les dirigeants de l\u2019Union europ\u00e9enne se sont r\u00e9unis \u00e0 Copenhague pour discuter du renforcement de leur d\u00e9fense face \u00e0 la menace russe. La Premi\u00e8re ministre danoise y a d\u00e9clar\u00e9 que l\u2019Ukraine n\u2019est pas seulement un pays en guerre, elle est devenue \u00abla premi\u00e8re ligne de d\u00e9fense\u00bb pour toute l\u2019Europe.\u00a0                    <\/p>\n<p><strong>Avec<\/strong><\/p>\n<p><strong>Kseniya Zhornokley de la r\u00e9daction ukrainienne<\/strong> \u00e0 propos du viol comme arme de guerre en Ukraine, dont sont victimes des femmes mais aussi des hommes<\/p>\n<p><strong>Ubaldo Bravo pour la r\u00e9daction en espagnol<\/strong> \u00e0 propos des protestations en Equateur contre le pr\u00e9sident Daniel Noboa, suite \u00e0 la suppression des subventions au diesel<\/p>\n<p><strong>Sory Ibrahim de la r\u00e9daction en mandenkan<\/strong> pour nous expliquer pourquoi l\u2019Alg\u00e9rie et le Mali sont \u00e0 couteaux tir\u00e9s.<\/p>\n","protected":false},"excerpt":{"rendered":"Ce qui fait la Une de l&rsquo;actualit\u00e9, c&rsquo;est l&rsquo;Europe dont la s\u00e9curit\u00e9 est test\u00e9e avec des survols de&hellip;\n","protected":false},"author":2,"featured_media":437249,"comment_status":"","ping_status":"","sticky":false,"template":"","format":"standard","meta":{"footnotes":""},"categories":[1587],"tags":[56470,11,672,1804,1805,554,1803,1777,674,1801,74,12,1802,132,220,364],"class_list":{"0":"post-437248","1":"post","2":"type-post","3":"status-publish","4":"format-standard","5":"has-post-thumbnail","7":"category-allemagne","8":"tag-accents-du-monde","9":"tag-actualites","10":"tag-allemagne","11":"tag-bundesrepublik-deutschland","12":"tag-de","13":"tag-defense","14":"tag-deutschland","15":"tag-eu","16":"tag-europe","17":"tag-germany","18":"tag-monde","19":"tag-news","20":"tag-republique-federale-dallemagne","21":"tag-russie","22":"tag-ukraine","23":"tag-union-europeenne"},"share_on_mastodon":{"url":"https:\/\/pubeurope.com\/@fr\/115312668426129624","error":""},"_links":{"self":[{"href":"https:\/\/www.europesays.com\/fr\/wp-json\/wp\/v2\/posts\/437248","targetHints":{"allow":["GET"]}}],"collection":[{"href":"https:\/\/www.europesays.com\/fr\/wp-json\/wp\/v2\/posts"}],"about":[{"href":"https:\/\/www.europesays.com\/fr\/wp-json\/wp\/v2\/types\/post"}],"author":[{"embeddable":true,"href":"https:\/\/www.europesays.com\/fr\/wp-json\/wp\/v2\/users\/2"}],"replies":[{"embeddable":true,"href":"https:\/\/www.europesays.com\/fr\/wp-json\/wp\/v2\/comments?post=437248"}],"version-history":[{"count":0,"href":"https:\/\/www.europesays.com\/fr\/wp-json\/wp\/v2\/posts\/437248\/revisions"}],"wp:featuredmedia":[{"embeddable":true,"href":"https:\/\/www.europesays.com\/fr\/wp-json\/wp\/v2\/media\/437249"}],"wp:attachment":[{"href":"https:\/\/www.europesays.com\/fr\/wp-json\/wp\/v2\/media?parent=437248"}],"wp:term":[{"taxonomy":"category","embeddable":true,"href":"https:\/\/www.europesays.com\/fr\/wp-json\/wp\/v2\/categories?post=437248"},{"taxonomy":"post_tag","embeddable":true,"href":"https:\/\/www.europesays.com\/fr\/wp-json\/wp\/v2\/tags?post=437248"}],"curies":[{"name":"wp","href":"https:\/\/api.w.org\/{rel}","templated":true}]}}