{"id":437254,"date":"2025-10-03T22:49:11","date_gmt":"2025-10-03T22:49:11","guid":{"rendered":"https:\/\/www.europesays.com\/fr\/437254\/"},"modified":"2025-10-03T22:49:11","modified_gmt":"2025-10-03T22:49:11","slug":"le-rappeur-americain-condamne-a-plus-de-quatre-ans-de-prison","status":"publish","type":"post","link":"https:\/\/www.europesays.com\/fr\/437254\/","title":{"rendered":"Le rappeur am\u00e9ricain condamn\u00e9 \u00e0 plus de quatre ans de prison"},"content":{"rendered":"<p>Le verdict est tomb\u00e9 pour l\u2019une des figures les plus embl\u00e9matiques du hip-hop am\u00e9ricain. Vendredi, le tribunal f\u00e9d\u00e9ral de <a href=\"https:\/\/www.20minutes.fr\/dossier\/new_york\" target=\"_blank\" class=\"c-link c-link--is-underlined\" rel=\"noopener\">New York<\/a> a condamn\u00e9 <a href=\"https:\/\/www.20minutes.fr\/arts-stars\/people\/p-diddy\/\" target=\"_blank\" class=\"c-link c-link--is-underlined\" rel=\"noopener\">Sean Combs, alias P. Diddy<\/a>, \u00e0 quatre ans et deux mois de prison pour transport de personnes \u00e0 des fins de <a href=\"https:\/\/www.20minutes.fr\/dossier\/prostitution\" target=\"_blank\" class=\"c-link c-link--is-underlined\" rel=\"noopener\">prostitution<\/a>.<\/p>\n<p>Apr\u00e8s deux mois d\u2019un proc\u00e8s tr\u00e8s m\u00e9diatis\u00e9, le jury avait d\u00e9j\u00e0 \u00e9cart\u00e9 en juillet les charges les plus lourdes de trafic sexuel et d\u2019association de malfaiteurs, qui auraient pu lui valoir la r\u00e9clusion \u00e0 perp\u00e9tuit\u00e9. C\u2019est donc une peine all\u00e9g\u00e9e, mais ferme, qui vient sanctionner le magnat de la musique.<\/p>\n<\/p>\n<p>Dans la salle d\u2019audience, P.\u00a0Diddy a pris la parole une derni\u00e8re fois pour exprimer ses regrets. \u00ab\u00a0Je suis bris\u00e9 par ce que j\u2019ai fait\u00a0\u00bb, a-t-il \u00e9crit la veille au juge dans une lettre, affirmant s\u2019\u00eatre \u00ab\u00a0perdu dans la drogue et l\u2019exc\u00e8s\u00a0\u00bb. Face aux magistrats, il a de nouveau pr\u00e9sent\u00e9 ses excuses, reconnaissant la gravit\u00e9 de ses actes.<\/p>\n<p><a href=\"https:\/\/www.20minutes.fr\/arts-stars\/people\/p-diddy\/\" target=\"_blank\" class=\"c-link c-btn c-btn--primary\" rel=\"noopener\">Notre dossier sur l&rsquo;affaire P. Diddy<\/a><\/p>\n<p>Ce jugement met un point d\u2019arr\u00eat \u00e0 une affaire qui a secou\u00e9 l\u2019industrie musicale am\u00e9ricaine et terni l\u2019image d\u2019un artiste longtemps consid\u00e9r\u00e9 comme un mod\u00e8le de r\u00e9ussite. Mais il ouvre aussi une nouvelle page judiciaire et m\u00e9diatique pour Sean Combs, d\u00e9sormais contraint de purger une peine derri\u00e8re les barreaux.<\/p>\n","protected":false},"excerpt":{"rendered":"Le verdict est tomb\u00e9 pour l\u2019une des figures les plus embl\u00e9matiques du hip-hop am\u00e9ricain. Vendredi, le tribunal f\u00e9d\u00e9ral&hellip;\n","protected":false},"author":2,"featured_media":437255,"comment_status":"","ping_status":"","sticky":false,"template":"","format":"standard","meta":{"footnotes":""},"categories":[2],"tags":[47,11,1267,73,1011,27,3617,6372,303,74,415,12,16997,806,2694,2899,6198,25],"class_list":{"0":"post-437254","1":"post","2":"type-post","3":"status-publish","4":"format-standard","5":"has-post-thumbnail","7":"category-actualites","8":"tag-actualite","9":"tag-actualites","10":"tag-agression-sexuelle","11":"tag-etats-unis","12":"tag-fr","13":"tag-france","14":"tag-hip-hop","15":"tag-jugement","16":"tag-justice","17":"tag-monde","18":"tag-new-york","19":"tag-news","20":"tag-p-diddy","21":"tag-prison","22":"tag-proces","23":"tag-prostitution","24":"tag-rappeur","25":"tag-republique-francaise"},"share_on_mastodon":{"url":"https:\/\/pubeurope.com\/@fr\/115312680245602353","error":""},"_links":{"self":[{"href":"https:\/\/www.europesays.com\/fr\/wp-json\/wp\/v2\/posts\/437254","targetHints":{"allow":["GET"]}}],"collection":[{"href":"https:\/\/www.europesays.com\/fr\/wp-json\/wp\/v2\/posts"}],"about":[{"href":"https:\/\/www.europesays.com\/fr\/wp-json\/wp\/v2\/types\/post"}],"author":[{"embeddable":true,"href":"https:\/\/www.europesays.com\/fr\/wp-json\/wp\/v2\/users\/2"}],"replies":[{"embeddable":true,"href":"https:\/\/www.europesays.com\/fr\/wp-json\/wp\/v2\/comments?post=437254"}],"version-history":[{"count":0,"href":"https:\/\/www.europesays.com\/fr\/wp-json\/wp\/v2\/posts\/437254\/revisions"}],"wp:featuredmedia":[{"embeddable":true,"href":"https:\/\/www.europesays.com\/fr\/wp-json\/wp\/v2\/media\/437255"}],"wp:attachment":[{"href":"https:\/\/www.europesays.com\/fr\/wp-json\/wp\/v2\/media?parent=437254"}],"wp:term":[{"taxonomy":"category","embeddable":true,"href":"https:\/\/www.europesays.com\/fr\/wp-json\/wp\/v2\/categories?post=437254"},{"taxonomy":"post_tag","embeddable":true,"href":"https:\/\/www.europesays.com\/fr\/wp-json\/wp\/v2\/tags?post=437254"}],"curies":[{"name":"wp","href":"https:\/\/api.w.org\/{rel}","templated":true}]}}