{"id":437264,"date":"2025-10-03T22:57:14","date_gmt":"2025-10-03T22:57:14","guid":{"rendered":"https:\/\/www.europesays.com\/fr\/437264\/"},"modified":"2025-10-03T22:57:14","modified_gmt":"2025-10-03T22:57:14","slug":"alex-marquez-ravi-de-ses-sensations-malgre-sa-chute","status":"publish","type":"post","link":"https:\/\/www.europesays.com\/fr\/437264\/","title":{"rendered":"\u00c1lex M\u00e1rquez ravi de ses sensations malgr\u00e9 sa chute"},"content":{"rendered":"<p>Avec une chute et un modeste dixi\u00e8me temps qui lui a assur\u00e9 sa qualification en Q2 de justesse, on pourrait facilement placer <a href=\"https:\/\/fr.motorsport.com\/driver\/alex-marquez\/96324\/\" target=\"_blank\" rel=\"noopener\">\u00c1lex M\u00e1rquez<\/a> parmi les pilotes Ducati en difficult\u00e9 ce vendredi au GP d&rsquo;Indon\u00e9sie, mais c&rsquo;est tout l&rsquo;inverse. Le pilote Gresini est en fait satisfait de ses sensations, m\u00eame si un manque de rep\u00e8res avec le pneu tendre \u00e0 l&rsquo;arri\u00e8re a provoqu\u00e9 sa chute \u00e0 la fin des Essais.<\/p>\n<p>\u00ab\u00a0Heureusement, pour moi c&rsquo;\u00e9tait un assez bon vendredi\u00a0\u00bb, a expliqu\u00e9 \u00c1lex M\u00e1rquez. \u00ab\u00a0Oui, j&rsquo;ai fait cette erreur \u00e0 la fin des Essais, ce qui m&rsquo;a presque co\u00fbt\u00e9 la Q2, mais on l&rsquo;a sauv\u00e9e. On a eu un vrai vendredi ici, on a tr\u00e8s bien travaill\u00e9, on a plus travaill\u00e9 avec le medium que le tendre \u00e0 l&rsquo;arri\u00e8re, et c&rsquo;est pour \u00e7a que je suis tomb\u00e9.\u00a0\u00bb<\/p>\n<p>\u00ab\u00a0Je m&rsquo;\u00e9tais habitu\u00e9 au medium qui ne poussait pas vers l&rsquo;avant, il n&rsquo;y avait pas d&rsquo;adh\u00e9rence, et avec le tendre pour le time attack, c&rsquo;est critique, on peut tr\u00e8s facilement partir \u00e0 la faute. J&rsquo;ai juste fait cette erreur, j&rsquo;arrivais beaucoup plus vite, j&rsquo;ai essay\u00e9 d&rsquo;entrer un peu plus sur les gaz et j&rsquo;ai perdu l&rsquo;avant.\u00a0\u00bb<\/p>\n<p>\u00ab\u00a0Mais pour le reste, vous savez, l&rsquo;an dernier j&rsquo;ai eu beaucoup, beaucoup, beaucoup de mal \u00e0 Mandalika, mais cette ann\u00e9e je me sens vraiment bien. Il nous en manque dans le secteur 2, comme tout le monde par rapport \u00e0 Bezzecchi, c&rsquo;est l\u00e0 qu&rsquo;il fait la diff\u00e9rence. Mais pour le reste, on est assez forts et assez constants, donc je suis content de \u00e7a.\u00a0\u00bb<\/p>\n<p>   <img decoding=\"async\" draggable=\"false\" src=\"https:\/\/www.europesays.com\/fr\/wp-content\/uploads\/2025\/10\/alex-marquez-gresini-racing.jpg\" alt=\"Alex Marquez, Gresini Racing\" width=\"1200\" height=\"800\" loading=\"lazy\"\/> <\/p>\n<p class=\"title\">\u00c1lex M\u00e1rquez<\/p>\n<p class=\"photographer\">Photo de: Sonny Tumbelaka \/ AFP via Getty Images<\/p>\n<p>\u00c1lex M\u00e1rquez se f\u00e9licite donc de sensations \u00ab\u00a0bien, bien meilleures\u00a0\u00bb qu&rsquo;en 2024 sur ce trac\u00e9\u00a0: \u00ab\u00a0L&rsquo;an dernier, ici, je n&rsquo;avais aucune compr\u00e9hension de ce qu&rsquo;il se passait sur la moto, et cette ann\u00e9e oui.\u00a0\u00bb<\/p>\n<p>\u00ab\u00a0Je ressens la moto, je ressens les mouvements, je ressens ce dont j&rsquo;ai besoin sur la moto, donc j&rsquo;esp\u00e8re qu&rsquo;avec les commentaires que je ferai \u00e0 l&rsquo;\u00e9quipe, on pourra progresser avec le tendre arri\u00e8re demain. Il pousse vers l&rsquo;avant et je sens trop de rotation sur l&rsquo;avant, on est tout le temps \u00e0 la limite. Si on peut ajuster la moto, je pense qu&rsquo;on pourra faire un bon travail.\u00a0\u00bb<\/p>\n<p>Apr\u00e8s un week-end en dessous de ses attentes \u00e0 Motegi, \u00c1lex M\u00e1rquez a donc bon espoir de retrouver le tout premier plan\u00a0: \u00ab\u00a0L&rsquo;objectif sera d&rsquo;\u00eatre sur les deux premi\u00e8res lignes et pour le moment, on y est si on fait un bon travail dans la matin\u00e9e. Je pense qu&rsquo;on aura la possibilit\u00e9 d&rsquo;\u00eatre sur le podium mais pour \u00e7a, il faut faire un tr\u00e8s bon travail en qualifications.\u00a0\u00bb<\/p>\n<p>   <img decoding=\"async\" draggable=\"false\" src=\"https:\/\/www.europesays.com\/fr\/wp-content\/uploads\/2025\/10\/1759532234_755_alex-marquez-gresini-racing.jpg\" alt=\"Alex Marquez, Gresini Racing\" width=\"1200\" height=\"800\" loading=\"lazy\"\/> <\/p>\n<p class=\"title\">\u00c1lex M\u00e1rquez<\/p>\n<p class=\"photographer\">Photo de: Sonny Tumbelaka \/ AFP via Getty Images<\/p>\n<p>On pourrait croire la t\u00e2che de M\u00e1rquez facilit\u00e9e par les difficult\u00e9s de son fr\u00e8re, Marc, et de <a href=\"https:\/\/fr.motorsport.com\/driver\/pecco-bagnaia\/109394\/\" target=\"_blank\" rel=\"noopener\">Pecco Bagnaia<\/a>, tous deux envoy\u00e9s en Q1 samedi matin, mais il est convaincu qu&rsquo;ils seront au rendez-vous dans les moments importants. Il se m\u00e9fie aussi des autres repr\u00e9sentants de Ducati.<\/p>\n<p>\u00ab\u00a0Au final, on a eu beaucoup de drapeaux jaunes, etc. Je pense que les autres Ducati, comme Marc et [Franco] Morbidelli, ils ont aussi un bon rythme et une bonne vitesse. Peut-\u00eatre que Diggia et Pecco souffrent un peu plus mais vous savez, ce n&rsquo;est que le vendredi. On a une carcasse diff\u00e9rente sur le pneu arri\u00e8re, donc on doit juste attendre et on verra demain.\u00a0\u00bb<\/p>\n<p>\u00ab\u00a0Je m&rsquo;attends \u00e0 ce que Pecco soit aussi rapide demain parce que si on regarde les \u00e9ditions pass\u00e9es, en 2023 et 2024, c&rsquo;est sa fa\u00e7on de faire sur cette piste : il a du mal le vendredi et il fait de mieux en mieux le samedi et le dimanche. Ce n&rsquo;est que le vendredi et il ne faut pas trop tirer de conclusions.\u00a0\u00bb<\/p>\n<p>Lire aussi :<\/p>\n<p>            Votre avis nous int\u00e9resse !<\/p>\n<p class=\"mt-auto\">Qu&rsquo;aimeriez-vous voir sur Motorsport.com ?<\/p>\n<p>            <a href=\"#\" class=\"ms-link text-link font-bold\">R\u00e9pondez \u00e0 notre enqu\u00eate de 5 minutes.<\/a><\/p>\n<p class=\"mt-1 font-info text-body\">&#8211; L&rsquo;\u00e9quipe Motorsport.com<\/p>\n","protected":false},"excerpt":{"rendered":"Avec une chute et un modeste dixi\u00e8me temps qui lui a assur\u00e9 sa qualification en Q2 de justesse,&hellip;\n","protected":false},"author":2,"featured_media":437265,"comment_status":"","ping_status":"","sticky":false,"template":"","format":"standard","meta":{"footnotes":""},"categories":[1413],"tags":[1011,27,55763,3452,55764,1457,1456,1458,60,7896,56471],"class_list":{"0":"post-437264","1":"post","2":"type-post","3":"status-publish","4":"format-standard","5":"has-post-thumbnail","7":"category-moto","8":"tag-fr","9":"tag-france","10":"tag-gp-dindonu00e9sie","11":"tag-gresini-racing","12":"tag-mandalika-international-street-circuit","13":"tag-moto","14":"tag-motocycle","15":"tag-motogp","16":"tag-sports","17":"tag-u00c1lex-mu00e1rquez","18":"tag-u00c1lex-mu00e1rquez-ravi-de-ses-sensations-malgru00e9-sa-chute"},"share_on_mastodon":{"url":"https:\/\/pubeurope.com\/@fr\/115312712272507100","error":""},"_links":{"self":[{"href":"https:\/\/www.europesays.com\/fr\/wp-json\/wp\/v2\/posts\/437264","targetHints":{"allow":["GET"]}}],"collection":[{"href":"https:\/\/www.europesays.com\/fr\/wp-json\/wp\/v2\/posts"}],"about":[{"href":"https:\/\/www.europesays.com\/fr\/wp-json\/wp\/v2\/types\/post"}],"author":[{"embeddable":true,"href":"https:\/\/www.europesays.com\/fr\/wp-json\/wp\/v2\/users\/2"}],"replies":[{"embeddable":true,"href":"https:\/\/www.europesays.com\/fr\/wp-json\/wp\/v2\/comments?post=437264"}],"version-history":[{"count":0,"href":"https:\/\/www.europesays.com\/fr\/wp-json\/wp\/v2\/posts\/437264\/revisions"}],"wp:featuredmedia":[{"embeddable":true,"href":"https:\/\/www.europesays.com\/fr\/wp-json\/wp\/v2\/media\/437265"}],"wp:attachment":[{"href":"https:\/\/www.europesays.com\/fr\/wp-json\/wp\/v2\/media?parent=437264"}],"wp:term":[{"taxonomy":"category","embeddable":true,"href":"https:\/\/www.europesays.com\/fr\/wp-json\/wp\/v2\/categories?post=437264"},{"taxonomy":"post_tag","embeddable":true,"href":"https:\/\/www.europesays.com\/fr\/wp-json\/wp\/v2\/tags?post=437264"}],"curies":[{"name":"wp","href":"https:\/\/api.w.org\/{rel}","templated":true}]}}