{"id":437266,"date":"2025-10-03T22:58:14","date_gmt":"2025-10-03T22:58:14","guid":{"rendered":"https:\/\/www.europesays.com\/fr\/437266\/"},"modified":"2025-10-03T22:58:14","modified_gmt":"2025-10-03T22:58:14","slug":"le-choc-pour-colomiers-de-nouveau-en-tete","status":"publish","type":"post","link":"https:\/\/www.europesays.com\/fr\/437266\/","title":{"rendered":"le choc pour Colomiers, de nouveau en t\u00eate"},"content":{"rendered":"<p>Colomiers a dispos\u00e9 d\u2019Agen ce vendredi, lors de l\u2019affiche de la sixi\u00e8me journ\u00e9e de Pro D2.<\/p>\n<p class=\"fig-paragraph\">Colomiers a facilement battu Agen\u00a0<a href=\"https:\/\/www.lefigaro.fr\/sports\/rugby\/live\/pro-d2\/2026\/948155\/colomiers-agen\" target=\"_blank\" rel=\"sponsored noopener\" data-gtm-custom-categorie=\"navigation\" data-gtm-custom-action=\"crossclick\" data-gtm-custom-label=\"Contextuel\" data-gtm-event=\"customEventSPE\">31 \u00e0 5<\/a>\u00a0vendredi, lors du choc de\u00a0<a href=\"https:\/\/www.lefigaro.fr\/sports\/rugby\/pro-d2\/calendrier-resultats\" target=\"_blank\" rel=\"sponsored noopener\" data-gtm-custom-categorie=\"navigation\" data-gtm-custom-action=\"crossclick\" data-gtm-custom-label=\"Contextuel\" data-gtm-event=\"customEventSPE\">la 6e journ\u00e9e<\/a>, et repris la place de leader\u00a0<a href=\"https:\/\/www.lefigaro.fr\/sports\/rugby\/pro-d2\/classement\" target=\"_blank\" rel=\"sponsored noopener\" data-gtm-custom-categorie=\"navigation\" data-gtm-custom-action=\"crossclick\" data-gtm-custom-label=\"Contextuel\" data-gtm-event=\"customEventSPE\">au classement de Pro D2<\/a>\u00a0occup\u00e9e par Vannes depuis la veille.<\/p>\n<p class=\"fig-paragraph\">Il n&rsquo;y a pas eu beaucoup de suspense en Haute-Garonne: les Colum\u00e9rins ont d\u00e9marr\u00e9 fort la partie et menaient 23 \u00e0 0 \u00e0 la mi-temps, gr\u00e2ce notamment aux deux essais inscrits par le N\u00e9o-Z\u00e9landais Caleb Timu, \u00e0 la 22e minute, puis par le jeune demi de m\u00eal\u00e9e Jules Danglot \u00e0 la 35e. Les Agenais ont cru pouvoir r\u00e9agir en inscrivant \u00e0 leur tour un essai \u00e0 la 46e, mais Colomiers a parfaitement g\u00e9r\u00e9 la suite, marquant un 3e et dernier essai par le premi\u00e8re ligne Nicolas Martins (31-5, 74e).<\/p>\n<p>                                    <a class=\"fig-a11y-skip a11y-hidden\" href=\"#fig-a11y-skip-main-inarticle\"><br \/>\n        Passer la publicit\u00e9<br \/>\n    <\/a><\/p>\n<p>Un point d\u2019avance pour Colomiers en t\u00eate<\/p>\n<p class=\"fig-paragraph\">Ce succ\u00e8s permet \u00e0 Colomiers de reprendre la t\u00eate du\u00a0<a href=\"https:\/\/www.lefigaro.fr\/sports\/rugby\/pro-d2\/classement\" target=\"_blank\" rel=\"sponsored noopener\" data-gtm-custom-categorie=\"navigation\" data-gtm-custom-action=\"crossclick\" data-gtm-custom-label=\"Contextuel\" data-gtm-event=\"customEventSPE\">classement<\/a>\u00a0avec un point d&rsquo;avance sur Vannes, vainqueur la veille \u00e0 Dax (16-15), et deux points sur Brive (3e), qui a obtenu une victoire bonifi\u00e9e contre Oyonnax (33-18), tout comme Nevers (4e) face \u00e0 Soyaux-Angoul\u00eame (33-10).<\/p>\n<p class=\"fig-paragraph\">En bas de\u00a0<a href=\"https:\/\/www.lefigaro.fr\/sports\/rugby\/pro-d2\/classement\" target=\"_blank\" rel=\"sponsored noopener\" data-gtm-custom-categorie=\"navigation\" data-gtm-custom-action=\"crossclick\" data-gtm-custom-label=\"Contextuel\" data-gtm-event=\"customEventSPE\">classement<\/a>, Mont-de-Marsan s&rsquo;est inclin\u00e9 pour la cinqui\u00e8me fois en six journ\u00e9es, sur le terrain de Valence-Romans (35-21). Les Montois sont 15e et avant-dernier, juste devant leurs voisins landais de l&rsquo;US Dax. Apr\u00e8s une semaine tr\u00e8s agit\u00e9e en coulisses, et une menace de gr\u00e8ve des joueurs, Grenoble (9e) n&rsquo;a pu arracher que le point du bonus d\u00e9fensif en s&rsquo;inclinant 24-23 \u00e0 domicile face \u00e0 Provence Rugby (7e).<\/p>\n","protected":false},"excerpt":{"rendered":"Colomiers a dispos\u00e9 d\u2019Agen ce vendredi, lors de l\u2019affiche de la sixi\u00e8me journ\u00e9e de Pro D2. Colomiers a&hellip;\n","protected":false},"author":2,"featured_media":437267,"comment_status":"","ping_status":"","sticky":false,"template":"","format":"standard","meta":{"footnotes":""},"categories":[1412],"tags":[1451,1452,1453,1454,1455,1011,27,2308,60],"class_list":{"0":"post-437266","1":"post","2":"type-post","3":"status-publish","4":"format-standard","5":"has-post-thumbnail","7":"category-f1","8":"tag-f1","9":"tag-formula-1","10":"tag-formula1","11":"tag-formule-1","12":"tag-formule1","13":"tag-fr","14":"tag-france","15":"tag-pro-d2","16":"tag-sports"},"share_on_mastodon":{"url":"https:\/\/pubeurope.com\/@fr\/115312715674449709","error":""},"_links":{"self":[{"href":"https:\/\/www.europesays.com\/fr\/wp-json\/wp\/v2\/posts\/437266","targetHints":{"allow":["GET"]}}],"collection":[{"href":"https:\/\/www.europesays.com\/fr\/wp-json\/wp\/v2\/posts"}],"about":[{"href":"https:\/\/www.europesays.com\/fr\/wp-json\/wp\/v2\/types\/post"}],"author":[{"embeddable":true,"href":"https:\/\/www.europesays.com\/fr\/wp-json\/wp\/v2\/users\/2"}],"replies":[{"embeddable":true,"href":"https:\/\/www.europesays.com\/fr\/wp-json\/wp\/v2\/comments?post=437266"}],"version-history":[{"count":0,"href":"https:\/\/www.europesays.com\/fr\/wp-json\/wp\/v2\/posts\/437266\/revisions"}],"wp:featuredmedia":[{"embeddable":true,"href":"https:\/\/www.europesays.com\/fr\/wp-json\/wp\/v2\/media\/437267"}],"wp:attachment":[{"href":"https:\/\/www.europesays.com\/fr\/wp-json\/wp\/v2\/media?parent=437266"}],"wp:term":[{"taxonomy":"category","embeddable":true,"href":"https:\/\/www.europesays.com\/fr\/wp-json\/wp\/v2\/categories?post=437266"},{"taxonomy":"post_tag","embeddable":true,"href":"https:\/\/www.europesays.com\/fr\/wp-json\/wp\/v2\/tags?post=437266"}],"curies":[{"name":"wp","href":"https:\/\/api.w.org\/{rel}","templated":true}]}}