{"id":437270,"date":"2025-10-03T23:00:20","date_gmt":"2025-10-03T23:00:20","guid":{"rendered":"https:\/\/www.europesays.com\/fr\/437270\/"},"modified":"2025-10-03T23:00:20","modified_gmt":"2025-10-03T23:00:20","slug":"psg-3-succes-de-suite-a-barcelone-un-record-maxifoot","status":"publish","type":"post","link":"https:\/\/www.europesays.com\/fr\/437270\/","title":{"rendered":"PSG : 3 succ\u00e8s de suite \u00e0 Barcelone, un record &#8211; Maxifoot"},"content":{"rendered":"<ol>\n<li><a href=\"https:\/\/news.google.com\/rss\/articles\/CBMiiwFBVV95cUxNYnNTVmx6U3Z6UjEyVUZybFhyLW1sTmxSRXVxSGhBaWFaUXJTNTBRU0NHdWlKUnN5YUlxV3puM2Y3REdheUhlN2ZNQVR1MmQ4ak5nanJjOUE3VXg3VkhwTkUtTlBib29UODNiU05mWWQ2VW9mX0h2MXF3R2dxVklXYVpQaXBMYW1xR1800gGLAUFVX3lxTFBZVXRtM3gxLTI3bHlxTEpYNWFKRjQycFMtd2xrRGFjajdrX2ticFJoNFZ5bmh6NHllOEh3OTE1Z0FYNHMybW9NVnR2N3c1WWNHUGtaT1F1VjFPVG85akl0bjJVQnl0ZlBXXzVPMmZEQmJObkRHdVlFOGpveE9tNER5V01rczdOa0pzYkk?oc=5\" target=\"_blank\" rel=\"noopener\">PSG : 3 succ\u00e8s de suite \u00e0 Barcelone, un record<\/a>&nbsp;&nbsp;Maxifoot<\/li>\n<li><a href=\"https:\/\/news.google.com\/rss\/articles\/CBMikwJBVV95cUxPNDRFaVB2bnFHcm95Nzg0Mlh2dURsd2QzQTRPNnBkUm5LUmF5dERTN0lVYTlaUFYwaHRvX0NrVFBvVGdYQ19FZnpXOGhpeW5ManNjc2QzWnV2N3ZIaWhBM1JvTDlkS2k3My00akVBQkp5V2s1OFRYbkY4OGVkb1BTdEhrNmJPd1N0RmN0VXpJV2ZnX2RhVTBCRUYyUGdWelRHd0FtM2RvejNXQUdFcTRTa3kzQUlfN1ZyR296aXphVkdVVHM5SUVlVVVKU2VhU0VkRGVtb2VyZFZNalB5SUdJWDIwYjBpNHNxVmdxaHFLQm5XM0pUWDBKdGRUcUM2eWpEblUtalpRLWtZMklTQUdad3R0dw?oc=5\" target=\"_blank\" rel=\"noopener\">\u00ab Un champion avec un grand C \u00bb : la presse espagnole loue le PSG mais estime que Nuno Mendes aurait d\u00fb \u00eatre expuls\u00e9 en Ligue des champions<\/a>&nbsp;&nbsp;L&rsquo;\u00c9quipe<\/li>\n<li><a href=\"https:\/\/news.google.com\/rss\/articles\/CBMiigJBVV95cUxPYlFvLVAwRGFfVzZURjgyVkM2RzJQOFEtSEpjc1I2M1ZhNUMxOVJ4ak1DaHlkVUhYSVRmR2NQbkVHQUhtdWQzakEwamVaSC1TNVNMdmNqbXpDVDV5dDNXZ01Sc3RReTdKMGpQTWhXc05Nd1lLWm92TkJhRXBCYTU2N3F1d1dxaU5Wb1ZMVnhjMkNQTmJmMGNqOU9QZl9LVGdvVGl4azJlS0ZqNWdydWstRjhtUW1Sd1hJc0FyX3o3Y1VyYWpROWlfNFJvYVUtT3dFQUJ0MWozbHBxamdXY01vU2pGLW9IRWNjMklSVlh1cHZ0dmtoTVI5bDVzYjVhZUNRRmdWLVVmYmtVZw?oc=5\" target=\"_blank\" rel=\"noopener\">\u00ab\u00a0Ils ont r\u00e9duit le stade au silence\u00a0\u00bb: les Catalans impressionn\u00e9s par les supporters du PSG face au Bar\u00e7a<\/a>&nbsp;&nbsp;RMC Sport<\/li>\n<li><a href=\"https:\/\/news.google.com\/rss\/articles\/CBMiqwJBVV95cUxQX09sTVlBUTZ3bGt0V2g0WWZpODdxRVlTaHhJaExSdHViSW9ZdGpRazc1RUx1MmRxcjd0b21IMlBTN0ZIQlFtQ3dpcktIX1NvaS04aGdsaUZDRkJKNm9wVXFDYVlpb2o2VTR6eUVnZ2hYR3NEVHNXR2tlaGN1cWZ2V3dKSk9WYVlENU9tYkpxTWlsa1U0d2VkQjFiVXhhck1LOUJrbEIwbkNVMk1WbDlacm9XUzctN0RNSm9UOGNjb0dZUzlLcU5fZjBXaGFFbjBlS2JndG44bEFveUExQUN0Wmh6bFRYQkh0bFlDSm5mMmQtVnNrVl9EZTNudktiV1c2dlJSVkZpTTcxaFJzZUhvNmdrWkt5VEdDZXgwdUJLcXE4LXlJQzM3cmx4aw?oc=5\" target=\"_blank\" rel=\"noopener\">Barcelone-PSG : r\u00e9chauffement avec Laporta , joie pure, Lewandowski \u00e9logieux, larmes de Luis Enrique\u2026 Les coulisses d\u2019un succ\u00e8s qui fera date<\/a>&nbsp;&nbsp;Le Figaro<\/li>\n<li><a href=\"https:\/\/news.google.com\/rss\/articles\/CBMi9gFBVV95cUxNZmRSeHVLdDhVdzZxbWxtUnd5YjB5WVl3emtqeWtKdHV0UEdYRXhLTTZzYmUxdzhxVmt0NDhYSTkzTXh2QlgxY3RJQ2djMWhWWXVGdUxNTkxlMXFyZW4yRmtPd3dYemtPc2IzTnVtQWVNUzhIZmR3blJmalR2bk1ueXJ0NWo2RElUTy1WVGFPWVBidUpyMDUxU3hINEItZ1IyUzc0bHhIYnJBWUFSQ0VZVDZmZTY3WXR0SWFlU3RHZXpUTW04RFViRWdlT3BiT1Zfb05mclJCZmI5VUMzNWFZSW5Ebm9oTElXeTZQNGpjOE9WVW9nR3fSAfQBQVVfeXFMTkdVODNjbUIzQzBZek5nQVp4SkVOM1N4Y1F6bmZDM2NpLXB6ZG03S2ZwV1Q2SkgtdGZUbUdCa3VPZXVGYkptdjV5UFU3R3FhX0F0OGdFXzJtTlVHTm85bW4wRExRS3oyaVp4T2wxeVBQRHpZdXZ6ZWVrbHhIZ1FiLXJJLTBQVGxjZkNKWllBdndkckxxQjc4TUluWnR0Tk9pcmFQT19paGtYZHVxUkZWbE5FakphcHVlQWZpU1VZclBkcTBieldyck9lVHdNVDJud2VCSkdkR2thMjByeGR2VTg0bkM3NlBVY28zclN5RktqWEZwVw?oc=5\" target=\"_blank\" rel=\"noopener\">Ligue des champions (J2) : Comment le PSG est entr\u00e9 dans l&rsquo;histoire \u00e0 Barcelone<\/a>&nbsp;&nbsp;Orange Actualit\u00e9s | Sports<\/li>\n<\/ol>\n","protected":false},"excerpt":{"rendered":"PSG : 3 succ\u00e8s de suite \u00e0 Barcelone, un record&nbsp;&nbsp;Maxifoot \u00ab Un champion avec un grand C \u00bb&hellip;\n","protected":false},"author":2,"featured_media":437271,"comment_status":"","ping_status":"","sticky":false,"template":"","format":"standard","meta":{"footnotes":""},"categories":[1410],"tags":[2266,2262,2261,1981,83,2260,451,2263,462,2269,2257,63,1011,27,2265,1441,453,66,447,2267,955,2268,241,149,70,1817,93,2264,2258,2259,60,969,455],"class_list":{"0":"post-437270","1":"post","2":"type-post","3":"status-publish","4":"format-standard","5":"has-post-thumbnail","7":"category-football","8":"tag-as-monaco","9":"tag-bundesligua","10":"tag-calcio","11":"tag-classement","12":"tag-coupe-de-france","13":"tag-coupe-de-la-ligue","14":"tag-coupe-du-monde","15":"tag-equipe","16":"tag-fc-nantes","17":"tag-fifa","18":"tag-foot","19":"tag-football","20":"tag-fr","21":"tag-france","22":"tag-girondins-bordeaux","23":"tag-joueur","24":"tag-liga","25":"tag-ligue-1","26":"tag-ligue-des-champions","27":"tag-losc","28":"tag-match","29":"tag-ogc-nice","30":"tag-ol","31":"tag-om","32":"tag-premier-league","33":"tag-pronostic","34":"tag-psg","35":"tag-rc-lens","36":"tag-resultat","37":"tag-score","38":"tag-sports","39":"tag-transfert","40":"tag-uefa"},"share_on_mastodon":{"url":"https:\/\/pubeurope.com\/@fr\/115312723528292363","error":""},"_links":{"self":[{"href":"https:\/\/www.europesays.com\/fr\/wp-json\/wp\/v2\/posts\/437270","targetHints":{"allow":["GET"]}}],"collection":[{"href":"https:\/\/www.europesays.com\/fr\/wp-json\/wp\/v2\/posts"}],"about":[{"href":"https:\/\/www.europesays.com\/fr\/wp-json\/wp\/v2\/types\/post"}],"author":[{"embeddable":true,"href":"https:\/\/www.europesays.com\/fr\/wp-json\/wp\/v2\/users\/2"}],"replies":[{"embeddable":true,"href":"https:\/\/www.europesays.com\/fr\/wp-json\/wp\/v2\/comments?post=437270"}],"version-history":[{"count":0,"href":"https:\/\/www.europesays.com\/fr\/wp-json\/wp\/v2\/posts\/437270\/revisions"}],"wp:featuredmedia":[{"embeddable":true,"href":"https:\/\/www.europesays.com\/fr\/wp-json\/wp\/v2\/media\/437271"}],"wp:attachment":[{"href":"https:\/\/www.europesays.com\/fr\/wp-json\/wp\/v2\/media?parent=437270"}],"wp:term":[{"taxonomy":"category","embeddable":true,"href":"https:\/\/www.europesays.com\/fr\/wp-json\/wp\/v2\/categories?post=437270"},{"taxonomy":"post_tag","embeddable":true,"href":"https:\/\/www.europesays.com\/fr\/wp-json\/wp\/v2\/tags?post=437270"}],"curies":[{"name":"wp","href":"https:\/\/api.w.org\/{rel}","templated":true}]}}