{"id":437276,"date":"2025-10-03T23:03:14","date_gmt":"2025-10-03T23:03:14","guid":{"rendered":"https:\/\/www.europesays.com\/fr\/437276\/"},"modified":"2025-10-03T23:03:14","modified_gmt":"2025-10-03T23:03:14","slug":"champagnole-son-livre-de-notes-ecrit-durant-le-covid-est-un-succes","status":"publish","type":"post","link":"https:\/\/www.europesays.com\/fr\/437276\/","title":{"rendered":"Champagnole. Son livre de notes \u00e9crit durant le\u00a0Covid est un succ\u00e8s"},"content":{"rendered":"<p>Notes pour plus tard. C\u2019est le titre du livre qu\u2019Eva Ferrand vient tout juste de sortir, un titre qui fait directement \u00e9cho \u00e0 ce que l\u2019on peut d\u00e9couvrir dedans.<\/p>\n<p>Ce livre est un recueil de pens\u00e9es, de r\u00e9flexions, qui ont pour source les passions de la jeune autrice de 26 ans\u00a0: la nature et les chevaux en premier lieu. C\u2019est aussi le reflet de ce qu\u2019Eva Ferrand vivait en m\u00eame temps qu\u2019elle \u00e9crivait.<\/p>\n<p>\u00ab\u00a0J\u2019ai commenc\u00e9 \u00e0 \u00e9crire des notes au moment du Covid. Au d\u00e9part, c\u2019\u00e9tait pour me vider la t\u00eate puis je l\u2019ai fait de plus en plus&#8230;<\/p>\n","protected":false},"excerpt":{"rendered":"Notes pour plus tard. C\u2019est le titre du livre qu\u2019Eva Ferrand vient tout juste de sortir, un titre&hellip;\n","protected":false},"author":2,"featured_media":437277,"comment_status":"","ping_status":"","sticky":false,"template":"","format":"standard","meta":{"footnotes":""},"categories":[1357],"tags":[1379,33022,33023,1687,58,2274,59,1011,27,1380,2410],"class_list":{"0":"post-437276","1":"post","2":"type-post","3":"status-publish","4":"format-standard","5":"has-post-thumbnail","7":"category-livres","8":"tag-books","9":"tag-champagnole","10":"tag-champagnole-bassin","11":"tag-culture-loisirs","12":"tag-divertissement","13":"tag-edition-jura-sud","14":"tag-entertainment","15":"tag-fr","16":"tag-france","17":"tag-livres","18":"tag-livres-bd"},"share_on_mastodon":{"url":"https:\/\/pubeurope.com\/@fr\/115312735424847329","error":""},"_links":{"self":[{"href":"https:\/\/www.europesays.com\/fr\/wp-json\/wp\/v2\/posts\/437276","targetHints":{"allow":["GET"]}}],"collection":[{"href":"https:\/\/www.europesays.com\/fr\/wp-json\/wp\/v2\/posts"}],"about":[{"href":"https:\/\/www.europesays.com\/fr\/wp-json\/wp\/v2\/types\/post"}],"author":[{"embeddable":true,"href":"https:\/\/www.europesays.com\/fr\/wp-json\/wp\/v2\/users\/2"}],"replies":[{"embeddable":true,"href":"https:\/\/www.europesays.com\/fr\/wp-json\/wp\/v2\/comments?post=437276"}],"version-history":[{"count":0,"href":"https:\/\/www.europesays.com\/fr\/wp-json\/wp\/v2\/posts\/437276\/revisions"}],"wp:featuredmedia":[{"embeddable":true,"href":"https:\/\/www.europesays.com\/fr\/wp-json\/wp\/v2\/media\/437277"}],"wp:attachment":[{"href":"https:\/\/www.europesays.com\/fr\/wp-json\/wp\/v2\/media?parent=437276"}],"wp:term":[{"taxonomy":"category","embeddable":true,"href":"https:\/\/www.europesays.com\/fr\/wp-json\/wp\/v2\/categories?post=437276"},{"taxonomy":"post_tag","embeddable":true,"href":"https:\/\/www.europesays.com\/fr\/wp-json\/wp\/v2\/tags?post=437276"}],"curies":[{"name":"wp","href":"https:\/\/api.w.org\/{rel}","templated":true}]}}