{"id":437300,"date":"2025-10-03T23:17:14","date_gmt":"2025-10-03T23:17:14","guid":{"rendered":"https:\/\/www.europesays.com\/fr\/437300\/"},"modified":"2025-10-03T23:17:14","modified_gmt":"2025-10-03T23:17:14","slug":"un-jeune-interpelle-lors-de-la-manifestation-du-2-octobre-a-nancy","status":"publish","type":"post","link":"https:\/\/www.europesays.com\/fr\/437300\/","title":{"rendered":"un jeune interpell\u00e9 lors de la manifestation du 2 octobre \u00e0 Nancy"},"content":{"rendered":"<p>            Par<br \/>\n        <strong><br \/>\n            <a href=\"https:\/\/actu.fr\/auteur\/pierre-emile-bouchy-actu-fr\" title=\"Consulter tous les articles de Paul-Emile Bouchy\" target=\"_blank\" rel=\"noopener\">Paul-Emile Bouchy<\/a><br \/>\n        <\/strong><\/p>\n<p>        Publi\u00e9 le<\/p>\n<p>            3 oct. 2025 \u00e0 18h46        <\/p>\n<p>Jeudi 2\u00a0octobre, <a href=\"https:\/\/actu.fr\/grand-est\/nancy_54395\/greve-du-2-octobre-a-nancy-on-connait-l-heure-et-le-parcours-de-la-manifestation-jeudi_63229973.html\" target=\"_blank\" rel=\"noopener\">une nouvelle manifestation avait lieu dans le centre-ville<\/a> de <strong>Nancy<\/strong> (Meurthe-et-Moselle) \u00e0 la suite de<a href=\"https:\/\/actu.fr\/societe\/une-nouvelle-greve-prevue-le-2-octobre-vers-une-mobilisation-plus-dure_63211137.html\" target=\"_blank\" rel=\"noopener\"> l\u2019appel \u00e0 la gr\u00e8ve des organisations syndicales<\/a> partout en France.<\/p>\n<p class=\" wall-content\">D\u00e8s le d\u00e9but de la manifestation, \u00e0 14h, <strong>un \u00e9tudiant de 19\u00a0ans a \u00e9t\u00e9 interpell\u00e9 place Saint-Epvre<\/strong> <strong>pour avoir scand\u00e9 des slogans anti-police<\/strong>.<\/p>\n<p>L\u2019\u00e9tudiant ne reconna\u00eet pas les paroles prononc\u00e9es<\/p>\n<p class=\" wall-content\">D\u2019apr\u00e8s la police, le jeune homme aurait cri\u00e9 dans son m\u00e9gaphone <strong>\u00ab\u2009un flic, une balle\u2009: justice sociale\u2009\u00bb<\/strong> et <strong>des slogans comme \u00ab\u2009ACAB\u2009\u00bb (\u00ab<\/strong><strong>All cops are bastards\u2009\u00bb)<\/strong>.<\/p>\n<p class=\" wall-content\">Imm\u00e9diatement, les policiers pr\u00e9sents l\u2019interpellent et l\u2019\u00e9tudiant se rebelle avant d\u2019\u00eatre <strong>plac\u00e9 en garde \u00e0 vue<\/strong>.<\/p>\n<p class=\" wall-content\">Inconnu des services de police, <strong>il ne reconna\u00eet pas les faits<\/strong>. Il a \u00e9t\u00e9 pr\u00e9sent\u00e9 devant la Justice ce vendredi.<\/p>\n<p class=\" wall-content\">Personnalisez votre actualit\u00e9 en ajoutant vos villes et m\u00e9dias en favori avec <a href=\"https:\/\/moncompte.actu.fr\" title=\"D\u00e9couvez Mon Actu\" rel=\"nofollow noopener\" data-trk=\"{&quot;cta&quot;:{&quot;action&quot;:&quot;https:\\\/\\\/moncompte.actu.fr&quot;,&quot;category&quot;:&quot;mon compte&quot;,&quot;from&quot;:&quot;article footer&quot;,&quot;name&quot;:&quot;Mon actu&quot;,&quot;type&quot;:&quot;cta&quot;}}\" target=\"_blank\">Mon Actu<\/a>.<\/p>\n","protected":false},"excerpt":{"rendered":"Par Paul-Emile Bouchy Publi\u00e9 le 3 oct. 2025 \u00e0 18h46 Jeudi 2\u00a0octobre, une nouvelle manifestation avait lieu dans&hellip;\n","protected":false},"author":2,"featured_media":437301,"comment_status":"","ping_status":"","sticky":false,"template":"","format":"standard","meta":{"footnotes":""},"categories":[9635],"tags":[1111,11,1777,674,118,1011,27,775,54872,1272,1702,12,1072,25],"class_list":{"0":"post-437300","1":"post","2":"type-post","3":"status-publish","4":"format-standard","5":"has-post-thumbnail","7":"category-nancy","8":"tag-actu","9":"tag-actualites","10":"tag-eu","11":"tag-europe","12":"tag-faits-divers","13":"tag-fr","14":"tag-france","15":"tag-grand-est","16":"tag-greve-du-2-octobre-2025","17":"tag-manifestations","18":"tag-nancy","19":"tag-news","20":"tag-police","21":"tag-republique-francaise"},"share_on_mastodon":{"url":"https:\/\/pubeurope.com\/@fr\/115312790391061323","error":""},"_links":{"self":[{"href":"https:\/\/www.europesays.com\/fr\/wp-json\/wp\/v2\/posts\/437300","targetHints":{"allow":["GET"]}}],"collection":[{"href":"https:\/\/www.europesays.com\/fr\/wp-json\/wp\/v2\/posts"}],"about":[{"href":"https:\/\/www.europesays.com\/fr\/wp-json\/wp\/v2\/types\/post"}],"author":[{"embeddable":true,"href":"https:\/\/www.europesays.com\/fr\/wp-json\/wp\/v2\/users\/2"}],"replies":[{"embeddable":true,"href":"https:\/\/www.europesays.com\/fr\/wp-json\/wp\/v2\/comments?post=437300"}],"version-history":[{"count":0,"href":"https:\/\/www.europesays.com\/fr\/wp-json\/wp\/v2\/posts\/437300\/revisions"}],"wp:featuredmedia":[{"embeddable":true,"href":"https:\/\/www.europesays.com\/fr\/wp-json\/wp\/v2\/media\/437301"}],"wp:attachment":[{"href":"https:\/\/www.europesays.com\/fr\/wp-json\/wp\/v2\/media?parent=437300"}],"wp:term":[{"taxonomy":"category","embeddable":true,"href":"https:\/\/www.europesays.com\/fr\/wp-json\/wp\/v2\/categories?post=437300"},{"taxonomy":"post_tag","embeddable":true,"href":"https:\/\/www.europesays.com\/fr\/wp-json\/wp\/v2\/tags?post=437300"}],"curies":[{"name":"wp","href":"https:\/\/api.w.org\/{rel}","templated":true}]}}