{"id":437317,"date":"2025-10-03T23:26:15","date_gmt":"2025-10-03T23:26:15","guid":{"rendered":"https:\/\/www.europesays.com\/fr\/437317\/"},"modified":"2025-10-03T23:26:15","modified_gmt":"2025-10-03T23:26:15","slug":"pro-d2-provence-simpose-en-costaud-a-grenoble","status":"publish","type":"post","link":"https:\/\/www.europesays.com\/fr\/437317\/","title":{"rendered":"Pro D2 : Provence s&rsquo;impose en costaud \u00e0 Grenoble"},"content":{"rendered":"<p>La semaine agit\u00e9e de Grenoble s&rsquo;est d\u00e9j\u00e0 <a href=\"https:\/\/www.laprovence.com\/article\/sports\/4476728976468214\/rugby-pro-d2-les-joueurs-de-grenoble-en-greve-pour-le-match-face-a-provence-rugby\" target=\"_blank\" rel=\"noopener\">achev\u00e9e comme elle avait commenc\u00e9<\/a>. Par le doute apr\u00e8s une premi\u00e8re d\u00e9faite \u00e0 la maison face \u00e0 Provence Rugby (23-24). Alors si le cas de Nicolas Nadau n&rsquo;est pas encore r\u00e9gl\u00e9 apr\u00e8s le coup de sang du pr\u00e9sident is\u00e9rois Patrick Goffi d&rsquo;\u00e9carter provisoirement l&rsquo;entra\u00eeneur des lignes arri\u00e8res, sur le terrain, Aix en a profit\u00e9 pour d\u00e9bloquer son compteur de victoire \u00e0 l&rsquo;ext\u00e9rieur avec ce premier succ\u00e8s de prestige.<\/p>\n<p>Et m\u00eame si Romain Trouilloud a eu dans les pieds la p\u00e9nalit\u00e9 de la gagne \u00e0 2 minutes de la fin, <a href=\"https:\/\/www.laprovence.com\/article\/sports\/3165622341186914\/rugby-pro-d2-aix-se-rassure-un-peu-avec-un-bonus-sur-la-pelouse-de-dax\" target=\"_blank\" rel=\"noopener\">la belle op\u00e9ration est proven\u00e7ale<\/a>. Pour Aix, on savait que cette rocambolesque histoire\u00a0de gr\u00e8ve pouvait se transformer en effet boomerang. Et \u00e0 vrai dire, hier soir, les hommes de Philippe Saint-Andr\u00e9 se sont focalis\u00e9s sur eux-m\u00eames et leur jeu. Moins de folie, plus de pragmatisme (15 points au pied) et surtout un travail de sape des avants, notamment des entrants comme\u00a0Taofifenua, Latterrade, Yemsi payant en fin de match.<\/p>\n<p>Premier carton orange contre Aix<\/p>\n<p>Alors que les Proven\u00e7aux \u00e9taient bien entr\u00e9s\u00a0dans le match en menant les d\u00e9bats dans tous les secteurs (6-8), un placage dangereux d&rsquo;Andres Zafra a failli plomber toutes les bonnes volont\u00e9s av&#8230;<\/p>\n","protected":false},"excerpt":{"rendered":"La semaine agit\u00e9e de Grenoble s&rsquo;est d\u00e9j\u00e0 achev\u00e9e comme elle avait commenc\u00e9. Par le doute apr\u00e8s une premi\u00e8re&hellip;\n","protected":false},"author":2,"featured_media":437318,"comment_status":"","ping_status":"","sticky":false,"template":"","format":"standard","meta":{"footnotes":""},"categories":[9566],"tags":[17,1111,11,2430,56472,1777,674,1011,27,2731,12,3788,1186,25,479,29263,60],"class_list":{"0":"post-437317","1":"post","2":"type-post","3":"status-publish","4":"format-standard","5":"has-post-thumbnail","7":"category-grenoble","8":"tag-17","9":"tag-actu","10":"tag-actualites","11":"tag-auvergne-rhone-alpes","12":"tag-costaud","13":"tag-eu","14":"tag-europe","15":"tag-fr","16":"tag-france","17":"tag-grenoble","18":"tag-news","19":"tag-pro","20":"tag-provence","21":"tag-republique-francaise","22":"tag-rugby","23":"tag-simpose","24":"tag-sports"},"share_on_mastodon":{"url":"https:\/\/pubeurope.com\/@fr\/115312825686402863","error":""},"_links":{"self":[{"href":"https:\/\/www.europesays.com\/fr\/wp-json\/wp\/v2\/posts\/437317","targetHints":{"allow":["GET"]}}],"collection":[{"href":"https:\/\/www.europesays.com\/fr\/wp-json\/wp\/v2\/posts"}],"about":[{"href":"https:\/\/www.europesays.com\/fr\/wp-json\/wp\/v2\/types\/post"}],"author":[{"embeddable":true,"href":"https:\/\/www.europesays.com\/fr\/wp-json\/wp\/v2\/users\/2"}],"replies":[{"embeddable":true,"href":"https:\/\/www.europesays.com\/fr\/wp-json\/wp\/v2\/comments?post=437317"}],"version-history":[{"count":0,"href":"https:\/\/www.europesays.com\/fr\/wp-json\/wp\/v2\/posts\/437317\/revisions"}],"wp:featuredmedia":[{"embeddable":true,"href":"https:\/\/www.europesays.com\/fr\/wp-json\/wp\/v2\/media\/437318"}],"wp:attachment":[{"href":"https:\/\/www.europesays.com\/fr\/wp-json\/wp\/v2\/media?parent=437317"}],"wp:term":[{"taxonomy":"category","embeddable":true,"href":"https:\/\/www.europesays.com\/fr\/wp-json\/wp\/v2\/categories?post=437317"},{"taxonomy":"post_tag","embeddable":true,"href":"https:\/\/www.europesays.com\/fr\/wp-json\/wp\/v2\/tags?post=437317"}],"curies":[{"name":"wp","href":"https:\/\/api.w.org\/{rel}","templated":true}]}}