{"id":437319,"date":"2025-10-03T23:28:30","date_gmt":"2025-10-03T23:28:30","guid":{"rendered":"https:\/\/www.europesays.com\/fr\/437319\/"},"modified":"2025-10-03T23:28:30","modified_gmt":"2025-10-03T23:28:30","slug":"une-ecole-confinee-apres-le-signalement-dindividus-potentiellement-armes-2","status":"publish","type":"post","link":"https:\/\/www.europesays.com\/fr\/437319\/","title":{"rendered":"Une \u00e9cole confin\u00e9e apr\u00e8s le signalement d\u2019individus potentiellement arm\u00e9s"},"content":{"rendered":"<p class=\"mb-4 text-lg md:leading-8 break-words\"><strong>prudence &#8211; Les forces de police ont \u00e9t\u00e9 d\u00e9ploy\u00e9es autour de l\u2019\u00e9cole Tr\u00e9gain, dans le quartier de Maurepas<\/strong><\/p>\n<p class=\"mb-4 text-lg md:leading-8 break-words\">Les \u00e9l\u00e8ves de l\u2019\u00e9cole Tr\u00e9gain, \u00e0 Rennes, ont \u00e9t\u00e9 confin\u00e9s ce vendredi matin, a-t-on appris de sources concordantes, confirmant les informations du T\u00e9l\u00e9gramme. Elle est situ\u00e9e au c\u0153ur du quartier populaire de Maurepas, dans le nord de la capitale bretonne.<\/p>\n<p class=\"mb-4 text-lg md:leading-8 break-words\">Contact\u00e9 par 20 Minutes, le rectorat pr\u00e9cise que \u00ab\u00a0l\u2019\u00e9cole a \u00e9t\u00e9 bri\u00e8vement plac\u00e9e en confinement par mesure de pr\u00e9caution, suite au signalement de trois individus dans le quartier\u00a0\u00bb.\u00a0Ni la municipalit\u00e9, ni le rectorat ne sont en mesure de confirmer si les hommes \u00e9taient arm\u00e9s.<\/p>\n<p>Les \u00e9l\u00e8ves \u00ab\u00a0n\u2019ont \u00e9t\u00e9 expos\u00e9s \u00e0 aucun danger\u00a0\u00bb<\/p>\n<p class=\"mb-4 text-lg md:leading-8 break-words\">D\u2019apr\u00e8s la police, ce sont des habitants du secteur qui ont donn\u00e9 l\u2019alerte, s\u2019inqui\u00e9tant de la pr\u00e9sence de plusieurs individus. \u00c9taient-ils arm\u00e9s\u00a0? On ne le saura pas. \u00ab\u00a0Les \u00e9l\u00e8ves \u00e9taient en classe au moment des faits et n\u2019ont \u00e9t\u00e9 expos\u00e9s \u00e0 aucun danger ni t\u00e9moin de la sc\u00e8ne\u00a0\u00bb, assure le rectorat, qui pr\u00e9cise que le confinement a \u00e9t\u00e9 lev\u00e9 en fin de matin\u00e9e.<\/p>\n<p class=\"mb-4 text-lg md:leading-8 break-words\">Pr\u00e9sente sur les lieux, la police a effectu\u00e9 des recherches et a \u00ab\u00a0s\u00e9curis\u00e9 la zone\u00a0\u00bb. Il n\u2019y a, \u00e0 ce stade, pas eu d\u2019interpellation. Gangren\u00e9 par le trafic de drogue, Maurepas a parfois \u00e9t\u00e9 <a href=\"https:\/\/www.20minutes.fr\/faits_divers\/faits-divers-rennes\/4160067-20250624-rennes-116-gendarmes-15-interpellations-9-armes-feu-reseau-trafiquants-tombe-maurepas?at_medium=RSS%20feed&amp;at_campaign=ynews&amp;utm_source=yahoo&amp;utm_medium=rss&amp;utm_campaign=news_feed&amp;utm_content=in_article_link\" rel=\"nofollow noopener\" target=\"_blank\" data-ylk=\"slk:le th\u00e9\u00e2tre de violents r\u00e8glements de compte;elm:context_link;itc:0;sec:content-canvas\" class=\"link \">le th\u00e9\u00e2tre de violents r\u00e8glements de compte<\/a>s. Dans la nuit de lundi \u00e0 mardi, des tirs <a href=\"https:\/\/www.ouest-france.fr\/faits-divers\/trafic\/tirs-en-rafale-dans-le-quartier-de-maurepas-a-rennes-une-dizaine-dimpacts-deux-interpellations-92794f9e-9df3-11f0-9269-ac82a639081c?at_medium=RSS%20feed&amp;at_campaign=ynews&amp;utm_source=yahoo&amp;utm_medium=rss&amp;utm_campaign=news_feed&amp;utm_content=in_article_link\" rel=\"nofollow noopener\" target=\"_blank\" data-ylk=\"slk:avaient retenti en pleine nuit;elm:context_link;itc:0;sec:content-canvas\" class=\"link \">avaient retenti en pleine nuit<\/a>. Plusieurs impacts de balles avaient \u00e9t\u00e9 retrouv\u00e9s notamment dans des vitres de l\u2019all\u00e9e de Brno. Plusieurs personnes avaient \u00e9t\u00e9 interpell\u00e9es. D\u2019apr\u00e8s nos informations, elles ont \u00e9t\u00e9 remises en libert\u00e9.<\/p>\n<p>L\u2019\u00e9cole sera enti\u00e8rement ras\u00e9e<\/p>\n<p class=\"mb-4 text-lg md:leading-8 break-words\">L\u2019\u00e9cole Tr\u00e9g(&#8230;)<\/p>\n<p class=\"mb-4 text-lg md:leading-8 break-words\"><a href=\"https:\/\/www.20minutes.fr\/faits_divers\/faits-divers-rennes\/4176983-20251003-rennes-ecole-confinee-apres-signalement-individus-potentiellement-armes?at_medium=RSS%20feed&amp;at_campaign=ynews&amp;utm_source=yahoo&amp;utm_medium=rss&amp;utm_campaign=news_feed&amp;utm_content=read_more_link&quot;\" rel=\"nofollow noopener\" target=\"_blank\" data-ylk=\"slk:Lire la suite sur 20minutes;elm:context_link;itc:0;sec:content-canvas\" class=\"link \">Lire la suite sur 20minutes<\/a><\/p>\n<p>\u00c0 lire aussi :<br \/><a href=\"https:\/\/www.20minutes.fr\/societe\/4176719-20251002-ca-aucun-sens-pourquoi-aesh-elles-licenciees-alors-tant-enfants-besoin?at_medium=RSS%20feed&amp;at_campaign=ynews&amp;utm_source=yahoo&amp;utm_medium=rss&amp;utm_campaign=news_feed&amp;utm_content=related_content_link\" rel=\"nofollow noopener\" target=\"_blank\" data-ylk=\"slk:\u00ab\u00a0\u00c7a n\u2019a aucun sens\u00a0\u00bb\u2026 Pourquoi des AESH sont-elles licenci\u00e9es alors que tant d\u2019enfants en ont besoin\u00a0?;elm:context_link;itc:0;sec:content-canvas\" class=\"link \">\u00ab\u00a0\u00c7a n\u2019a aucun sens\u00a0\u00bb\u2026 Pourquoi des AESH sont-elles licenci\u00e9es alors que tant d\u2019enfants en ont besoin\u00a0?<\/a><br \/><a href=\"https:\/\/www.20minutes.fr\/faits_divers\/faits-divers-rennes\/4176346-20251001-rennes-adolescent-13-ans-blesse-couteau-plein-apres-midi-pres-metro?at_medium=RSS%20feed&amp;at_campaign=ynews&amp;utm_source=yahoo&amp;utm_medium=rss&amp;utm_campaign=news_feed&amp;utm_content=related_content_link\" rel=\"nofollow noopener\" target=\"_blank\" data-ylk=\"slk:Rennes\u00a0: Un adolescent de 13 ans bless\u00e9 au couteau en plein apr\u00e8s-midi pr\u00e8s du m\u00e9tro;elm:context_link;itc:0;sec:content-canvas\" class=\"link \">Rennes\u00a0: Un adolescent de 13 ans bless\u00e9 au couteau en plein apr\u00e8s-midi pr\u00e8s du m\u00e9tro<\/a><\/p>\n","protected":false},"excerpt":{"rendered":"prudence &#8211; Les forces de police ont \u00e9t\u00e9 d\u00e9ploy\u00e9es autour de l\u2019\u00e9cole Tr\u00e9gain, dans le quartier de Maurepas&hellip;\n","protected":false},"author":2,"featured_media":437320,"comment_status":"","ping_status":"","sticky":false,"template":"","format":"standard","meta":{"footnotes":""},"categories":[2821],"tags":[1111,11,829,1777,674,1011,27,4112,18250,22320,12,584,25],"class_list":{"0":"post-437319","1":"post","2":"type-post","3":"status-publish","4":"format-standard","5":"has-post-thumbnail","7":"category-rennes","8":"tag-actu","9":"tag-actualites","10":"tag-bretagne","11":"tag-eu","12":"tag-europe","13":"tag-fr","14":"tag-france","15":"tag-lecole","16":"tag-le-quartier","17":"tag-maurepas","18":"tag-news","19":"tag-rennes","20":"tag-republique-francaise"},"share_on_mastodon":{"url":"https:\/\/pubeurope.com\/@fr\/115312833672218912","error":""},"_links":{"self":[{"href":"https:\/\/www.europesays.com\/fr\/wp-json\/wp\/v2\/posts\/437319","targetHints":{"allow":["GET"]}}],"collection":[{"href":"https:\/\/www.europesays.com\/fr\/wp-json\/wp\/v2\/posts"}],"about":[{"href":"https:\/\/www.europesays.com\/fr\/wp-json\/wp\/v2\/types\/post"}],"author":[{"embeddable":true,"href":"https:\/\/www.europesays.com\/fr\/wp-json\/wp\/v2\/users\/2"}],"replies":[{"embeddable":true,"href":"https:\/\/www.europesays.com\/fr\/wp-json\/wp\/v2\/comments?post=437319"}],"version-history":[{"count":0,"href":"https:\/\/www.europesays.com\/fr\/wp-json\/wp\/v2\/posts\/437319\/revisions"}],"wp:featuredmedia":[{"embeddable":true,"href":"https:\/\/www.europesays.com\/fr\/wp-json\/wp\/v2\/media\/437320"}],"wp:attachment":[{"href":"https:\/\/www.europesays.com\/fr\/wp-json\/wp\/v2\/media?parent=437319"}],"wp:term":[{"taxonomy":"category","embeddable":true,"href":"https:\/\/www.europesays.com\/fr\/wp-json\/wp\/v2\/categories?post=437319"},{"taxonomy":"post_tag","embeddable":true,"href":"https:\/\/www.europesays.com\/fr\/wp-json\/wp\/v2\/tags?post=437319"}],"curies":[{"name":"wp","href":"https:\/\/api.w.org\/{rel}","templated":true}]}}