{"id":437333,"date":"2025-10-03T23:35:24","date_gmt":"2025-10-03T23:35:24","guid":{"rendered":"https:\/\/www.europesays.com\/fr\/437333\/"},"modified":"2025-10-03T23:35:24","modified_gmt":"2025-10-03T23:35:24","slug":"etre-un-enfant-au-debut-du-xixe-siecle","status":"publish","type":"post","link":"https:\/\/www.europesays.com\/fr\/437333\/","title":{"rendered":"\u00catre un enfant au d\u00e9but du XIXe\u00a0si\u00e8cle"},"content":{"rendered":"<p>Courez-y vite\u00a0! Vous n\u2019avez plus que quelques semaines pour aller voir l\u2019exposition \u00ab\u00a0Sage comme une image\u00a0?\u00a0\u00bb. Et il serait fort dommage de la manquer. L\u2019enfance, \u00e7a parle \u00e0 tout le monde et les \u0153uvres expos\u00e9es m\u00e9ritent qu\u2019on se d\u00e9place.<\/p>\n<p>\u00ab\u00a0Chaque enfant qu\u2019on enseigne est un homme qu\u2019on gagne\u00a0\u00bb, \u00e9crivait Victor Hugo, r\u00e9sumant ainsi l\u2019id\u00e9al r\u00e9publicain n\u00e9 avec la R\u00e9volution fran\u00e7aise. C\u2019est \u00e0 cette \u00e9poque charni\u00e8re \u2013 de 1790 \u00e0 1850 \u2013 que nous invite<a href=\"https:\/\/www.musba-bordeaux.fr\/sage-comme-une-image\" target=\"_blank\" rel=\"nofollow noopener\"> l\u2019exposition \u00ab\u00a0Sage comme une image\u00a0\u00bb<\/a>, pr\u00e9sent\u00e9e \u00e0 la galerie du mus\u00e9e des Beaux-Arts de Bordeaux, en partenariat avec le mus\u00e9e du Louvre et le mus\u00e9e de Tess\u00e9, du\u00a0Mans. Con\u00e7ue par C\u00f4me Fabre et St\u00e9phanie Deschamps-Tan, tous deux conservateurs au Louvre, elle aborde un sujet en apparence familier \u00e0 travers un prisme peu souvent explor\u00e9 et sur une p\u00e9riode politique tr\u00e8s mouvement\u00e9e. \u00ab\u00a0C\u2019est vraiment une expo beaux-arts, m\u00eame si elle repose sur un substrat historique et sociologique\u00a0\u00bb, explique St\u00e9phanie Deschamps-Tan.<\/p>\n<p>        <img decoding=\"async\" id=\"26176269\" src=\"https:\/\/www.europesays.com\/fr\/wp-content\/uploads\/2025\/10\/vernet-horace-1789-1863-ferdinand-philippe-louis-duc-de-chartres-tenant-un-cerceau.jpg\" alt=\"\u00ab\u00a0Portrait de Ferdinand Philippe d\u2019Orl\u00e9ans, duc de Chartres, au coll\u00e8ge royal Henri-IV\u00a0\u00bb. Le duc d\u2019Orl\u00e9ans revendique son droit de donner une instruction libre et lib\u00e9rale \u00e0 ses enfants. Il obtient m\u00eame que son fils participe aux r\u00e9cr\u00e9ations, au grand dam du roi qui craint les mauvaises mani\u00e8res et les gros mots qui s\u2019y \u00e9changent\" itemprop=\"contentURL\"\/><\/p>\n<p>    \u00ab\u00a0Portrait de Ferdinand Philippe d\u2019Orl\u00e9ans, duc de Chartres, au coll\u00e8ge royal Henri-IV\u00a0\u00bb. Le duc d\u2019Orl\u00e9ans revendique son droit de donner une instruction libre et lib\u00e9rale \u00e0 ses enfants. Il obtient m\u00eame que son fils participe aux r\u00e9cr\u00e9ations, au grand dam du roi qui craint les mauvaises mani\u00e8res et les gros mots qui s\u2019y \u00e9changent<\/p>\n<p>Reproduction Horace Vernet<\/p>\n<p>Rarement r\u00e9unis au sein d\u2019une m\u00eame exposition, tableaux, sculptures et premi\u00e8res photographies repr\u00e9sentent plusieurs figures de l\u2019enfant. En famille ou orphelins, fils de roi ou de bourgeois, ils sont souvent malmen\u00e9s par l\u2019histoire. Enfin, \u00ab\u00a0l\u2019exposition repr\u00e9sente un enfant qui n\u2019est plus un adulte en miniature mais un \u00eatre en devenir\u00a0\u00bb, ajoute la conservatrice. C\u2019est aussi en cela qu\u2019elle est novatrice.<\/p>\n<p>Des femmes peintres<\/p>\n<p>Elle affiche des \u0153uvres d\u2019artistes connus (Eug\u00e8ne Delacroix, Camille Corot, Jean Auguste Dominique Ingres et Th\u00e9odore G\u00e9ricault, \u00e0 qui l\u2019on doit le tableau de la fille du peintre Horace Vernet vers 1818, repr\u00e9sent\u00e9 sur l\u2019affiche de l\u2019exposition). Et aussi d\u2019autres peintres \u00ab\u00a0provinciaux\u00a0\u00bb moins connus, souvent \u00e9loign\u00e9s des c\u00e9nacles parisiens. Elle met aussi l\u2019accent sur des femmes peintres. \u00ab\u00a0J\u2019y tenais\u00a0\u00bb, ponctue St\u00e9phanie Deschamps-Tan. On vous recommande Jeanne-\u00c9lisabeth Chaudet.<\/p>\n<p>        <img decoding=\"async\" id=\"26175621\" src=\"https:\/\/www.europesays.com\/fr\/wp-content\/uploads\/2025\/10\/delacroix-eugene-1798-1863-portrait-de-la-fille-de-jenny-le-guillou.jpg\" alt=\"&#10;&#10;&#10;&#10;L\u2019expo affiche des \u0153uvres d\u2019artistes connus comme ce tableau d\u2019Eug\u00e8ne Delacroix\u00a0: \u00ab\u00a0Portrait de Lucile Virginie de Jenny Le Guillou\u00a0\u00bb\" itemprop=\"contentURL\"\/><\/p>\n<p>L\u2019expo affiche des \u0153uvres d\u2019artistes connus comme ce tableau d\u2019Eug\u00e8ne Delacroix\u00a0: \u00ab\u00a0Portrait de Lucile Virginie de Jenny Le Guillou\u00a0\u00bb<\/p>\n<p>Reproduction Eug\u00e8ne Delacroix<\/p>\n<p>L\u2019exposition a aussi \u00e7a de bon qu\u2019on peut la visiter selon l\u2019humeur ou l\u2019envie sans respecter forc\u00e9ment le parcours sugg\u00e9r\u00e9. Si vous optez pour l\u2019ordre chronologique, la premi\u00e8re partie, consacr\u00e9e \u00e0 la R\u00e9volution fran\u00e7aise, est de forte inspiration rousseauiste. L\u2019enfant, lorsqu\u2019il ne court pas, nu et a\u00e9rien, dans la nature, est souvent sacrifi\u00e9 pour des raisons politiques. Qu\u2019il soit pris en otage par les changements de r\u00e9gime, les id\u00e9aux r\u00e9volutionnaires, orphelins ou \u00e0 la rue. Exemple de cette enfance mis\u00e9reuse\u00a0: les fameux petits Savoyards, un type enfantin souvent repr\u00e9sent\u00e9 par les peintres de l\u2019\u00e9poque. Ces gamins \u00e9taient envoy\u00e9s de Savoie dans les grandes villes par leurs parents pour gagner de l\u2019argent. \u00c0 la rue, ils attirent l\u2019attention des artistes, qui trouvent l\u00e0 un mod\u00e8le facile et pas cher.<\/p>\n<p>        <img decoding=\"async\" id=\"26175961\" src=\"https:\/\/www.europesays.com\/fr\/wp-content\/uploads\/2025\/10\/valois-achille-joseph-etienne-1785-1862-louis-charles-de-france-dit-louis-xvii-1785-1795-enchaine.jp.jpeg\" alt=\"\u00ab\u00a0Louis XVII encha\u00een\u00e9\u00a0\u00bb, le deuxi\u00e8me fils de Louis XVI et de Marie-Antoinette. Emprisonn\u00e9 avec sa famille \u00e0 la tour du Temple, il est reconnu titulaire de la couronne suite au d\u00e9c\u00e8s de son p\u00e8re en 1793 et meurt, seul, en captivit\u00e9 \u00e0 l\u2019\u00e2ge de 10\u00a0ans\" itemprop=\"contentURL\"\/><\/p>\n<p>    \u00ab\u00a0Louis XVII encha\u00een\u00e9\u00a0\u00bb, le deuxi\u00e8me fils de Louis XVI et de Marie-Antoinette. Emprisonn\u00e9 avec sa famille \u00e0 la tour du Temple, il est reconnu titulaire de la couronne suite au d\u00e9c\u00e8s de son p\u00e8re en 1793 et meurt, seul, en captivit\u00e9 \u00e0 l\u2019\u00e2ge de 10\u00a0ans<\/p>\n<p>Achille Joseph Etienne Valois<\/p>\n<p>        <img decoding=\"async\" id=\"26175623\" src=\"https:\/\/www.europesays.com\/fr\/wp-content\/uploads\/2025\/10\/petits-savoyards-ph-f-deval-28.jpg\" alt=\"Les fameux petits Savoyards, un type enfantin souvent repr\u00e9sent\u00e9 par les peintres de l\u2019\u00e9poque\" itemprop=\"contentURL\"\/><\/p>\n<p>    Les fameux petits Savoyards, un type enfantin souvent repr\u00e9sent\u00e9 par les peintres de l\u2019\u00e9poque<\/p>\n<p>Galerie des Beaux-Arts\u00a0\/\u00a0F.\u00a0Deval<\/p>\n<p>C\u2019est aussi le temps o\u00f9 les portraits de famille ont le vent en poupe. Les portraits peints sont r\u00e9serv\u00e9s \u00e0 la noblesse et \u00e0 la haute bourgeoisie. \u00c0 ceux qui ont les moyens. Mais, au d\u00e9but du XIXe\u00a0si\u00e8cle, et avec l\u2019apparition des premiers daguerr\u00e9otypes (1), le portrait familial se d\u00e9mocratise. En particulier chez les petits-bourgeois.<\/p>\n<p>Daguerr\u00e9otypes posthumes<\/p>\n<p>Sur ces clich\u00e9s, des gamins fixent l\u2019objectif. Fixit\u00e9 encore pour ces troublants daguerr\u00e9otypes posthumes qui immortalisent des enfants sur leur lit de mort. La faute \u00e0 la forte mortalit\u00e9 infantile de l\u2019\u00e9poque.<\/p>\n<p>\u00ab\u00a0Curieusement, les photos ont quelque chose de fig\u00e9 alors que les portraits peints racontent souvent une histoire. On y devine davantage la psychologie des personnages\u00a0\u00bb, commente St\u00e9phanie Deschamps-Tan. Elle donne en exemple la confrontation, sur un m\u00eame plan, de l\u2019\u0153uvre peinte \u00ab\u00a0Portrait d\u2019un p\u00e8re de famille avec ses enfants\u00a0\u00bb (anonyme, vers 1805) et de la photographie, elle aussi anonyme, \u00ab\u00a0Homme assis avec un petit gar\u00e7on \u00e0 la collerette en dentelle\u00a0\u00bb (anonyme, entre 1842 et 1855).<\/p>\n<blockquote><p>Au d\u00e9but du XIXe\u00a0si\u00e8cle, et avec l\u2019apparition des premiers daguerr\u00e9otypes, le portrait familial se d\u00e9mocratise<\/p><\/blockquote>\n<p>D\u2019un c\u00f4t\u00e9, un tableau riche en histoires et suppositions. Le p\u00e8re est entour\u00e9 de ses quatre enfants. Un solide patriarche qui veille sur sa prog\u00e9niture. Mais o\u00f9 est la m\u00e8re\u00a0? Serait-elle la peintre du tableau\u00a0? Est-elle morte ou divorc\u00e9e (2)\u00a0? La diff\u00e9rence d\u2019\u00e2ge des membres de la fratrie peut le laisser supposer.<\/p>\n<p>        <img decoding=\"async\" id=\"26175672\" src=\"https:\/\/www.europesays.com\/fr\/wp-content\/uploads\/2025\/10\/1302-jacques-louis-david-portrait-dun-pere-de-famille-avec-ses-enfants.jpg\" alt=\"Versus peinture\u00a0: \u00ab\u00a0Portrait d\u2019un p\u00e8re de famille avec ses enfants\u00a0\u00bb (anonyme, vers 1805)\" itemprop=\"contentURL\"\/><\/p>\n<p>    Versus peinture\u00a0: \u00ab\u00a0Portrait d\u2019un p\u00e8re de famille avec ses enfants\u00a0\u00bb (anonyme, vers 1805)<\/p>\n<p>Reproduction Jacques-Louis David<\/p>\n<p>        <img decoding=\"async\" id=\"26175663\" src=\"https:\/\/www.europesays.com\/fr\/wp-content\/uploads\/2025\/10\/1303-homme-assis-avec-un-petit-garcon-la-collerette-blanche.jpg\" alt=\"Versus photo\u00a0: \u00ab\u00a0Homme assis avec un petit gar\u00e7on \u00e0 la collerette en dentelle\u00a0\u00bb,&#10;entre 1842-1855, anonyme, daguerr\u00e9otype sur cuivre argent\u00e9\" itemprop=\"contentURL\"\/><\/p>\n<p>    Versus photo\u00a0: \u00ab\u00a0Homme assis avec un petit gar\u00e7on \u00e0 la collerette en dentelle\u00a0\u00bb,<br \/>\nentre 1842-1855, anonyme, daguerr\u00e9otype sur cuivre argent\u00e9<\/p>\n<p>Biblioth\u00e8que nationale de France<\/p>\n<p>De l\u2019autre, une photo en gros plan, frontale. Un p\u00e8re et son fils, d\u2019une troublante ressemblance, posent, l\u2019un assis \u00e0 c\u00f4t\u00e9 de l\u2019autre, le regard impressionn\u00e9 par l\u2019objectif. Les photos, si elles ne racontent pas d\u2019histoires, valent aussi pour leur valeur documentaire et donnent \u00e0 voir la petite bourgeoisie de l\u2019\u00e9poque<\/p>\n<p>Victor Hugo et son fils<\/p>\n<p>Parmi les photos d\u2019artistes avec leur prog\u00e9niture, ne manquez pas le \u00ab\u00a0Portrait de Victor Hugo avec son fils Fran\u00e7ois-Victor\u00a0\u00bb d\u2019Auguste de Ch\u00e2tillon. Grand format vertical, cadrage serr\u00e9, il repr\u00e9sente l\u2019\u00e9crivain avec son fils, le quatri\u00e8me de ses cinq enfants, qui fut, avec sa fille L\u00e9opoldine, l\u2019un de ses pr\u00e9f\u00e9r\u00e9s. Le p\u00e8re le tient fermement par le bras et l\u2019\u00e9paule. On sent, dans ce geste d\u2019autorit\u00e9 paternelle, un sentiment de fiert\u00e9. Plus tard, Fran\u00e7ois-Victor partagera les opinions politiques et les go\u00fbts litt\u00e9raires de son p\u00e8re.<\/p>\n<p>        <img decoding=\"async\" id=\"26175669\" src=\"https:\/\/www.europesays.com\/fr\/wp-content\/uploads\/2025\/10\/1201-auguste-de-chatillon-portrait-de-victor-hugo-3.jpg\" alt=\"\u00ab\u00a0Portrait de Victor Hugo avec son fils Fran\u00e7ois-Victor\u00a0\u00bb\" itemprop=\"contentURL\"\/><\/p>\n<p>    \u00ab\u00a0Portrait de Victor Hugo avec son fils Fran\u00e7ois-Victor\u00a0\u00bb<\/p>\n<p>Reproduction Auguste de Ch\u00e2tillon, 1836<\/p>\n<p>Voil\u00e0 pour notre s\u00e9lection. Vous ferez la v\u00f4tre. L\u2019exposition, sans \u00eatre interminable, regorge de p\u00e9pites et traverse une p\u00e9riode fascinante o\u00f9 r\u00e9volutionnaires, monarchistes et r\u00e9publicains se sont affront\u00e9s, entra\u00eenant souvent dans leur course des enfants qui n\u2019avaient rien demand\u00e9.<\/p>\n<p>(1) Technique photographique sans n\u00e9gatif sur une surface d\u2019argent polie comme un miroir et expos\u00e9e \u00e0 la lumi\u00e8re.<\/p>\n<p>(2) Le divorce est rendu possible depuis le vote de la loi du 20\u00a0septembre 1792.<\/p>\n<p>    Pratique<br \/>\n\u00ab\u00a0Sage comme une image\u00a0? L\u2019enfance dans l\u2019\u0153il des artistes 1790-1850\u00a0\u00bb. Jusqu\u2019au 3\u00a0novembre, \u00e0 la galerie du mus\u00e9e des Beaux-Arts de Bordeaux, place du Colonel Raynal. Tous les jours de 11 \u00e0\u00a018\u00a0heures, sauf les mardis et certains jours f\u00e9ri\u00e9s. De 4,50 \u00e0 8\u00a0euros.<br \/>Le mus\u00e9e des Beaux-Arts, toujours sur le th\u00e8me de l\u2019enfance, pr\u00e9sente aussi une cinquantaine d\u2019\u0153uvres issues de ses collections, du XVIIe au XXe\u00a0si\u00e8cle. Des r\u00e9cits d\u2019enfance sont \u00e0 \u00e9couter gratuitement sur votre smartphone depuis le site Web du mus\u00e9e ou depuis l\u2019audioguide.<\/p>\n","protected":false},"excerpt":{"rendered":"Courez-y vite\u00a0! Vous n\u2019avez plus que quelques semaines pour aller voir l\u2019exposition \u00ab\u00a0Sage comme une image\u00a0?\u00a0\u00bb. Et il&hellip;\n","protected":false},"author":2,"featured_media":437334,"comment_status":"","ping_status":"","sticky":false,"template":"","format":"standard","meta":{"footnotes":""},"categories":[2817],"tags":[1111,11,1997,1777,674,1011,27,12,2219,25],"class_list":{"0":"post-437333","1":"post","2":"type-post","3":"status-publish","4":"format-standard","5":"has-post-thumbnail","7":"category-bordeaux","8":"tag-actu","9":"tag-actualites","10":"tag-bordeaux","11":"tag-eu","12":"tag-europe","13":"tag-fr","14":"tag-france","15":"tag-news","16":"tag-nouvelle-aquitaine","17":"tag-republique-francaise"},"share_on_mastodon":{"url":"https:\/\/pubeurope.com\/@fr\/115312861414373233","error":""},"_links":{"self":[{"href":"https:\/\/www.europesays.com\/fr\/wp-json\/wp\/v2\/posts\/437333","targetHints":{"allow":["GET"]}}],"collection":[{"href":"https:\/\/www.europesays.com\/fr\/wp-json\/wp\/v2\/posts"}],"about":[{"href":"https:\/\/www.europesays.com\/fr\/wp-json\/wp\/v2\/types\/post"}],"author":[{"embeddable":true,"href":"https:\/\/www.europesays.com\/fr\/wp-json\/wp\/v2\/users\/2"}],"replies":[{"embeddable":true,"href":"https:\/\/www.europesays.com\/fr\/wp-json\/wp\/v2\/comments?post=437333"}],"version-history":[{"count":0,"href":"https:\/\/www.europesays.com\/fr\/wp-json\/wp\/v2\/posts\/437333\/revisions"}],"wp:featuredmedia":[{"embeddable":true,"href":"https:\/\/www.europesays.com\/fr\/wp-json\/wp\/v2\/media\/437334"}],"wp:attachment":[{"href":"https:\/\/www.europesays.com\/fr\/wp-json\/wp\/v2\/media?parent=437333"}],"wp:term":[{"taxonomy":"category","embeddable":true,"href":"https:\/\/www.europesays.com\/fr\/wp-json\/wp\/v2\/categories?post=437333"},{"taxonomy":"post_tag","embeddable":true,"href":"https:\/\/www.europesays.com\/fr\/wp-json\/wp\/v2\/tags?post=437333"}],"curies":[{"name":"wp","href":"https:\/\/api.w.org\/{rel}","templated":true}]}}