{"id":437335,"date":"2025-10-03T23:36:23","date_gmt":"2025-10-03T23:36:23","guid":{"rendered":"https:\/\/www.europesays.com\/fr\/437335\/"},"modified":"2025-10-03T23:36:23","modified_gmt":"2025-10-03T23:36:23","slug":"les-chateaux-viticoles-viennent-au-coeur-de-bordeaux","status":"publish","type":"post","link":"https:\/\/www.europesays.com\/fr\/437335\/","title":{"rendered":"\u00ab\u00a0Les ch\u00e2teaux viticoles viennent au c\u0153ur de Bordeaux\u00a0\u00bb"},"content":{"rendered":"<p>        <img decoding=\"async\" id=\"26191502\" src=\"https:\/\/www.europesays.com\/fr\/wp-content\/uploads\/2025\/10\/vin3.jpg\" alt=\"Thibault Bardet, vigneron en Saint-\u00c9milion et Claire Dorland Clauzel, vigneronne en C\u00f4tes-de-Bourg, ont coorganis\u00e9 la F\u00eate des vignerons ind\u00e9pendants.\" itemprop=\"contentURL\"\/><\/p>\n<p>    Thibault Bardet, vigneron en Saint-\u00c9milion et Claire Dorland Clauzel, vigneronne en C\u00f4tes-de-Bourg, ont coorganis\u00e9 la F\u00eate des vignerons ind\u00e9pendants.<\/p>\n<p>N.\u00a0L.<\/p>\n<p>Depuis ce vendredi 3\u00a0octobre et jusqu\u2019au dimanche\u00a05, en plein centre de Bordeaux sur les all\u00e9es de Tourny, 38\u00a0vignerons repr\u00e9sentant presque toutes les appellations de Gironde pr\u00e9sentent leurs crus, qu\u2019ils font d\u00e9guster sur place et vendent au verre, \u00e0 la bouteille et m\u00eame au carton, avec la possibilit\u00e9 d\u2019\u00eatre livr\u00e9 \u00e0 v\u00e9lo. \u00ab\u00a0Toute la palette des vins est pr\u00e9sente\u00a0: rouge structur\u00e9, sans soufre, fruit\u00e9, mais aussi blanc, ros\u00e9, cr\u00e9mant\u2026 Les ch\u00e2teaux viticoles viennent au c\u0153ur de Bordeaux\u00a0!\u00a0\u00bb se r\u00e9jouit Thibault Bardet, coorganisateur et vigneron en Saint-\u00c9milion.<\/p>\n<p>En accompagnement, des\u00a0stands de produits locaux\u00a0et\u00a0des food trucks proposent grillades, hu\u00eetres, magret de canard, foie gras et autres planches. Des concerts et DJ sets auront \u00e9galement lieu l\u2019apr\u00e8s-midi et le soir, samedi\u00a04 et dimanche 5\u00a0octobre.<\/p>\n","protected":false},"excerpt":{"rendered":"Thibault Bardet, vigneron en Saint-\u00c9milion et Claire Dorland Clauzel, vigneronne en C\u00f4tes-de-Bourg, ont coorganis\u00e9 la F\u00eate des vignerons&hellip;\n","protected":false},"author":2,"featured_media":437336,"comment_status":"","ping_status":"","sticky":false,"template":"","format":"standard","meta":{"footnotes":""},"categories":[2817],"tags":[1111,11,1997,1777,674,1011,27,12,2219,25],"class_list":{"0":"post-437335","1":"post","2":"type-post","3":"status-publish","4":"format-standard","5":"has-post-thumbnail","7":"category-bordeaux","8":"tag-actu","9":"tag-actualites","10":"tag-bordeaux","11":"tag-eu","12":"tag-europe","13":"tag-fr","14":"tag-france","15":"tag-news","16":"tag-nouvelle-aquitaine","17":"tag-republique-francaise"},"share_on_mastodon":{"url":"https:\/\/pubeurope.com\/@fr\/115312865636078197","error":""},"_links":{"self":[{"href":"https:\/\/www.europesays.com\/fr\/wp-json\/wp\/v2\/posts\/437335","targetHints":{"allow":["GET"]}}],"collection":[{"href":"https:\/\/www.europesays.com\/fr\/wp-json\/wp\/v2\/posts"}],"about":[{"href":"https:\/\/www.europesays.com\/fr\/wp-json\/wp\/v2\/types\/post"}],"author":[{"embeddable":true,"href":"https:\/\/www.europesays.com\/fr\/wp-json\/wp\/v2\/users\/2"}],"replies":[{"embeddable":true,"href":"https:\/\/www.europesays.com\/fr\/wp-json\/wp\/v2\/comments?post=437335"}],"version-history":[{"count":0,"href":"https:\/\/www.europesays.com\/fr\/wp-json\/wp\/v2\/posts\/437335\/revisions"}],"wp:featuredmedia":[{"embeddable":true,"href":"https:\/\/www.europesays.com\/fr\/wp-json\/wp\/v2\/media\/437336"}],"wp:attachment":[{"href":"https:\/\/www.europesays.com\/fr\/wp-json\/wp\/v2\/media?parent=437335"}],"wp:term":[{"taxonomy":"category","embeddable":true,"href":"https:\/\/www.europesays.com\/fr\/wp-json\/wp\/v2\/categories?post=437335"},{"taxonomy":"post_tag","embeddable":true,"href":"https:\/\/www.europesays.com\/fr\/wp-json\/wp\/v2\/tags?post=437335"}],"curies":[{"name":"wp","href":"https:\/\/api.w.org\/{rel}","templated":true}]}}