{"id":43734,"date":"2025-04-22T10:33:15","date_gmt":"2025-04-22T10:33:15","guid":{"rendered":"https:\/\/www.europesays.com\/fr\/43734\/"},"modified":"2025-04-22T10:33:15","modified_gmt":"2025-04-22T10:33:15","slug":"guide-urbain-lyon-podcast-gastronomie","status":"publish","type":"post","link":"https:\/\/www.europesays.com\/fr\/43734\/","title":{"rendered":"Guide Urbain Lyon &#8211; Podcast gastronomie"},"content":{"rendered":"<p class=\"intro\">Podcast gastronomie \/ Lyon r\u00e9unit une quantit\u00e9 vertigineuse de bonnes tables : on compte le Sirha (r\u00e9f\u00e9rence mondiale) la Cit\u00e9 de la Gastronomie (controvers\u00e9e) mais aussi des pages consacr\u00e9es aux restaurants de la capitale des Gaules dans tous les bons magazines. Louison Lagneaux a lanc\u00e9 un podcast exclusivement d\u00e9di\u00e9 aux chefs lyonnais pour c\u00e9l\u00e9brer la richesse de ce terroir. Entretien avec l&rsquo;une des fondatrices de \u00ab\u00a0Cher bon\u00a0\u00bb.<\/p>\n<p><strong>Le Petit Bulletin : Comment est n\u00e9 le podcast \u00ab\u00a0Cher bon\u00a0\u00bb ?\u00a0<\/strong><\/p>\n<p><strong>Louison Lagneaux :<\/strong> Je me destinais \u00e0 travailler dans le vin, j&rsquo;ai donc fait un master commerce du vin. J&rsquo;ai commenc\u00e9 \u00e0 rencontrer des chefs lorsque J&rsquo;\u00e9tais en alternance chez un distributeur de Lyon. Je me suis int\u00e9ress\u00e9e au m\u00e9tier de chef(fe). Je n&rsquo;y connaissais pas grand-chose en gastronomie, mis \u00e0 part le vin. J&rsquo;ai commenc\u00e9 \u00e0 \u00e9couter pas mal de podcasts sur les chefs, sur la cuisine&#8230; Je me suis rendue compte que la plupart des podcasts autour des chefs \u00e9taient parisiens. C&rsquo;est fou qu&rsquo;il n&rsquo;y ait pas de contenu comme \u00e7a \u00e0 Lyon, alors qu&rsquo;on est cens\u00e9 \u00eatre la capitale de la gastronomie !\u00a0<\/p>\n<p>On s&rsquo;est lanc\u00e9s \u00e0 trois, avec Ars\u00e8ne Pomi qui travaille dans l&rsquo;audiovisuel et Florian Bergeret en commerce, car je n&rsquo;avais pas de connaissances techniques. Moi, je vais d\u00e9nicher les chefs et on enregistre ensemble. Ils g\u00e8rent la postproduction. Au d\u00e9but, on avait chacun nos projets et on s&rsquo;entraidait pour faire ce petit projet ensemble, mais comme \u00e7a a bien pris, on attend que tous les deux terminent leur alternance pour s&rsquo;associer et cr\u00e9er une soci\u00e9t\u00e9.\u00a0<\/p>\n<p><img loading=\"lazy\" decoding=\"async\" class=\"img-responsive\" src=\"https:\/\/www.europesays.com\/fr\/wp-content\/uploads\/2025\/04\/2025-04-18-15-16-58_CHERBONLOUISON.jpeg\" alt=\"\" width=\"768\" height=\"954\"\/>Louison Lagneaux \u00a9DR<\/p>\n<p><strong>LPB : Comment choisissez-vous les chefs ?\u00a0<\/strong><\/p>\n<p><strong>LL : <\/strong>Au d\u00e9part, j&rsquo;avais des contacts gr\u00e2ce \u00e0 l&rsquo;\u00e9quipe de Vinister o\u00f9 j&rsquo;ai fait mon alternance. C&rsquo;\u00e9tait du vin bio ou en biodynamie, donc la client\u00e8le faisait attention au \u00ab\u00a0sourcing\u00a0\u00bb, j&rsquo;entendais beaucoup de noms avec une d\u00e9marche et une \u00e9thique responsable. Cependant, je ne les connaissais pas du tout. Le premier que je suis all\u00e9e voir, c&rsquo;\u00e9tait Steven Thi\u00e9baut-Pellegrino de <a href=\"https:\/\/www.petit-bulletin.fr\/lyon\/article-75446-le-restaurant-morfal-devient-leptine.html\" target=\"_blank\" rel=\"noopener nofollow\">Leptine<\/a>. J&rsquo;y suis all\u00e9e au culot ; on ne s&rsquo;\u00e9tait jamais vus, j&rsquo;ai toqu\u00e9 \u00e0 sa porte, je lui ai propos\u00e9, il accept\u00e9 et \u00e7a a lanc\u00e9 le podcast. Quelque part, c&rsquo;est gr\u00e2ce \u00e0 lui que tout a commenc\u00e9.\u00a0<\/p>\n<p><strong>LPB : Quels sont vos crit\u00e8res ?\u00a0<\/strong><\/p>\n<p><strong>LL :<\/strong> Je n&rsquo;ai pas vraiment fait expr\u00e8s au d\u00e9but, mais aujourd&rsquo;hui on cible exclusivement les chefs qui ont mont\u00e9 leur restaurant, car le c\u00f4t\u00e9 entrepreneurial m&rsquo;int\u00e9resse aussi. Ce sont des \u00ab\u00a0couteaux suisses\u00a0\u00bb, ils sont managers, chefs d&rsquo;entreprises, cuisiniers&#8230;<\/p>\n<p>Je dis souvent que j&rsquo;aime \u00e0 \u00ab\u00a0mettre en avant ceux qui travaillent le bon et qui font du bien\u00a0\u00bb : on souhaite faire briller ceux qui sont dans une d\u00e9marche d&rsquo;am\u00e9lioration permanente. Elles et ils ne sont pas forc\u00e9ment irr\u00e9prochables, car c&rsquo;est difficile, mais ils font vivre et briller la ville. C&rsquo;est pour \u00e7a qu&rsquo;on est la capitale de la gastronomie, on a de beaux \u00e9tablissements et ce sont ces gens-l\u00e0 qui les font vivre.\u00a0<\/p>\n<\/p>\n<p><strong>LPB : \u00c0 quelle fr\u00e9quence publiez-vous ?<\/strong><\/p>\n<p><strong>LL :<\/strong> On essaie de sortir un \u00e9pisode toutes les deux semaines. On en a toujours d&rsquo;avance, mais vu qu&rsquo;on combine avec toutes nos activit\u00e9s, ce n&rsquo;est pas toujours parfaitement r\u00e9gulier. On va en sortir plus : on ajoute un format hebdomadaire de dix \u00e0 vingt minutes, sur l&rsquo;histoire de la gastronomie \u00e0 Lyon. Il y aura aussi de l&rsquo;actualit\u00e9, des petites interventions avec des invit\u00e9s, pour couvrir d&rsquo;autres sujets. J&rsquo;appr\u00e9cie le format long, c&rsquo;est le format qui nous a fait conna\u00eetre et que j&rsquo;ai envie de continuer, mais j&rsquo;ai aussi envie de mettre en avant des personnes d&rsquo;une autre fa\u00e7on.\u00a0<\/p>\n<p><strong>LPB : Quels sont vos restaurants pr\u00e9f\u00e9r\u00e9s ?<\/strong><\/p>\n<p><strong>LL :<\/strong> J&rsquo;adore <a href=\"https:\/\/www.petit-bulletin.fr\/lyon\/article-75384-un-neobistrot-aux-accents-mediterraneens-soma.html\" target=\"_blank\" rel=\"noopener nofollow\">S\u00f6ma<\/a> de Sarah Hamza. Elle sert des dattes au fromage. C&rsquo;est tr\u00e8s particulier, quand on le dit \u00e7a ne donne pas envie, je le vois \u00e0 l&rsquo;expression des gens quand j&rsquo;en parle. Mais c&rsquo;est d\u00e9licieux. Elle fait frire les dattes, si on aime le sucr\u00e9-sal\u00e9 c&rsquo;est incroyable. En p\u00e2tisserie, il y a particuli\u00e8rement <a href=\"https:\/\/www.petit-bulletin.fr\/lyon\/article-73384-alma-par-marvin-brandao-le-meilleur-patissier.html\" target=\"_blank\" rel=\"noopener nofollow\">Alma<\/a> et <a href=\"https:\/\/www.petit-bulletin.fr\/lyon\/article-73292-duclef-les-patissiers-de-food-traboule-ouvrent-une-annexe.html\" target=\"_blank\" rel=\"noopener nofollow\">Duclef<\/a>. J&rsquo;appr\u00e9cie aussi <a href=\"https:\/\/www.petit-bulletin.fr\/lyon\/article-70195-le-troquet-des-sens-renove.html\" target=\"_blank\" rel=\"noopener nofollow\">Le Troquet<\/a>, et <a href=\"https:\/\/www.petit-bulletin.fr\/lyon\/article-60048-monsieur-p-la-cuisine-apaisante-de-florent-poulard.html\" target=\"_blank\" rel=\"noopener nofollow\">Monsieur P<\/a>. C&rsquo;est d&rsquo;ailleurs gr\u00e2ce \u00e0 ce dernier que j&rsquo;ai voulu travailler dans le vin, je suis tr\u00e8s influen\u00e7able. Je mangeais l\u00e0-bas car c&rsquo;est l&rsquo;un des restaurants pr\u00e9f\u00e9r\u00e9s de mon p\u00e8re, et aux toilettes il y avait un cadre suspendu, avec une illustration qui disait \u00ab\u00a0qui aime le vin, aime la vie\u00a0\u00bb. Je cherchais ce que je voulais faire, et je me suis dit que c&rsquo;\u00e9tait une bonne id\u00e9e.\u00a0<\/p>\n<p><strong>LPB : Testez-vous chaque restaurant ?<\/strong><\/p>\n<p><strong>LL : <\/strong>Pas toujours. La plupart du temps, quand je fais les interviews, je n&rsquo;ai jamais mis les pieds dans le restaurant. J&rsquo;y mange apr\u00e8s. Au d\u00e9but, les chefs pouvaient se dire \u00ab elle m&rsquo;interviewe mais elle ne conna\u00eet m\u00eame pas ma cuisine \u00bb et c&rsquo;est vrai ! Mais je ne suis pas critique culinaire. Je me fie \u00e0 ce qu&rsquo;on me recommande. Une fois que je connais toute l&rsquo;histoire, que je sais pourquoi ils font tel ou tel plat&#8230; Et puis je suis bien re\u00e7ue, on se conna\u00eet, donc l&rsquo;ambiance est sympa. Mais il y a beaucoup de restaurants et je n&rsquo;ai pas forc\u00e9ment la possibilit\u00e9 d&rsquo;aller autant au restaurant, parce que c&rsquo;est \u00e0 mes frais, et \u00e7a restera comme \u00e7a.<\/p>\n<p><strong>LPB : Quels podcasts de cuisine \u00e9coutez-vous ?<\/strong><\/p>\n<p><strong>LL : <\/strong>Ceux qui m&rsquo;ont beaucoup inspir\u00e9, ce sont les podcasts \u00ab\u00a0Chefs\u00a0\u00bb. Il n&rsquo;y a pas d&rsquo;animation, juste les chefs qui racontent leur histoire. On est en immersion dans la vie du chef, avec sa voix, c&rsquo;est bien racont\u00e9, bien mont\u00e9, et surtout, ce sont de tr\u00e8s grands chefs, donc c&rsquo;est assez impressionnant. R\u00e9cemment, le Guide Michelin \u00e0 sorti son podcast qui s&rsquo;appelle \u00ab\u00a0Oui cheffe\u00a0\u00bb, avec uniquement femmes, pas que des cheffes d&rsquo;ailleurs, dans tous les m\u00e9tiers de la restauration, qui racontent leurs parcours. C&rsquo;est aussi tr\u00e8s int\u00e9ressant !<\/p>\n<p><strong>Cher bon <\/strong>sur toutes les plateformes d&rsquo;\u00e9coute<\/p>\n","protected":false},"excerpt":{"rendered":"Podcast gastronomie \/ Lyon r\u00e9unit une quantit\u00e9 vertigineuse de bonnes tables : on compte le Sirha (r\u00e9f\u00e9rence mondiale)&hellip;\n","protected":false},"author":2,"featured_media":43735,"comment_status":"","ping_status":"","sticky":false,"template":"","format":"standard","meta":{"footnotes":""},"categories":[1889],"tags":[1111,11,2430,6457,13112,1777,674,1011,27,1661,13111,2428,12,3725,25,2923],"class_list":{"0":"post-43734","1":"post","2":"type-post","3":"status-publish","4":"format-standard","5":"has-post-thumbnail","7":"category-lyon","8":"tag-actu","9":"tag-actualites","10":"tag-auvergne-rhone-alpes","11":"tag-chefs","12":"tag-cher-bon","13":"tag-eu","14":"tag-europe","15":"tag-fr","16":"tag-france","17":"tag-gastronomie","18":"tag-guide-urbain","19":"tag-lyon","20":"tag-news","21":"tag-podcast","22":"tag-republique-francaise","23":"tag-restaurants"},"share_on_mastodon":{"url":"https:\/\/pubeurope.com\/@fr\/114381167384534047","error":""},"_links":{"self":[{"href":"https:\/\/www.europesays.com\/fr\/wp-json\/wp\/v2\/posts\/43734","targetHints":{"allow":["GET"]}}],"collection":[{"href":"https:\/\/www.europesays.com\/fr\/wp-json\/wp\/v2\/posts"}],"about":[{"href":"https:\/\/www.europesays.com\/fr\/wp-json\/wp\/v2\/types\/post"}],"author":[{"embeddable":true,"href":"https:\/\/www.europesays.com\/fr\/wp-json\/wp\/v2\/users\/2"}],"replies":[{"embeddable":true,"href":"https:\/\/www.europesays.com\/fr\/wp-json\/wp\/v2\/comments?post=43734"}],"version-history":[{"count":0,"href":"https:\/\/www.europesays.com\/fr\/wp-json\/wp\/v2\/posts\/43734\/revisions"}],"wp:featuredmedia":[{"embeddable":true,"href":"https:\/\/www.europesays.com\/fr\/wp-json\/wp\/v2\/media\/43735"}],"wp:attachment":[{"href":"https:\/\/www.europesays.com\/fr\/wp-json\/wp\/v2\/media?parent=43734"}],"wp:term":[{"taxonomy":"category","embeddable":true,"href":"https:\/\/www.europesays.com\/fr\/wp-json\/wp\/v2\/categories?post=43734"},{"taxonomy":"post_tag","embeddable":true,"href":"https:\/\/www.europesays.com\/fr\/wp-json\/wp\/v2\/tags?post=43734"}],"curies":[{"name":"wp","href":"https:\/\/api.w.org\/{rel}","templated":true}]}}