{"id":437354,"date":"2025-10-03T23:48:13","date_gmt":"2025-10-03T23:48:13","guid":{"rendered":"https:\/\/www.europesays.com\/fr\/437354\/"},"modified":"2025-10-03T23:48:13","modified_gmt":"2025-10-03T23:48:13","slug":"previsions-du-samedi-4-octobre-2025-6","status":"publish","type":"post","link":"https:\/\/www.europesays.com\/fr\/437354\/","title":{"rendered":"pr\u00e9visions du samedi 4 octobre 2025"},"content":{"rendered":"<p class=\"mb-4 text-lg md:leading-8 break-words\"><strong>M\u00e9t\u00e9o &#8211; La grisaille ne se disperse toujours pas, il y aura encore des nuages aujourd&rsquo;hui. Le temps sera ponctu\u00e9 par des pluies \u00e9parses. Les temp\u00e9ratures seront de 15\u00b0C le matin et de 16\u00b0C l&rsquo;apr\u00e8s-midi&#8230;<\/strong><\/p>\n<p class=\"mb-4 text-lg md:leading-8 break-words\">Aujourd&rsquo;hui, encore des nuages dans le ciel qui emp\u00eachent le soleil de faire son apparition \u00e0 Paris. Les valeurs seront de 12\u00b0C au minimum et de 18\u00b0C au plus haut. La ville sera touch\u00e9e par un vent d&rsquo;ouest de 26 km\/h. On observera la pr\u00e9sence persistante de nuages le matin. Du mauvais temps est \u00e0 pr\u00e9voir. De la pluie va tomber. On pr\u00e9voit des temp\u00e9ratures avoisinant 15\u00b0C. Des pluies \u00e9parses vont tomber durant l&rsquo;apr\u00e8s-midi. Les valeurs s&rsquo;\u00e9chelonneront de 14 \u00e0 17\u00b0C. Intemp\u00e9ries : on pr\u00e9voit des pluies \u00e9parses pour le soir. Il fera en moyenne 13\u00b0C. Entre samedi et dimanche, la nuit sera pluvieuse.<\/p>\n<p class=\"mb-4 text-lg md:leading-8 break-words\">Demain, le soleil sera dissimul\u00e9 derri\u00e8re des nuages \u00e0 Paris, o\u00f9 le ciel sera maussade. Il faudra pr\u00e9voir des perturbations, les Parisiens se retrouveront sous des pluies \u00e9parses. Il va faire 15\u00b0C en moyenne. Un vent de nord-ouest est pr\u00e9vu : il soufflera \u00e0 20 km\/h. Les nuages \u00e0 pr\u00e9voir le matin, et un ciel encore gris. Les maximales iront jusqu&rsquo;\u00e0 17\u00b0C alors que les minimales seront de 12\u00b0C. Demain apr\u00e8s-midi, des nuages ne voudront pas faire place au soleil. Les temp\u00e9ratures seront comprises entre 15 et 17\u00b0C. Toujours de la grisaille demain soir. Les nuages vont s&rsquo;attarder.<\/p>\n<p class=\"mb-4 text-lg md:leading-8 break-words\">On s&rsquo;attend \u00e0 une am\u00e9lioration mardi, apr\u00e8s une journ\u00e9e nuageuse lundi.<\/p>\n<p class=\"mb-4 text-lg md:leading-8 break-words\"><a href=\"https:\/\/www.20minutes.fr\/planete\/previsions-meteo\/4177105-20251004-meteo-paris-previsions-samedi-4-octobre-2025?at_medium=RSS%20feed&amp;at_campaign=ynews&amp;utm_source=yahoo&amp;utm_medium=rss&amp;utm_campaign=news_feed&amp;utm_content=read_more_link&quot;\" rel=\"nofollow noopener\" target=\"_blank\" data-ylk=\"slk:Lire la suite sur 20minutes;elm:context_link;itc:0;sec:content-canvas\" class=\"link \">Lire la suite sur 20minutes<\/a><\/p>\n","protected":false},"excerpt":{"rendered":"M\u00e9t\u00e9o &#8211; La grisaille ne se disperse toujours pas, il y aura encore des nuages aujourd&rsquo;hui. Le temps&hellip;\n","protected":false},"author":2,"featured_media":437355,"comment_status":"","ping_status":"","sticky":false,"template":"","format":"standard","meta":{"footnotes":""},"categories":[1888],"tags":[1111,1928,11,1927,1777,674,1011,27,44166,12,1926,626,1925,25],"class_list":{"0":"post-437354","1":"post","2":"type-post","3":"status-publish","4":"format-standard","5":"has-post-thumbnail","7":"category-paris","8":"tag-actu","9":"tag-actu-paris","10":"tag-actualites","11":"tag-actualites-paris","12":"tag-eu","13":"tag-europe","14":"tag-fr","15":"tag-france","16":"tag-le-matin","17":"tag-news","18":"tag-news-paris","19":"tag-paris","20":"tag-paris-news","21":"tag-republique-francaise"},"share_on_mastodon":{"url":"https:\/\/pubeurope.com\/@fr\/115312912210084902","error":""},"_links":{"self":[{"href":"https:\/\/www.europesays.com\/fr\/wp-json\/wp\/v2\/posts\/437354","targetHints":{"allow":["GET"]}}],"collection":[{"href":"https:\/\/www.europesays.com\/fr\/wp-json\/wp\/v2\/posts"}],"about":[{"href":"https:\/\/www.europesays.com\/fr\/wp-json\/wp\/v2\/types\/post"}],"author":[{"embeddable":true,"href":"https:\/\/www.europesays.com\/fr\/wp-json\/wp\/v2\/users\/2"}],"replies":[{"embeddable":true,"href":"https:\/\/www.europesays.com\/fr\/wp-json\/wp\/v2\/comments?post=437354"}],"version-history":[{"count":0,"href":"https:\/\/www.europesays.com\/fr\/wp-json\/wp\/v2\/posts\/437354\/revisions"}],"wp:featuredmedia":[{"embeddable":true,"href":"https:\/\/www.europesays.com\/fr\/wp-json\/wp\/v2\/media\/437355"}],"wp:attachment":[{"href":"https:\/\/www.europesays.com\/fr\/wp-json\/wp\/v2\/media?parent=437354"}],"wp:term":[{"taxonomy":"category","embeddable":true,"href":"https:\/\/www.europesays.com\/fr\/wp-json\/wp\/v2\/categories?post=437354"},{"taxonomy":"post_tag","embeddable":true,"href":"https:\/\/www.europesays.com\/fr\/wp-json\/wp\/v2\/tags?post=437354"}],"curies":[{"name":"wp","href":"https:\/\/api.w.org\/{rel}","templated":true}]}}