{"id":437362,"date":"2025-10-03T23:52:11","date_gmt":"2025-10-03T23:52:11","guid":{"rendered":"https:\/\/www.europesays.com\/fr\/437362\/"},"modified":"2025-10-03T23:52:11","modified_gmt":"2025-10-03T23:52:11","slug":"promesse-de-lecornu-sur-le-49-3-mort-dun-photographe-francais-en-ukraine-ultimatum-de-trump-au-hamas-lactu-de-ce-vendredi-3-octobre-liberation","status":"publish","type":"post","link":"https:\/\/www.europesays.com\/fr\/437362\/","title":{"rendered":"Promesse de Lecornu sur le 49-3, mort d\u2019un photographe fran\u00e7ais en Ukraine, ultimatum de Trump au Hamas\u2026 L\u2019actu de ce vendredi 3\u00a0octobre \u2013 Lib\u00e9ration"},"content":{"rendered":"<p class=\"sc-cPiKLX AiZTS text-element\">Chaque soir, la r\u00e9daction de Lib\u00e9 s\u00e9lectionne les actualit\u00e9s du jour qu\u2019il ne fallait pas rater en France et dans le reste du monde. <\/p>\n<p class=\"sc-cPiKLX AiZTS text-element\">Juste avant d\u2019entamer les derni\u00e8res consultations avec le Parti socialiste et les troupes de Marine Le Pen, S\u00e9bastien Lecornu <a href=\"https:\/\/www.liberation.fr\/politique\/sans-493-de-quels-outils-dispose-lecornu-pour-faire-adopter-son-budget-20251003_32AIJ6P7JBGUHGWGI6KRTHQVBU\/\" target=\"_blank\" rel=\"noopener\" title=\"https:\/\/www.liberation.fr\/politique\/sans-493-de-quels-outils-dispose-lecornu-pour-faire-adopter-son-budget-20251003_32AIJ6P7JBGUHGWGI6KRTHQVBU\/\">a annonc\u00e9 ce vendredi<\/a> qu\u2019il \u00abrenon\u00e7ait\u00bb \u00e0 utiliser l\u2019article 49.3 de la Constitution pour gouverner. Le Parti socialiste comme le Rassemblement national, qui d\u00e9tiennent les clefs de la survie du Premier ministre, <a href=\"https:\/\/www.liberation.fr\/politique\/493-le-coup-de-poker-de-lecornu-laisse-le-ps-sur-sa-faim-20251003_6OAH4VBL6JE6PCDRFXPU2TFPNQ\/\" target=\"_blank\" rel=\"noopener\" title=\"https:\/\/www.liberation.fr\/politique\/493-le-coup-de-poker-de-lecornu-laisse-le-ps-sur-sa-faim-20251003_6OAH4VBL6JE6PCDRFXPU2TFPNQ\/\">ont dit attendre sa d\u00e9claration de politique g\u00e9n\u00e9rale<\/a> pr\u00e9vu mardi 7 octobre dans l\u2019apr\u00e8s-midi, pour se d\u00e9cider. <\/p>\n<p class=\"sc-cPiKLX AiZTS text-element\">La marque de mode chic et urbaine IKKS <a href=\"https:\/\/www.liberation.fr\/economie\/social\/pret-a-porter-ikks-place-en-redressement-judiciaire-plus-de-1-000-emplois-menaces-20251003_GF2MHHADVBAQDH4JFFMEIXV62Q\/\" target=\"_blank\" rel=\"noopener\" title=\"https:\/\/www.liberation.fr\/economie\/social\/pret-a-porter-ikks-place-en-redressement-judiciaire-plus-de-1-000-emplois-menaces-20251003_GF2MHHADVBAQDH4JFFMEIXV62Q\/\">a \u00e9t\u00e9 plac\u00e9e en redressement judiciaire<\/a>, proc\u00e9dure qui menace les plus de 1 000 emplois du groupe, a appris ce vendredi 3 octobre l\u2019AFP aupr\u00e8s du tribunal des activit\u00e9s \u00e9conomiques de Paris, confirmant une information des <a href=\"https:\/\/www.lesechos.fr\/pme-regions\/pays-de-la-loire\/ikks-frappe-a-son-tour-par-la-crise-du-pret-a-porter-2189933\" target=\"_blank\" rel=\"noopener\" title=\"https:\/\/www.lesechos.fr\/pme-regions\/pays-de-la-loire\/ikks-frappe-a-son-tour-par-la-crise-du-pret-a-porter-2189933\">Echos.<\/a> L\u2019enseigne en cessation de paiements, d\u00e9j\u00e0 en difficult\u00e9 il y a quelques ann\u00e9es, avait obtenu en 2024 de ses cr\u00e9anciers, l\u2019abandon des dettes et de ses investisseurs l\u2019injection de liquidit\u00e9s. <\/p>\n<p class=\"sc-cPiKLX AiZTS text-element\">Le photographe fran\u00e7ais Antoni Lallican <a href=\"https:\/\/www.liberation.fr\/international\/europe\/guerre-en-ukraine-le-photographe-francais-antoni-lallican-tue-par-un-drone-20251003_O6PSYBZS7ZDRNHJ2SKEFQ3AAAU\/\" target=\"_blank\" rel=\"noopener\" title=\"https:\/\/www.liberation.fr\/international\/europe\/guerre-en-ukraine-le-photographe-francais-antoni-lallican-tue-par-un-drone-20251003_O6PSYBZS7ZDRNHJ2SKEFQ3AAAU\/\">a \u00e9t\u00e9 tu\u00e9 ce vendredi 3 octobre<\/a> par une frappe de drone FPV dans le Donbass, en Ukraine. La mort de ce reporter de 37 ans a \u00e9t\u00e9 confirm\u00e9e par l\u2019agence Hans Lucas, pour laquelle il travaillait, et par un communiqu\u00e9 commun de la F\u00e9d\u00e9ration internationale des journalistes (FIJ) et du Syndicat national des journalistes (SNJ). Son coll\u00e8gue ukrainien George Ivanchenko, \u00e2g\u00e9 de 25 ans, a \u00e9galement \u00e9t\u00e9 gri\u00e8vement bless\u00e9. Selon des journalistes fran\u00e7ais pr\u00e9sents sur place, il a \u00e9t\u00e9 op\u00e9r\u00e9 et son \u00e9tat s\u2019est stabilis\u00e9. <\/p>\n<p class=\"sc-cPiKLX AiZTS text-element\">Date limite : dimanche, 18 heures \u00e0 Washington (minuit \u00e0 Paris, 1 heure du matin lundi \u00e0 Gaza). Donald Trump a annonc\u00e9 <a href=\"https:\/\/www.liberation.fr\/international\/moyen-orient\/le-hamas-dit-avoir-encore-besoin-de-temps-pour-etudier-le-plan-trump-pour-gaza-20251003_62WMDAMPZZEEZPEHYQ2ATNBKDU\/\" target=\"_blank\" rel=\"noopener\" title=\"https:\/\/www.liberation.fr\/international\/moyen-orient\/le-hamas-dit-avoir-encore-besoin-de-temps-pour-etudier-le-plan-trump-pour-gaza-20251003_62WMDAMPZZEEZPEHYQ2ATNBKDU\/\">ce vendredi<\/a> qu\u2019il laissait encore deux jours au Hamas pour accepter<a href=\"https:\/\/www.liberation.fr\/international\/amerique\/sur-la-guerre-a-gaza-donald-trump-joue-les-garde-flous-20250930_V4SEB3DI2VB6ZIZLOVR5LPZKSA\/\" target=\"_blank\" rel=\"noopener\" title=\"https:\/\/www.liberation.fr\/international\/amerique\/sur-la-guerre-a-gaza-donald-trump-joue-les-garde-flous-20250930_V4SEB3DI2VB6ZIZLOVR5LPZKSA\/\"> le plan de paix<\/a> qu\u2019il a pr\u00e9sent\u00e9 en d\u00e9but de semaine en compagnie de Benyamin N\u00e9tanyahou, faute de quoi le groupe palestinien conna\u00eetra \u00abl\u2019enfer, comme personne ne l\u2019a jamais connu avant\u00bb. \u00abC\u2019est la derni\u00e8re chance\u00bb, a-t-il menac\u00e9. <\/p>\n<p class=\"sc-cPiKLX AiZTS text-element\">Des centaines de milliers de personnes ont manifest\u00e9 ce vendredi \u00e0 travers toute l\u2019Italie, \u00e0 l\u2019appel des principaux syndicats, pour <a href=\"https:\/\/www.liberation.fr\/international\/moyen-orient\/la-flottille-pour-gaza-sommee-de-changer-de-cap-se-dit-etre-encerclee-par-des-navires-de-guerre-israeliens-20251001_DPHQJ373WJGEJLFB4SSH4CLUSM\/\" target=\"_blank\" rel=\"noopener\" title=\"https:\/\/www.liberation.fr\/international\/moyen-orient\/la-flottille-pour-gaza-sommee-de-changer-de-cap-se-dit-etre-encerclee-par-des-navires-de-guerre-israeliens-20251001_DPHQJ373WJGEJLFB4SSH4CLUSM\/\">exprimer leur soutien \u00e0 la flottille humanitaire pour Gaza<\/a> et d\u00e9noncer l\u2019inertie du gouvernement de Giorgia Meloni face au si\u00e8ge du territoire palestinien. Selon la CGIL, principal syndicat italien et l\u2019un de ceux ayant appel\u00e9 \u00e0 la gr\u00e8ve g\u00e9n\u00e9rale, plus de deux millions de personnes ont particip\u00e9 au mouvement de protestation. <\/p>\n<p class=\"sc-cPiKLX AiZTS text-element\"><b>Nekfeu vis\u00e9 par une enqu\u00eate pour violences sexuelles, son ex-\u00e9pouse accuse : \u00abJ\u2019ai mis du temps avant de poser le mot \u201cviol\u201d\u00bb<\/b> <\/p>\n<p class=\"sc-cPiKLX AiZTS text-element\">La garde \u00e0 vue du rappeur s\u2019est termin\u00e9e mardi 30 septembre. Mais une enqu\u00eate pr\u00e9liminaire est toujours en cours, apr\u00e8s une plainte de son ancienne compagne, qui l\u2019accuse de viols conjugaux et violences physiques. De nombreux documents, que Lib\u00e9ration a pu consulter, ont \u00e9t\u00e9 transmis \u00e0 la justice, et t\u00e9moignent d\u2019une propension de Nekfeu \u00e0 s\u2019affranchir de son consentement sexuel. <a href=\"https:\/\/www.liberation.fr\/societe\/droits-des-femmes\/nekfeu-vise-par-une-enquete-pour-violences-sexuelles-son-ex-epouse-accuse-jai-mis-du-temps-avant-de-poser-le-mot-viol-20251003_5ZQPFMKPD5BSVDCO75F2TM3SVE\/\" target=\"_blank\" rel=\"noopener\" title=\"https:\/\/www.liberation.fr\/societe\/droits-des-femmes\/nekfeu-vise-par-une-enquete-pour-violences-sexuelles-son-ex-epouse-accuse-jai-mis-du-temps-avant-de-poser-le-mot-viol-20251003_5ZQPFMKPD5BSVDCO75F2TM3SVE\/\">Notre article.<\/a> <\/p>\n<p class=\"sc-cPiKLX AiZTS text-element\"><b>\u00abPrendre la mer\u00bb apr\u00e8s avoir \u00abpris la rue\u00bb : pour se rendre \u00e0 la COP30 \u00e0 Bel\u00e9m, Camille Etienne et cinq activistes embarquent en voilier<\/b> <\/p>\n<p class=\"sc-cPiKLX AiZTS text-element\">Pour faire entendre leur voix lors du sommet annuel de l\u2019ONU sur le climat, au Br\u00e9sil en novembre, des militantes \u00e9cologistes fran\u00e7aises et belges vont entamer mardi 7 octobre <a href=\"https:\/\/www.liberation.fr\/environnement\/climat\/prendre-la-mer-apres-avoir-pris-la-rue-pour-se-rendre-a-la-cop30-a-belem-camille-etienne-et-cinq-activistes-embarquent-en-voilier-20251003_WAHU66ZIORAJ7LWZ3PNAXFK7CA\/\" target=\"_blank\" rel=\"noopener\" title=\"https:\/\/www.liberation.fr\/environnement\/climat\/prendre-la-mer-apres-avoir-pris-la-rue-pour-se-rendre-a-la-cop30-a-belem-camille-etienne-et-cinq-activistes-embarquent-en-voilier-20251003_WAHU66ZIORAJ7LWZ3PNAXFK7CA\/\">un p\u00e9riple \u00e0 la voile de quarante jours<\/a>. <\/p>\n<p class=\"sc-cPiKLX AiZTS text-element\"><b>Indon\u00e9sie, Madagascar, Maroc, France\u2026 Pourquoi le drapeau pirate de \u00abOne Piece\u00bb est-il brandi lors des mouvements sociaux ?<\/b> <\/p>\n<p class=\"sc-cPiKLX AiZTS text-element\">Depuis la fin juillet, un m\u00eame drapeau pirate flotte dans les mobilisations populaires et les actions de jeunesse partout dans le monde. Avec son cr\u00e2ne au grand sourire coiff\u00e9 d\u2019un chapeau de paille, cet \u00e9tendard tir\u00e9 du manga One Piece est devenu un symbole de la r\u00e9volte contre les pouvoirs en place. <a href=\"https:\/\/www.liberation.fr\/international\/indonesie-madagascar-maroc-france-pourquoi-le-drapeau-pirate-de-one-piece-est-il-brandi-lors-des-mouvements-sociaux-20251003_WM336HCW7FARJJ5Q2JR4ADKI6U\/\" target=\"_blank\" rel=\"noopener\" title=\"https:\/\/www.liberation.fr\/international\/indonesie-madagascar-maroc-france-pourquoi-le-drapeau-pirate-de-one-piece-est-il-brandi-lors-des-mouvements-sociaux-20251003_WM336HCW7FARJJ5Q2JR4ADKI6U\/\">Explications<\/a>. <\/p>\n","protected":false},"excerpt":{"rendered":"Chaque soir, la r\u00e9daction de Lib\u00e9 s\u00e9lectionne les actualit\u00e9s du jour qu\u2019il ne fallait pas rater en France&hellip;\n","protected":false},"author":2,"featured_media":437363,"comment_status":"","ping_status":"","sticky":false,"template":"","format":"standard","meta":{"footnotes":""},"categories":[1590],"tags":[11,1777,674,12,4702,220],"class_list":{"0":"post-437362","1":"post","2":"type-post","3":"status-publish","4":"format-standard","5":"has-post-thumbnail","7":"category-ukraine","8":"tag-actualites","9":"tag-eu","10":"tag-europe","11":"tag-news","12":"tag-recap-actu","13":"tag-ukraine"},"share_on_mastodon":{"url":"https:\/\/pubeurope.com\/@fr\/115312927976828891","error":""},"_links":{"self":[{"href":"https:\/\/www.europesays.com\/fr\/wp-json\/wp\/v2\/posts\/437362","targetHints":{"allow":["GET"]}}],"collection":[{"href":"https:\/\/www.europesays.com\/fr\/wp-json\/wp\/v2\/posts"}],"about":[{"href":"https:\/\/www.europesays.com\/fr\/wp-json\/wp\/v2\/types\/post"}],"author":[{"embeddable":true,"href":"https:\/\/www.europesays.com\/fr\/wp-json\/wp\/v2\/users\/2"}],"replies":[{"embeddable":true,"href":"https:\/\/www.europesays.com\/fr\/wp-json\/wp\/v2\/comments?post=437362"}],"version-history":[{"count":0,"href":"https:\/\/www.europesays.com\/fr\/wp-json\/wp\/v2\/posts\/437362\/revisions"}],"wp:featuredmedia":[{"embeddable":true,"href":"https:\/\/www.europesays.com\/fr\/wp-json\/wp\/v2\/media\/437363"}],"wp:attachment":[{"href":"https:\/\/www.europesays.com\/fr\/wp-json\/wp\/v2\/media?parent=437362"}],"wp:term":[{"taxonomy":"category","embeddable":true,"href":"https:\/\/www.europesays.com\/fr\/wp-json\/wp\/v2\/categories?post=437362"},{"taxonomy":"post_tag","embeddable":true,"href":"https:\/\/www.europesays.com\/fr\/wp-json\/wp\/v2\/tags?post=437362"}],"curies":[{"name":"wp","href":"https:\/\/api.w.org\/{rel}","templated":true}]}}